{"id":5333,"date":"2021-10-12T03:12:45","date_gmt":"2021-10-12T01:12:45","guid":{"rendered":"http:\/\/www.infokuryr.cz\/n\/?p=5333"},"modified":"2021-10-12T03:12:45","modified_gmt":"2021-10-12T01:12:45","slug":"huxit-na-obzoru","status":"publish","type":"post","link":"https:\/\/www.infokuryr.cz\/n\/2021\/10\/12\/huxit-na-obzoru\/","title":{"rendered":"HUXIT na obzoru?"},"content":{"rendered":"<div id=\"fb-root\"><\/div>\n<p>V sobotu ma\u010farsk\u00fd ministersk\u00fd p\u0159edseda Viktor Orb\u00e1n podpo\u0159il stanovisko polsk\u00e9ho \u00dastavn\u00edho soudu o nad\u0159azenosti polsk\u00e9ho pr\u00e1va nad evropsk\u00fdm s t\u00edm, \u017ee EU nen\u00ed opr\u00e1vn\u011bna p\u0159ekra\u010dovat sv\u00e9 kompetence a vm\u011b\u0161ovat se do n\u00e1rodn\u00edch legislativ.<\/p>\n<p>N\u011bkte\u0159\u00ed \u0161karohl\u00eddi v EU u\u017e hovo\u0159\u00ed o nastoupen\u00e9m Huxitu. \u010cek\u00e1 se, jak se zachov\u00e1 zbytek V4 &#8211; \u010cR a SR. Progn\u00f3za: tradi\u010dn\u011b oportunisticky&#8230;<\/p>\n<p><a href=\"https:\/\/www.express.co.uk\/news\/world\/1503836\/Huxit-crisis-Hungary-exit-Poland-court-row-EU-latest-news-EVG\">ZDROJ<\/a><\/p>\n<p>&nbsp;<\/p>\n","protected":false},"excerpt":{"rendered":"<p>V sobotu ma\u010farsk\u00fd ministersk\u00fd p\u0159edseda Viktor Orb\u00e1n podpo\u0159il stanovisko polsk\u00e9ho \u00dastavn\u00edho soudu o nad\u0159azenosti polsk\u00e9ho&#8230;<\/p>\n","protected":false},"author":2,"featured_media":1927,"comment_status":"closed","ping_status":"closed","sticky":false,"template":"","format":"standard","meta":[],"categories":[7],"tags":[41,78,439,31],"_links":{"self":[{"href":"https:\/\/www.infokuryr.cz\/n\/wp-json\/wp\/v2\/posts\/5333"}],"collection":[{"href":"https:\/\/www.infokuryr.cz\/n\/wp-json\/wp\/v2\/posts"}],"about":[{"href":"https:\/\/www.infokuryr.cz\/n\/wp-json\/wp\/v2\/types\/post"}],"author":[{"embeddable":true,"href":"https:\/\/www.infokuryr.cz\/n\/wp-json\/wp\/v2\/users\/2"}],"replies":[{"embeddable":true,"href":"https:\/\/www.infokuryr.cz\/n\/wp-json\/wp\/v2\/comments?post=5333"}],"version-history":[{"count":0,"href":"https:\/\/www.infokuryr.cz\/n\/wp-json\/wp\/v2\/posts\/5333\/revisions"}],"wp:featuredmedia":[{"embeddable":true,"href":"https:\/\/www.infokuryr.cz\/n\/wp-json\/wp\/v2\/media\/1927"}],"wp:attachment":[{"href":"https:\/\/www.infokuryr.cz\/n\/wp-json\/wp\/v2\/media?parent=5333"}],"wp:term":[{"taxonomy":"category","embeddable":true,"href":"https:\/\/www.infokuryr.cz\/n\/wp-json\/wp\/v2\/categories?post=5333"},{"taxonomy":"post_tag","embeddable":true,"href":"https:\/\/www.infokuryr.cz\/n\/wp-json\/wp\/v2\/tags?post=5333"}],"curies":[{"name":"wp","href":"https:\/\/api.w.org\/{rel}","templated":true}]}}