{"id":53323,"date":"2024-05-09T12:36:46","date_gmt":"2024-05-09T10:36:46","guid":{"rendered":"https:\/\/www.infokuryr.cz\/n\/?p=53323"},"modified":"2024-05-09T12:36:46","modified_gmt":"2024-05-09T10:36:46","slug":"jiri-vyvadil-konecne-hitlerovo-nemecko-zvitezilo","status":"publish","type":"post","link":"https:\/\/www.infokuryr.cz\/n\/2024\/05\/09\/jiri-vyvadil-konecne-hitlerovo-nemecko-zvitezilo\/","title":{"rendered":"Ji\u0159\u00ed Vyvadil: Kone\u010dn\u011b Hitlerovo N\u011bmecko zv\u00edt\u011bzilo"},"content":{"rendered":"<div id=\"fb-root\"><\/div>\n<p><span style=\"font-size: 14pt;\"><strong>Goebbels by nad slovy Petra Pavla plakal zadostiu\u010din\u011bn\u00edm.<\/strong><\/span><\/p>\n<p>Kdyby Joseph Goebbels \u017eil, musel by nad sou\u010dasn\u00fdmi v\u00fdroky \u010desk\u00e9ho prezidenta plakat \u0161t\u011bst\u00edm. Petr Pavel dnes u p\u0159\u00edle\u017eitosti v\u00fdro\u010d\u00ed osvobozen\u00ed a ned\u00e1 mi to, abych provokativn\u011b nedodal: \u2026 Sov\u011btskou arm\u00e1dou, kdy\u017e podle sou\u010dasn\u00e9ho v\u00fdkladu n\u00e1s v podstat\u011b osvobodili jenom Ameri\u010dan\u00e9 a spol. A p\u0159\u00ed\u0161t\u00ed rok to z\u0159ejm\u011b budou u\u017e p\u0159\u00edmo N\u011bmci.<\/p>\n<p>N\u011bco m\u016f\u017ee b\u00fdt sm\u011b\u0161n\u00e9 a trapn\u00e9, kdy\u017e zcela zapom\u00edn\u00e1me na 150 tis\u00edc voj\u00e1k\u016f Rud\u00e9 arm\u00e1dy, ale Petr Pavel se dostal na samotn\u00e9 dno, kdy\u017e pravil : Rusko rozpoutalo v\u00e1lku, kter\u00e1 si ni\u010divost\u00ed nijak nezad\u00e1 s druhou sv\u011btovou.<\/p>\n<p><a href=\"https:\/\/stranapro.cz\/\"><img decoding=\"async\" loading=\"lazy\" class=\"wp-image-40285 aligncenter\" src=\"http:\/\/www.infokuryr.cz\/n\/wp-content\/uploads\/2023\/11\/11pro-300x79.png\" alt=\"\" width=\"596\" height=\"157\" srcset=\"https:\/\/www.infokuryr.cz\/n\/wp-content\/uploads\/2023\/11\/11pro-300x79.png 300w, https:\/\/www.infokuryr.cz\/n\/wp-content\/uploads\/2023\/11\/11pro.png 363w\" sizes=\"(max-width: 596px) 100vw, 596px\" \/><\/a><\/p>\n<p>Petr Pavel, kter\u00fd m\u00e1 mimo\u0159\u00e1dn\u011b vyvinut\u00fd smysl pro politick\u00e9 hosch\u0161taplerstv\u00ed, v\u017edy\u0165 kdysi byl v socialistick\u00e9 arm\u00e1d\u011b p\u0159edsedou ZO KS\u010c \u00fatvarov\u00e9 organizace a srdnat\u011b bojoval proti americk\u00e9mu imperialismu, aby nyn\u00ed postavil Rusko na \u00farove\u0148 nacistick\u00e9ho N\u011bmecka.<\/p>\n<p>Tu\u0161\u00edm, \u017ee je jedin\u00fdm na sv\u011bt\u011b.<\/p>\n<p>Nejhor\u0161\u00ed na tom je, \u017ee nen\u00ed zase z vojensk\u00e9ho hlediska n\u011bjak\u00fd v\u016fl a v\u00ed, \u017ee Ukrajina prohr\u00e1v\u00e1 a hlavn\u011b logicky i prohraje a Rusko vyhraje. Konec konc\u016f to i vyj\u00e1d\u0159il ve sv\u00e9m projevu na V\u00edtkov\u011b.<\/p>\n<p>Pavel je podobn\u00e1 mor\u00e1ln\u00ed zr\u016fda jako protektor\u00e1tn\u00ed ministr sv\u011bty Moravec, kter\u00fd byl nejprve podporovatelem prvorepublikov\u00e9 Masarykovy a Bene\u0161ovy republiky, aby n\u00e1sledn\u011b doslova ze dne na den za\u010dal organizovat podporu Hitlerovi.<\/p>\n<p>Tento \u010dlov\u011bk nesm\u00ed obh\u00e1jit prezidentskou funkci na dal\u0161\u00ed obdob\u00ed.<\/p>\n<p><a href=\"https:\/\/vasevec.info\/domaci-politika\/konecne-hitlerovo-nemecko-zvitezilo\">Ji\u0159\u00ed Vyvadil<\/a><\/p>\n<p><img decoding=\"async\" loading=\"lazy\" class=\"alignnone size-medium wp-image-16474\" src=\"http:\/\/www.infokuryr.cz\/n\/wp-content\/uploads\/2022\/10\/jiri-vyvadil-300x200.jpg\" alt=\"\" width=\"300\" height=\"200\" srcset=\"https:\/\/www.infokuryr.cz\/n\/wp-content\/uploads\/2022\/10\/jiri-vyvadil-300x200.jpg 300w, https:\/\/www.infokuryr.cz\/n\/wp-content\/uploads\/2022\/10\/jiri-vyvadil-768x512.jpg 768w, https:\/\/www.infokuryr.cz\/n\/wp-content\/uploads\/2022\/10\/jiri-vyvadil.jpg 800w\" sizes=\"(max-width: 300px) 100vw, 300px\" \/><\/p>\n<p>&nbsp;<\/p>\n","protected":false},"excerpt":{"rendered":"<p>Goebbels by nad slovy Petra Pavla plakal zadostiu\u010din\u011bn\u00edm. Kdyby Joseph Goebbels \u017eil, musel by nad&#8230;<\/p>\n","protected":false},"author":2,"featured_media":22065,"comment_status":"closed","ping_status":"closed","sticky":false,"template":"","format":"standard","meta":[],"categories":[6],"tags":[1503,429,1173,40],"_links":{"self":[{"href":"https:\/\/www.infokuryr.cz\/n\/wp-json\/wp\/v2\/posts\/53323"}],"collection":[{"href":"https:\/\/www.infokuryr.cz\/n\/wp-json\/wp\/v2\/posts"}],"about":[{"href":"https:\/\/www.infokuryr.cz\/n\/wp-json\/wp\/v2\/types\/post"}],"author":[{"embeddable":true,"href":"https:\/\/www.infokuryr.cz\/n\/wp-json\/wp\/v2\/users\/2"}],"replies":[{"embeddable":true,"href":"https:\/\/www.infokuryr.cz\/n\/wp-json\/wp\/v2\/comments?post=53323"}],"version-history":[{"count":0,"href":"https:\/\/www.infokuryr.cz\/n\/wp-json\/wp\/v2\/posts\/53323\/revisions"}],"wp:featuredmedia":[{"embeddable":true,"href":"https:\/\/www.infokuryr.cz\/n\/wp-json\/wp\/v2\/media\/22065"}],"wp:attachment":[{"href":"https:\/\/www.infokuryr.cz\/n\/wp-json\/wp\/v2\/media?parent=53323"}],"wp:term":[{"taxonomy":"category","embeddable":true,"href":"https:\/\/www.infokuryr.cz\/n\/wp-json\/wp\/v2\/categories?post=53323"},{"taxonomy":"post_tag","embeddable":true,"href":"https:\/\/www.infokuryr.cz\/n\/wp-json\/wp\/v2\/tags?post=53323"}],"curies":[{"name":"wp","href":"https:\/\/api.w.org\/{rel}","templated":true}]}}