{"id":5332,"date":"2021-10-12T03:10:05","date_gmt":"2021-10-12T01:10:05","guid":{"rendered":"http:\/\/www.infokuryr.cz\/n\/?p=5332"},"modified":"2021-10-12T03:10:05","modified_gmt":"2021-10-12T01:10:05","slug":"zapadni-zeme-se-postavily-za-eu-proti-polsku-a-madarsku-zbytek-v4-ani-neduta","status":"publish","type":"post","link":"https:\/\/www.infokuryr.cz\/n\/2021\/10\/12\/zapadni-zeme-se-postavily-za-eu-proti-polsku-a-madarsku-zbytek-v4-ani-neduta\/","title":{"rendered":"Z\u00e1padn\u00ed zem\u011b se postavily za EU proti Polsku a Ma\u010farsku. Zbytek V4 ani nedut\u00e1"},"content":{"rendered":"<div id=\"fb-root\"><\/div>\n<p>Z\u00e1padn\u00ed zem\u011b se postavily za EU proti Polsku a Ma\u010farsku. Zbytek V4 ani nedut\u00e1. N\u011bmecko, Francie, \u0160v\u00e9dsko, \u0160pan\u011blsko, D\u00e1nsko, Irsko, Lucembursko, Belgie, Nizozem\u00ed a Finsko se postavily za EU proti odp\u00edraj\u00edc\u00edmu Polsku podpo\u0159en\u00fdm nem\u00e9n\u011b patriotistick\u00fdm Ma\u010farskem. Podobn\u011b jako USA na Kubu, chce EU se z\u00e1padn\u00edmi zem\u011bmi za z\u00e1dy uvrhnout ekonomickou blok\u00e1du na Polsko a Ma\u010farsko a dal\u0161\u00ed zem\u011b, kter\u00e9 se jich opov\u00e1\u017e\u00ed zastat.<\/p>\n<p>Co ud\u011bl\u00e1 \u010cesko a Slovensko, a v\u016fbec v\u00fdchodn\u00ed zem\u011b? Kam se v t\u00e9to situaci za\u0159ad\u00ed do d\u011bjin? Autorit\u00e1rizmu nebo svobody a svrchovanosti? Te\u010f mus\u00ed uk\u00e1zat barvu. A to moc dob\u0159e. Lid\u00e9 poznaj\u00ed, koho si zvolili&#8230;<\/p>\n<p><a href=\"https:\/\/www.7sur7.be\/monde\/dix-pays-dont-la-belgique-soutiennent-l-ue-face-a-la-pologne-et-la-hongrie~af636514\/\">ZDROJ<\/a><\/p>\n<p>&nbsp;<\/p>\n","protected":false},"excerpt":{"rendered":"<p>Z\u00e1padn\u00ed zem\u011b se postavily za EU proti Polsku a Ma\u010farsku. Zbytek V4 ani nedut\u00e1. N\u011bmecko,&#8230;<\/p>\n","protected":false},"author":2,"featured_media":1468,"comment_status":"closed","ping_status":"closed","sticky":false,"template":"","format":"standard","meta":[],"categories":[7],"tags":[41,860],"_links":{"self":[{"href":"https:\/\/www.infokuryr.cz\/n\/wp-json\/wp\/v2\/posts\/5332"}],"collection":[{"href":"https:\/\/www.infokuryr.cz\/n\/wp-json\/wp\/v2\/posts"}],"about":[{"href":"https:\/\/www.infokuryr.cz\/n\/wp-json\/wp\/v2\/types\/post"}],"author":[{"embeddable":true,"href":"https:\/\/www.infokuryr.cz\/n\/wp-json\/wp\/v2\/users\/2"}],"replies":[{"embeddable":true,"href":"https:\/\/www.infokuryr.cz\/n\/wp-json\/wp\/v2\/comments?post=5332"}],"version-history":[{"count":0,"href":"https:\/\/www.infokuryr.cz\/n\/wp-json\/wp\/v2\/posts\/5332\/revisions"}],"wp:featuredmedia":[{"embeddable":true,"href":"https:\/\/www.infokuryr.cz\/n\/wp-json\/wp\/v2\/media\/1468"}],"wp:attachment":[{"href":"https:\/\/www.infokuryr.cz\/n\/wp-json\/wp\/v2\/media?parent=5332"}],"wp:term":[{"taxonomy":"category","embeddable":true,"href":"https:\/\/www.infokuryr.cz\/n\/wp-json\/wp\/v2\/categories?post=5332"},{"taxonomy":"post_tag","embeddable":true,"href":"https:\/\/www.infokuryr.cz\/n\/wp-json\/wp\/v2\/tags?post=5332"}],"curies":[{"name":"wp","href":"https:\/\/api.w.org\/{rel}","templated":true}]}}