{"id":53300,"date":"2024-05-09T00:30:55","date_gmt":"2024-05-08T22:30:55","guid":{"rendered":"https:\/\/www.infokuryr.cz\/n\/?p=53300"},"modified":"2024-05-09T05:26:58","modified_gmt":"2024-05-09T03:26:58","slug":"jindrich-kulhavy-8-kvetna-2024","status":"publish","type":"post","link":"https:\/\/www.infokuryr.cz\/n\/2024\/05\/09\/jindrich-kulhavy-8-kvetna-2024\/","title":{"rendered":"Jind\u0159ich Kulhav\u00fd: 8.kv\u011btna 2024"},"content":{"rendered":"<div id=\"fb-root\"><\/div>\n<p><span class=\"anotation\">Dnes si p\u0159ipom\u00edn\u00e1me por\u00e1\u017eku nacismu a fa\u0161ismu, z\u00e1rove\u0148 konec 2.sv\u011btov\u00e9 v\u00e1lky. Zat\u00edmco v\u00a0Evrop\u011b se od t\u00e9 doby s\u00a0v\u00fdjimkou rozpadu Jugosl\u00e1vie napaden\u00ed Srbska Ameri\u010dany na konci minul\u00e9ho tis\u00edcilet\u00ed nev\u00e1l\u010dilo, pak nacismus se vr\u00e1til v\u00a0ne\u010dekan\u00e9 podob\u011b p\u0159edev\u0161\u00edm t\u00edm, \u017ee se ve velk\u00e9 m\u00ed\u0159e projevuje v\u00a0\u0159ad\u00e1ch ob\u010dan\u016f b\u00fdval\u00e9 sou\u010d\u00e1sti Sov\u011btsk\u00e9ho svazu. Ano, na Ukrajin\u011b m\u00e1 nacismus svou historii, ov\u0161em jen m\u00e1lokdo o\u010dek\u00e1val, \u017ee se tamn\u00ed tradice dok\u00e1\u017ee st\u00e1t st\u00e1tn\u00ed doktr\u00ednou podporovanou Z\u00e1padem.<\/span><\/p>\n<div id=\"pagetext\">\n<p>\u00a0 Je smutn\u00e9, \u017ee se nacionalist\u00e9 z\u00a0Azovsk\u00e9ho pluku a Prav\u00e9ho sektoru stali pro \u010d\u00e1st Ukrajinc\u016f hrdiny a spole\u010dn\u011b s\u00a0ukrajinskou arm\u00e1dou stoj\u00ed proti t\u00e9, kter\u00e9 v\u00a0kv\u011btnu 1945 ukon\u010dila Hitlerovo ta\u017een\u00ed Evropou a Afrikou. A paradoxem z\u016fst\u00e1v\u00e1 i to, \u017ee b\u00fdval\u00ed spojenci Sov\u011btsk\u00e9ho svazu nyn\u00ed vyzbrojuj\u00ed nep\u0159\u00edtele n\u00e1stupce Rud\u00e9 arm\u00e1dy. Britov\u00e9 dokonce dodali rakety dostate\u010dn\u011b dlouh\u00e9ho doletu k\u00a0zasa\u017een\u00ed rusk\u00e9ho \u00fazem\u00ed s\u00a0dodatkem, \u017ee je Ukrajina m\u016f\u017ee za\u010d\u00edt pou\u017e\u00edvat k\u00a0ohro\u017een\u00ed rusk\u00e9ho svrchovan\u00e9ho \u00fazem\u00ed. N\u00e1sledovala protestn\u00ed n\u00f3ta z\u00a0Moskvy dopln\u011bn\u00e1 varov\u00e1n\u00edm p\u0159ed okam\u017eitou reakc\u00ed zam\u011b\u0159enou na vojensk\u00e9 z\u00e1kladny dodavatele zbran\u00ed, dojde li k\u00a0pou\u017eit\u00ed britsk\u00fdch raket proti Rus\u016fm za hranicemi lokace sou\u010dasn\u00e9ho konfliktu. P\u0159id\u00e1me li vlakov\u00e9 konvoje s\u00a0vojenskou technikou sm\u011b\u0159uj\u00edc\u00ed z\u00a0Evropy p\u0159es rumunsk\u00e9 a polsk\u00e9 hranice na Ukrajinu, mus\u00edme konstatovat, \u017ee jsme skute\u010dn\u011b na pokraji 3.sv\u011btov\u00e9 v\u00e1lky.<\/p>\n<p><a href=\"https:\/\/stranapro.cz\/\"><img decoding=\"async\" loading=\"lazy\" class=\"alignnone  wp-image-40285 aligncenter\" src=\"http:\/\/www.infokuryr.cz\/n\/wp-content\/uploads\/2023\/11\/11pro-300x79.png\" alt=\"\" width=\"642\" height=\"169\" srcset=\"https:\/\/www.infokuryr.cz\/n\/wp-content\/uploads\/2023\/11\/11pro-300x79.png 300w, https:\/\/www.infokuryr.cz\/n\/wp-content\/uploads\/2023\/11\/11pro.png 363w\" sizes=\"(max-width: 642px) 100vw, 642px\" \/><\/a><\/p>\n<p>Nad\u0161en\u00ed pro jej\u00ed za\u010d\u00e1tek s\u00a0na\u0161imi politiky nesd\u00edl\u00edme. Jejich optimismus tak\u00e9 ne a na odstra\u0148ov\u00e1n\u00ed pam\u00e1tn\u00edk\u016f v\u011bnovan\u00fdm hrdin\u016fm 2.sv\u011btov\u00e9 v\u00e1lky hled\u00ed v\u011bt\u0161ina \u010cech\u016f s\u00a0despektem. S\u00edla rusk\u00fdch zbran\u00ed m\u016f\u017ee b\u00fdt d\u016fvodem k\u00a0diskuz\u00edm, nicm\u00e9n\u011b je jist\u00e9, \u017ee jadern\u00e9 zbran\u011b m\u00e1 Rusko mo\u017en\u00e1 na sv\u011bt\u011b nej\u00fa\u010dinn\u011bj\u0161\u00ed a jejich vyu\u017eit\u00ed nejpropracovan\u011bj\u0161\u00ed. Stejn\u011b m\u016f\u017eeme hovo\u0159it o jejich nosi\u010d\u00edch schopn\u00fdch z\u00e1m\u011bny hlavic s\u00a0r\u016fzn\u00fdm vybaven\u00edm. Nav\u00edc historicky Rusov\u00e9 v\u00e1lky neprohr\u00e1vaj\u00ed a maj\u00ed solidn\u00ed z\u00e1zem\u00ed Z\u00e1padem sice p\u0159edur\u010den\u00e9 k\u00a0rozd\u011blen\u00ed si mezi vlastn\u00ed \u010dleny, ov\u0161em to a\u017e pot\u00e9, kdy by s\u00a0t\u00edm Moskva musela souhlasit. A v\u011b\u0159te, to se nikdy nestane. Stejn\u011b, jako to, \u017ee by \u010ce\u0161i \u0161li proti Rus\u016fm dobrovoln\u011b do v\u00e1lky. My\u0161len cel\u00fd n\u00e1rod, ne p\u00e1r po\u0161uk\u016f, naivn\u00edch a zmanipulovan\u00fdch jednotlivc\u016f \u010di vl\u00e1dn\u00edch politik\u016f.<\/p>\n<p>Dnes se v\u0161ak v\u011bnujme sp\u00ed\u0161e osv\u011bt\u011b a ml\u00e1de\u017ei p\u0159ipome\u0148me, \u017ee to byli p\u0159edev\u0161\u00edm Sov\u011bti, pota\u017emo Rusov\u00e9, kdo zvr\u00e1til v\u00fdvoj 2.sv\u011btov\u00e9 v\u00e1lky. Za cenu 20 milion\u016f lidsk\u00fdch \u017eivot\u016f z\u00a0vlastn\u00edch \u0159ad vytla\u010dila Rud\u00e1 arm\u00e1da N\u011bmce, nacisty a fa\u0161isty z\u00a0V\u00fdchodn\u00ed a St\u0159edn\u00ed Evropy, zat\u00edmco z\u00a0druh\u00e9 strany se k\u00a0demarka\u010dn\u00ed \u010d\u00e1\u0159e p\u0159ibl\u00ed\u017eili p\u0159edev\u0161\u00edm Ameri\u010dan\u00e9. Nacismus byl na p\u00e1r des\u00edtek let potla\u010den, p\u0159e\u017eiv\u0161\u00ed v\u011bz\u0148ov\u00e9 z\u00a0koncentra\u010dn\u00edch t\u00e1bor\u016f osvobozeni a mohly za\u010d\u00edt novodob\u00e9 evropsk\u00e9 d\u011bjiny. \u017de je liber\u00e1lov\u00e9 dok\u00e1zali tak rychle ovlivnit a vedou Evropu do dal\u0161\u00ed v\u00e1lky, je jen smutn\u00fd d\u016fsledek naivity Rus\u016f a d\u016fv\u011bry poskytnut\u00e9 Z\u00e1padu po ukon\u010den\u00ed socialistick\u00e9ho experimentu ve St\u0159edn\u00ed Evrop\u011b. Nicm\u00e9n\u011b se Rusko vr\u00e1tilo zp\u011bt, je siln\u00e9 a bud\u00ed respekt,. Kter\u00fd m\u016f\u017ee zajistit sv\u011btovou rovnov\u00e1hu.<\/p>\n<p>D\u011bkujeme t\u00edmto ka\u017ed\u00e9mu sov\u011btsk\u00e9mu, ale i americk\u00e9mu \u010di jin\u00e9mu voj\u00e1kovi, kte\u0159\u00ed se pod\u00edleli na por\u00e1\u017ece nacismu za 2.sv\u011btov\u00e9 v\u00e1lky. A stejn\u011b tak i t\u011bm, kte\u0159\u00ed s\u00a0t\u00edmto z\u00e1porn\u00fdm fenom\u00e9nem bojuje i nyn\u00ed. Na\u0161e speci\u00e1ln\u00ed pod\u011bkov\u00e1n\u00ed m\u00ed\u0159\u00ed do Moskvy, kter\u00e1 u\u017e p\u0159ed sv\u00fdmi branami fa\u0161isty porazila.<\/p>\n<p><a href=\"https:\/\/www.inadhled.live\/zajimavosti\/8-kvetna-2024\/\">Jind\u0159ich Kulhav\u00fd<\/a><\/p>\n<p><img decoding=\"async\" loading=\"lazy\" class=\"alignnone size-full wp-image-48136\" src=\"http:\/\/www.infokuryr.cz\/n\/wp-content\/uploads\/2024\/02\/kulhavy-jindrich.jpg\" alt=\"\" width=\"219\" height=\"221\" srcset=\"https:\/\/www.infokuryr.cz\/n\/wp-content\/uploads\/2024\/02\/kulhavy-jindrich.jpg 219w, https:\/\/www.infokuryr.cz\/n\/wp-content\/uploads\/2024\/02\/kulhavy-jindrich-150x150.jpg 150w\" sizes=\"(max-width: 219px) 100vw, 219px\" \/><\/p>\n<p>&nbsp;<\/p>\n<\/div>\n","protected":false},"excerpt":{"rendered":"<p>Dnes si p\u0159ipom\u00edn\u00e1me por\u00e1\u017eku nacismu a fa\u0161ismu, z\u00e1rove\u0148 konec 2.sv\u011btov\u00e9 v\u00e1lky. Zat\u00edmco v\u00a0Evrop\u011b se od&#8230;<\/p>\n","protected":false},"author":2,"featured_media":53301,"comment_status":"closed","ping_status":"closed","sticky":false,"template":"","format":"standard","meta":[],"categories":[6],"tags":[1503,2308,565,230],"_links":{"self":[{"href":"https:\/\/www.infokuryr.cz\/n\/wp-json\/wp\/v2\/posts\/53300"}],"collection":[{"href":"https:\/\/www.infokuryr.cz\/n\/wp-json\/wp\/v2\/posts"}],"about":[{"href":"https:\/\/www.infokuryr.cz\/n\/wp-json\/wp\/v2\/types\/post"}],"author":[{"embeddable":true,"href":"https:\/\/www.infokuryr.cz\/n\/wp-json\/wp\/v2\/users\/2"}],"replies":[{"embeddable":true,"href":"https:\/\/www.infokuryr.cz\/n\/wp-json\/wp\/v2\/comments?post=53300"}],"version-history":[{"count":0,"href":"https:\/\/www.infokuryr.cz\/n\/wp-json\/wp\/v2\/posts\/53300\/revisions"}],"wp:featuredmedia":[{"embeddable":true,"href":"https:\/\/www.infokuryr.cz\/n\/wp-json\/wp\/v2\/media\/53301"}],"wp:attachment":[{"href":"https:\/\/www.infokuryr.cz\/n\/wp-json\/wp\/v2\/media?parent=53300"}],"wp:term":[{"taxonomy":"category","embeddable":true,"href":"https:\/\/www.infokuryr.cz\/n\/wp-json\/wp\/v2\/categories?post=53300"},{"taxonomy":"post_tag","embeddable":true,"href":"https:\/\/www.infokuryr.cz\/n\/wp-json\/wp\/v2\/tags?post=53300"}],"curies":[{"name":"wp","href":"https:\/\/api.w.org\/{rel}","templated":true}]}}