{"id":5327,"date":"2021-10-12T02:56:21","date_gmt":"2021-10-12T00:56:21","guid":{"rendered":"http:\/\/www.infokuryr.cz\/n\/?p=5327"},"modified":"2021-10-12T02:56:21","modified_gmt":"2021-10-12T00:56:21","slug":"putin-merkelova-a-macron-projednali-situaci-na-donbase","status":"publish","type":"post","link":"https:\/\/www.infokuryr.cz\/n\/2021\/10\/12\/putin-merkelova-a-macron-projednali-situaci-na-donbase\/","title":{"rendered":"Putin, Merkelov\u00e1 a Macron projednali situaci na Donbase"},"content":{"rendered":"<div id=\"fb-root\"><\/div>\n<p><strong>Ukrajinsk\u00fd prezident Volodymyr Zelenskyj uvedl, \u017ee jednal s francouzsk\u00fdm prezidentem Emmanuelem Macronem a n\u011bmeckou kancl\u00e9\u0159kou Angelou Merkelovou o p\u0159\u00edprav\u011b summitu v takzvan\u00e9m normandsk\u00e9m form\u00e1tu.<\/strong><\/p>\n<p>\u201eM\u011bl jsem d\u016fle\u017eit\u00fd rozhovor s Angelou Merkelovou a Emmanuelem Macronem o zintenzivn\u011bn\u00ed jedn\u00e1n\u00ed o ukon\u010den\u00ed v\u00e1lky na Donbasu a o p\u0159\u00edprav\u011b summitu N4 (normandsk\u00e9 \u010dty\u0159ky; pozn. red.).\u00a0Ukrajina, Francie a N\u011bmecko jsou pro dosa\u017een\u00ed dohody o smluven\u00fdch kroc\u00edch, kter\u00e9 mohou zajistit m\u00edr,\u201c napsal ukrajinsk\u00fd prezident na Twitteru.<\/p>\n<p>\u00da\u010dastn\u00edci zased\u00e1n\u00ed konstatovali, \u017ee je d\u016fle\u017eit\u00e9, aby strany dodr\u017eovaly z\u00e1vazky p\u0159ijat\u00e9 v Pa\u0159\u00ed\u017ei v prosinci 2019, a dohodlo se, \u017ee je t\u0159eba podrobn\u011b projednat stav jejich pln\u011bn\u00ed na p\u0159\u00ed\u0161t\u00edm summitu\u00a0<strong>normandsk\u00e9 \u010dty\u0159ky<\/strong>. N\u011bmeck\u00e1 kancl\u00e9\u0159ka Angela Merkelov\u00e1 a francouzsk\u00fd prezident Emmanuel Macron sl\u00edbili, \u017ee tyto ot\u00e1zky otev\u0159ou b\u011bhem rozhovoru s rusk\u00fdm prezidentem Vladimirem Putinem, uvedla ukrajinsk\u00e1 prezidentsk\u00e1 kancel\u00e1\u0159 na sv\u00fdch webov\u00fdch str\u00e1nk\u00e1ch.<\/p>\n<p>Jak up\u0159esnila tiskov\u00e1 slu\u017eba, strany poznamenaly, \u017ee od tohoto summitu o\u010dek\u00e1vaj\u00ed \u201ekonstruktivn\u00ed dohodu o smluven\u00fdch kroc\u00edch, kter\u00e9 mohou zajistit nastolen\u00ed udr\u017eiteln\u00e9ho\u00a0m\u00edru na Donbasu\u201c. T\u0159i vedouc\u00ed p\u0159edstavitel\u00e9 jednali o n\u00e1vrz\u00edch dohod, \u201ekter\u00e9 by mohly b\u00fdt projedn\u00e1ny na summitu v normandsk\u00e9m form\u00e1tu\u201c.<\/p>\n<p>Krom\u011b toho ukrajinsk\u00fd prezident informoval sv\u00e9 partnery o bezpe\u010dnostn\u00ed situaci na v\u00fdchod\u011b zem\u011b a o \u00fasil\u00ed, kter\u00e9 ukrajinsk\u00e1 strana vynakl\u00e1d\u00e1 na dosa\u017een\u00ed m\u00edru. Vedouc\u00ed p\u0159edstavitel\u00e9 N\u011bmecka a Francie uv\u00edtali \u201ev\u00fdznamn\u00e9 praktick\u00e9 kroky ukrajinsk\u00e9 strany k urovn\u00e1n\u00ed konfliktu\u201c. Ujistili, \u017ee jejich st\u00e1ty \u201ebudou i nad\u00e1le vyv\u00edjet ve\u0161ker\u00e9 pot\u0159ebn\u00e9 \u00fasil\u00ed o m\u00edrov\u00e9 urovn\u00e1n\u00ed v Donbasu\u201c.<\/p>\n<p>Prezident\u00a0k p\u0159\u00edsp\u011bvku p\u0159idal tak\u00e9 fotografii, kter\u00e1 ukazuje, \u017ee jedn\u00e1n\u00ed prob\u00edhala formou videokonference.<\/p>\n<p>O znepokojiv\u00e9 situaci v souvislosti s pr\u016ftahy \u0159e\u0161en\u00ed vnit\u0159n\u00edho ukrajinsk\u00e9ho konfliktu hovo\u0159il i\u00a0rusk\u00fd prezident\u00a0Vladimir Putin, n\u011bmeck\u00e1 kancl\u00e9\u0159ka Angela Merkelov\u00e1 a francouzsk\u00fd prezident Emmanuel Macron, uvedla tiskov\u00e1 slu\u017eba rusk\u00e9ho prezidenta.<\/p>\n<p>\u201eDlouze diskutovali o znepokojiv\u00e9 situaci zp\u016fsoben\u00e9 pr\u016ftahy v procesu \u0159e\u0161en\u00ed vnit\u0159n\u00edho ukrajinsk\u00e9ho konfliktu. T\u0159i vedouc\u00ed p\u0159edstavitel\u00e9 zd\u016fraznili, \u017ee je d\u016fle\u017eit\u00e9 prov\u00e1d\u011bt dohody z Minsku z roku 2015, kter\u00e9 jsou z\u00e1kladem pro urovn\u00e1n\u00ed bez alternativy. Byl rovn\u011b\u017e zd\u016frazn\u011bn z\u00e1jem na dal\u0161\u00ed koordinaci \u00fasil\u00ed Ruska, N\u011bmecka a Francie v normandsk\u00e9m form\u00e1tu,\u201c uv\u00e1d\u00ed se v prohl\u00e1\u0161en\u00ed.<\/p>\n<p>Takzvan\u00fd normandsk\u00fd form\u00e1t jedn\u00e1n\u00ed o Ukrajin\u011b existuje od \u010dervna 2014. Tehdy, b\u011bhem oslav 70. v\u00fdro\u010d\u00ed vylod\u011bn\u00ed spojenc\u016f v Normandii, p\u0159edstavitel\u00e9 N\u011bmecka, Ruska, Ukrajiny a Francie poprv\u00e9 jednali o urovn\u00e1n\u00ed konfliktu na Donbase. P\u0159edchoz\u00ed summit se konal 9. prosince 2019 v Pa\u0159\u00ed\u017ei. V posledn\u00ed dob\u011b strany na r\u016fzn\u00fdch \u00farovn\u00edch diskutuj\u00ed o mo\u017enostech vz\u00e1jemn\u00e9 spolupr\u00e1ce v tomto form\u00e1tu. Kreml se domn\u00edv\u00e1, \u017ee summit v\u00a0normandsk\u00e9m form\u00e1tu\u00a0by byl dobr\u00fd, ale mus\u00ed b\u00fdt p\u0159ipraven. Mluv\u010d\u00ed rusk\u00e9ho prezidenta Dmitrij Peskov ji\u017e d\u0159\u00edve uvedl, \u017ee existuje riziko, \u017ee se summit v normandsk\u00e9m form\u00e1tu za odch\u00e1zej\u00edc\u00ed n\u011bmeck\u00e9 kancl\u00e9\u0159ky Merkelov\u00e9 nestihne uskute\u010dnit.<\/p>\n<p><a href=\"https:\/\/cz.sputniknews.com\/20211011\/putin-merkelova-a-macron-projednali-situaci-na-donbase-16133489.html\">ZDROJ<\/a><\/p>\n<p>&nbsp;<\/p>\n","protected":false},"excerpt":{"rendered":"<p>Ukrajinsk\u00fd prezident Volodymyr Zelenskyj uvedl, \u017ee jednal s francouzsk\u00fdm prezidentem Emmanuelem Macronem a n\u011bmeckou kancl\u00e9\u0159kou&#8230;<\/p>\n","protected":false},"author":2,"featured_media":3057,"comment_status":"closed","ping_status":"closed","sticky":false,"template":"","format":"standard","meta":[],"categories":[7],"tags":[64,195,505,102,26],"_links":{"self":[{"href":"https:\/\/www.infokuryr.cz\/n\/wp-json\/wp\/v2\/posts\/5327"}],"collection":[{"href":"https:\/\/www.infokuryr.cz\/n\/wp-json\/wp\/v2\/posts"}],"about":[{"href":"https:\/\/www.infokuryr.cz\/n\/wp-json\/wp\/v2\/types\/post"}],"author":[{"embeddable":true,"href":"https:\/\/www.infokuryr.cz\/n\/wp-json\/wp\/v2\/users\/2"}],"replies":[{"embeddable":true,"href":"https:\/\/www.infokuryr.cz\/n\/wp-json\/wp\/v2\/comments?post=5327"}],"version-history":[{"count":0,"href":"https:\/\/www.infokuryr.cz\/n\/wp-json\/wp\/v2\/posts\/5327\/revisions"}],"wp:featuredmedia":[{"embeddable":true,"href":"https:\/\/www.infokuryr.cz\/n\/wp-json\/wp\/v2\/media\/3057"}],"wp:attachment":[{"href":"https:\/\/www.infokuryr.cz\/n\/wp-json\/wp\/v2\/media?parent=5327"}],"wp:term":[{"taxonomy":"category","embeddable":true,"href":"https:\/\/www.infokuryr.cz\/n\/wp-json\/wp\/v2\/categories?post=5327"},{"taxonomy":"post_tag","embeddable":true,"href":"https:\/\/www.infokuryr.cz\/n\/wp-json\/wp\/v2\/tags?post=5327"}],"curies":[{"name":"wp","href":"https:\/\/api.w.org\/{rel}","templated":true}]}}