{"id":53262,"date":"2024-05-08T05:33:32","date_gmt":"2024-05-08T03:33:32","guid":{"rendered":"https:\/\/www.infokuryr.cz\/n\/?p=53262"},"modified":"2024-05-08T05:33:32","modified_gmt":"2024-05-08T03:33:32","slug":"eva-hrindova-ukrajinsky-smutek","status":"publish","type":"post","link":"https:\/\/www.infokuryr.cz\/n\/2024\/05\/08\/eva-hrindova-ukrajinsky-smutek\/","title":{"rendered":"Eva Hrindov\u00e1: Ukrajinsk\u00fd smutek&#8230;"},"content":{"rendered":"<div id=\"fb-root\"><\/div>\n<p><strong>Vrabci si u\u017e o tom cvrlikaj\u00ed, m\u00e9dia opatrn\u011b nazna\u010duj\u00ed, ale s Ukrajinou je konec. Rusko neporaz\u00ed, nevytla\u010d\u00ed, prost\u011b netah\u00e1 za siln\u011bj\u0161\u00ed konec provazu. Ani pomoc Z\u00e1padu s\u00edly na boji\u0161ti i na kolbi\u0161ti sv\u011btov\u00e9 diplomacie nezvr\u00e1t\u00ed.<\/strong><\/p>\n<p>Je mi smutno nad zbyte\u010dn\u011b mrtv\u00fdmi voj\u00e1ky, nad zbyte\u010dn\u011b zni\u010denou infrastrukturou, nad politicky rozvr\u00e1cenou zem\u00ed. Investovalo se tam hodn\u011b do podpory fanatismu, Z\u00e1pad \u0161tval Ukrajince proti Rus\u016fm tak dlouho, a\u017e je donutil um\u00edrat. Daj\u00ed se tam v\u011bci v\u016fbec n\u011bkdy do po\u0159\u00e1dku? Kdo vym\u00fdt\u00ed to zlo, kter\u00e9 Ukrajinu postupn\u011b zcela zamo\u0159ilo?<\/p>\n<p>M\u016f\u017eeme se pod\u00edvat i k n\u00e1m. I u n\u00e1s je nen\u00e1vist v\u016f\u010di Rusku \u017eiven\u00e1 p\u011bkn\u011b dlouho. V\u010dera jsem nap\u0159\u00edklad \u010detla rozhovor s n\u011bjak\u00fdm horolezcem, kter\u00fd tvrdil, \u017ee Putin je nejv\u011bt\u0161\u00ed vrah v d\u011bjin\u00e1ch. A proto on nejede do Ruska l\u00e9zt na n\u011bjakou horu. Kv\u016fli t\u00e9 zaslepuj\u00edc\u00ed nen\u00e1visti je re\u00e1ln\u00fd pohled na Rusko zkreslen\u00fd a neobjektivn\u00ed, a to ve v\u0161ech mysliteln\u00fdch ohledech.<\/p>\n<p>N\u011bkdo se zalyk\u00e1 nen\u00e1vist\u00ed, jin\u00fd zas nekriticky miluje. Nic naplat, nen\u00e1vist opravdu zaslepuje\u2026 Sta\u010d\u00ed se pod\u00edvat na chov\u00e1n\u00ed \u010d\u00e1sti politick\u00e9 sc\u00e9ny, na jejich fanou\u0161ky, a to koncentrovan\u00e9 zlo si vyn\u00e1sobte tak deseti a m\u016f\u017eete si ud\u011blat p\u0159edstavu o d\u011bn\u00ed na Ukrajin\u011b. Jak tam s t\u00edm mozkov\u00fdm softwarem budou \u017e\u00edt?<\/p>\n<p><a href=\"https:\/\/stranapro.cz\/\"><img decoding=\"async\" loading=\"lazy\" class=\"wp-image-40285 aligncenter\" src=\"http:\/\/www.infokuryr.cz\/n\/wp-content\/uploads\/2023\/11\/11pro-300x79.png\" alt=\"\" width=\"566\" height=\"149\" srcset=\"https:\/\/www.infokuryr.cz\/n\/wp-content\/uploads\/2023\/11\/11pro-300x79.png 300w, https:\/\/www.infokuryr.cz\/n\/wp-content\/uploads\/2023\/11\/11pro.png 363w\" sizes=\"(max-width: 566px) 100vw, 566px\" \/><\/a><br \/>\nV \u010dem je ta nen\u00e1vist jin\u00e1 ne\u017e tu, co zn\u00e1me z historie? Jak se li\u0161\u00ed nen\u00e1vist k Rus\u016fm od nen\u00e1visti k \u017did\u016fm? Ostatn\u011b \u017didy na Ukrajin\u011b tak\u00e9 zrovna nemiluj\u00ed. Princip kolektivn\u00ed viny je st\u00e1le stejn\u00fd a st\u00e1le stejn\u011b nep\u0159ijateln\u00fd a odporn\u00fd. Ukrajina se nechala dobrovoln\u011b zni\u010dit a my jsme jim v tom zdatn\u011b pom\u00e1hali. V z\u00e1jmu na\u0161ich d\u00e9mon\u016f jsme rad\u011bji o d\u011bn\u00ed na Ukrajin\u011b informovali selektivn\u011b, mnoh\u00e9 jsme zaml\u010dovali, jen aby nic nenaru\u0161ilo to \u010dernob\u00edl\u00e9 vn\u00edm\u00e1n\u00ed.<\/p>\n<p>Ka\u017ed\u00fd novin\u00e1\u0159, kter\u00fd p\u0159ehl\u00ed\u017eel obrovsk\u00e9 rozkr\u00e1d\u00e1n\u00ed z\u00e1padn\u00ed pomoci a totalitn\u00ed chov\u00e1n\u00ed ukrajinsk\u00fdch vl\u00e1dc\u016f, m\u00e1 na rukou krev mrtv\u00fdch Ukrajinc\u016f a Rus\u016f. Ka\u017ed\u00fd politik, analytik a jin\u00fd rozumbrada, kter\u00fd odm\u00edtal vid\u011bt skute\u010dnou realitu v\u00e1lky a sv\u011btov\u00e9 kontexty, m\u00e1 na rukou krev voj\u00e1k\u016f a tak\u00e9 nese zodpov\u011bdnost za prohlubuj\u00edc\u00ed se vnit\u0159n\u00ed rozvrat Ukrajiny.<\/p>\n<p>Ale bude to stejn\u00e9 jako s covidem \u2013 nikdo \u017e\u00e1dnou odpov\u011bdnost za zavle\u010den\u00ed lid\u00ed ke \u0161patn\u00fdm rozhodnut\u00edm neponese. Pojede se d\u00e1l jakoby nic. Ukrajina se nech\u00e1 napospas sv\u00fdm d\u00e9mon\u016fm a pojede se zase jin\u00e9 t\u00e9ma. Opu\u0161t\u011bn\u00e1 a vy\u010derpan\u00e1 zem\u011b, pln\u00e1 nen\u00e1visti a zlosti, se bude jen t\u011b\u017eko vzpamatov\u00e1vat. Je mi l\u00edto Ukrajinc\u016f, kte\u0159\u00ed si udr\u017eeli zdrav\u00fd rozum a nestali se z nich hypnotick\u00e9 stroje na zab\u00edjen\u00ed. Pokud Ukrajinu nevezme pod svou ochranu Rusko, stanou se jen otroky Z\u00e1padu a budou d\u0159\u00edt a trp\u011bt pro blahobyt Z\u00e1padu. Ostatn\u011b tak, jak to vlastn\u011b u\u017e zn\u00e1me od n\u00e1s. Jen u n\u00e1s to nen\u00ed na prvn\u00ed pohled \u2013 p\u0159edev\u0161\u00edm pro voli\u010de p\u011btikoalice &#8211; tak viditeln\u00e9.<\/p>\n<p>Liber\u00e1ln\u00ed demokracie tot\u00e1ln\u011b selhala. Proto\u017ee \u017e\u00e1dn\u00e1 demokracie nem\u016f\u017ee fungovat, kdy\u017e je jej\u00ed fungov\u00e1n\u00ed postaven\u00e9 na l\u017ei. Nefunguje to na Ukrajin\u011b, nefunguje to u n\u00e1s, nefunguje to nikde, kde se neukazuje lidem re\u00e1ln\u00fd obraz sv\u011bta.<\/p>\n<p><a href=\"https:\/\/www.evahrindova.cz\/ukrajinsky-smutek\">Eva Hrindov\u00e1<\/a><\/p>\n<p>&nbsp;<\/p>\n<p>&nbsp;<\/p>\n","protected":false},"excerpt":{"rendered":"<p>Vrabci si u\u017e o tom cvrlikaj\u00ed, m\u00e9dia opatrn\u011b nazna\u010duj\u00ed, ale s Ukrajinou je konec. Rusko&#8230;<\/p>\n","protected":false},"author":2,"featured_media":53263,"comment_status":"closed","ping_status":"closed","sticky":false,"template":"","format":"standard","meta":[],"categories":[6],"tags":[1503,273,22,26,365],"_links":{"self":[{"href":"https:\/\/www.infokuryr.cz\/n\/wp-json\/wp\/v2\/posts\/53262"}],"collection":[{"href":"https:\/\/www.infokuryr.cz\/n\/wp-json\/wp\/v2\/posts"}],"about":[{"href":"https:\/\/www.infokuryr.cz\/n\/wp-json\/wp\/v2\/types\/post"}],"author":[{"embeddable":true,"href":"https:\/\/www.infokuryr.cz\/n\/wp-json\/wp\/v2\/users\/2"}],"replies":[{"embeddable":true,"href":"https:\/\/www.infokuryr.cz\/n\/wp-json\/wp\/v2\/comments?post=53262"}],"version-history":[{"count":1,"href":"https:\/\/www.infokuryr.cz\/n\/wp-json\/wp\/v2\/posts\/53262\/revisions"}],"predecessor-version":[{"id":53264,"href":"https:\/\/www.infokuryr.cz\/n\/wp-json\/wp\/v2\/posts\/53262\/revisions\/53264"}],"wp:featuredmedia":[{"embeddable":true,"href":"https:\/\/www.infokuryr.cz\/n\/wp-json\/wp\/v2\/media\/53263"}],"wp:attachment":[{"href":"https:\/\/www.infokuryr.cz\/n\/wp-json\/wp\/v2\/media?parent=53262"}],"wp:term":[{"taxonomy":"category","embeddable":true,"href":"https:\/\/www.infokuryr.cz\/n\/wp-json\/wp\/v2\/categories?post=53262"},{"taxonomy":"post_tag","embeddable":true,"href":"https:\/\/www.infokuryr.cz\/n\/wp-json\/wp\/v2\/tags?post=53262"}],"curies":[{"name":"wp","href":"https:\/\/api.w.org\/{rel}","templated":true}]}}