{"id":53248,"date":"2024-05-08T04:48:21","date_gmt":"2024-05-08T02:48:21","guid":{"rendered":"https:\/\/www.infokuryr.cz\/n\/?p=53248"},"modified":"2024-05-08T04:48:21","modified_gmt":"2024-05-08T02:48:21","slug":"vudce-demokratu-v-kongresu-prohlasil-ze-vladimir-putin-usiluje-o-obnovu-sovetskeho-svazu","status":"publish","type":"post","link":"https:\/\/www.infokuryr.cz\/n\/2024\/05\/08\/vudce-demokratu-v-kongresu-prohlasil-ze-vladimir-putin-usiluje-o-obnovu-sovetskeho-svazu\/","title":{"rendered":"V\u016fdce demokrat\u016f v Kongresu prohl\u00e1sil, \u017ee Vladimir Putin usiluje o obnovu Sov\u011btsk\u00e9ho svazu &#8230;"},"content":{"rendered":"<div id=\"fb-root\"><\/div>\n<h4>V\u016fdce demokrat\u016f v Kongresu prohl\u00e1sil, \u017ee Vladimir Putin usiluje o obnovu Sov\u011btsk\u00e9ho svazu a USA budou muset vyslat voj\u00e1ky na Ukrajinu, pokud Ukrajina padne a neudr\u017e\u00ed frontu! Vz\u00e1p\u011bt\u00ed ukrajinsk\u00fd premi\u00e9r vystoupil na kanadsk\u00e9 televizi a prohl\u00e1sil, \u017ee Ukrajina ocen\u00ed rozm\u00edst\u011bn\u00ed vojsk Francie a dal\u0161\u00edch zem\u00ed na Ukrajin\u011b! A na webu prezidenta Ukrajiny byla v den inaugurace Vladimira Putina spu\u0161t\u011bna petice za pozv\u00e1n\u00ed vojsk zem\u00ed NATO na Ukrajinu!<\/h4>\n<p>Nikdo u\u017e si na nic nehraje a Ukrajinci u\u017e se ani nesna\u017e\u00ed p\u0159esv\u011bd\u010dovat sv\u011bt o tom, \u017ee Rusy dok\u00e1\u017eou porazit jen za pomoci dod\u00e1vek zbran\u00ed a techniky, proto\u017ee situace na front\u011b je takov\u00e1, \u017ee ukrajinsk\u00e1 arm\u00e1da ustupuje pod\u00e9l cel\u00e9 fronty a ru\u0161t\u00ed voj\u00e1ci se div\u00ed, co v\u0161echno Ukrajinci za sebou nech\u00e1vaj\u00ed. Naprosto nov\u00e9 a netknut\u00e9 zbrojn\u00ed p\u00e1sy do kulomet\u016f, bedny pln\u00e9 gran\u00e1t\u016f a protitankov\u00fdch st\u0159el, neotev\u0159en\u00e9 bedny s minometn\u00fdmi n\u00e1boji, v\u0161echno prakticky netknut\u00e9.<\/p>\n<p>A d\u016fvod? Ten nejd\u011bsiv\u011bj\u0161\u00ed \u2013 nen\u00ed toti\u017e dostatek lidsk\u00e9ho person\u00e1lu, kter\u00fd by tu munici a zbran\u011b mohl upot\u0159ebit! Je to podobn\u00e1 situace, kterou za\u017e\u00edvali ameri\u010dt\u00ed voj\u00e1ci po p\u0159echodu R\u00fdna ke konci II. sv. v\u00e1lky. Nach\u00e1zeli hromady n\u011bmeck\u00e9ho st\u0159eliva, munice v bedn\u00e1ch, hory zbran\u00ed, ale u nich \u017e\u00e1dn\u00e9 n\u011bmeck\u00e9 voj\u00e1ky. M\u00edsto nich tam byli d\u011bti a dor\u016fstaj\u00edc\u00ed ml\u00e1de\u017e poschov\u00e1van\u00e1 v k\u0159ov\u00edch. P\u0159esn\u011b toto nyn\u00ed je k vid\u011bn\u00ed na frontov\u00e9 linii na Ukrajin\u011b.<\/p>\n<p>&nbsp;<\/p>\n<div id=\"rumble_v4ra2ln\">\n<div id=\"vid_v4ra2ln\" class=\"rumble_v4ra2ln-Rumble-cls\" tabindex=\"-1\">\n<div class=\"bigPlayUI ctp\"><div class='videoWrapper'>\r\n\t            <iframe src='https:\/\/rumble.com\/embed\/pj.v4ra2ln\/' frameborder='0' allowfullscreen><\/iframe>\r\n\t        <\/div><\/p>\n<div class=\"bigPlayUIInner ctp\"><\/div>\n<\/div>\n<\/div>\n<\/div>\n<p>&nbsp;<\/p>\n<p>A pr\u00e1v\u011b z tohoto d\u016fvodu kolektivn\u00ed z\u00e1pad u\u017e nem\u016f\u017ee ml\u017eit, proto\u017ee je u\u017e nade v\u0161e jasn\u00e9, \u017ee Ukrajina bez rozm\u00edst\u011bn\u00fdch pozemn\u00edch vojsk NATO prost\u011b do konce tohoto roku nep\u0159e\u017eije. Pr\u00e1v\u011b proto 5. kv\u011btna na americk\u00e9 televizi CBS vystoupil\u00a0<strong>[<a href=\"https:\/\/href.li\/?https:\/\/www.cbsnews.com\/news\/democrat-leader-jeffries-pro-putin-faction-in-gop-delayed-ukraine-aid-60-minutes\/\" target=\"_blank\" rel=\"nofollow noopener\">1<\/a>]<\/strong>\u00a0Hakeem Jeffries, v\u016fdce demokratick\u00e9 men\u0161iny v doln\u00ed komo\u0159e americk\u00e9ho Kongresu, a v po\u0159adu 60 Minut prohl\u00e1sil, \u017ee\u00a0<strong>Amerika nesm\u00ed dopustit, aby Ukrajina padla, proto\u017ee jinak bude hrozit, \u017ee Rusko napadne Pobalt\u00ed, Polsko a mo\u017en\u00e1 dal\u0161\u00ed st\u00e1ty, proto\u017ee Putin se pr\u00fd rozhodl obnovit Sov\u011btsk\u00fd svaz.<\/strong>\u00a0O tom je pr\u00fd v Kongresu zcela jasno. To je pr\u00fd hlavn\u00ed Putin\u016fv c\u00edl.<\/p>\n<h6><span style=\"font-size: 18pt;\">VIDEO: \u0160myhal potvrdil, \u017ee Ukrajina je p\u0159ipravena akceptovat vojska NATO na sv\u00e9m \u00fazem\u00ed<\/span><\/h6>\n<p>A pokud by Ukrajina padla, potom by museli b\u00fdt na Ukrajin\u011b rozm\u00edst\u011bni ameri\u010dt\u00ed voj\u00e1ci. Probl\u00e9m je v tom, \u017ee p\u00e1d Ukrajiny pr\u00e1v\u011b u\u017e za\u010dal a Jeffriesovo vystoupen\u00ed na CBS m\u00e1 zase a op\u011bt jasn\u00e9 kontury formov\u00e1n\u00ed americk\u00e9ho informa\u010dn\u00edho pole, kter\u00e9 m\u00e1 vytvo\u0159it\u00a0<em>Casus Belli<\/em>\u00a0pro vysl\u00e1n\u00ed americk\u00fdch voj\u00e1k\u016f na Ukrajinu, aby Putin nenapadl zem\u011b NATO po por\u00e1\u017ece Ukrajiny.<\/p>\n<p>A to nen\u00ed to nejzaj\u00edmav\u011bj\u0161\u00ed. \u00dapln\u011b ve stejn\u00fd den, tedy 5. kv\u011btna, vystoupil\u00a0<strong>[<a href=\"https:\/\/href.li\/?https:\/\/www.youtube.com\/watch?v=PlsblSCNDQs\" target=\"_blank\" rel=\"nofollow noopener\">2<\/a>]<\/strong>\u00a0na kanadsk\u00e9 televizi CBC v telemostu pro zm\u011bnu\u00a0<strong>Denys \u0160myhal, premi\u00e9r Ukrajiny, a ten u\u017e si \u017e\u00e1dn\u00e9 serv\u00edtky nebral a narovinu prohl\u00e1sil, \u017ee Ukrajina oce\u0148uje n\u00e1vrh prezidenta Emmanuela Macrona na rozm\u00edst\u011bn\u00ed francouzsk\u00fdch vojsk na Ukrajin\u011b<\/strong>, a pokud se k tomu pr\u00fd evrop\u0161t\u00ed partne\u0159i rozhodnou a voj\u00e1ky na Ukrajinu vy\u0161lou, tak Ukrajina to pr\u00fd ur\u010dit\u011b ocen\u00ed a bude r\u00e1da!<\/p>\n<p>&nbsp;<\/p>\n<div id=\"rumble_v4ra3ir\">\n<div id=\"vid_v4ra3ir\" class=\"rumble_v4ra3ir-Rumble-cls\" tabindex=\"-1\">\n<div class=\"bigPlayUI ctp\"><div class='videoWrapper'>\r\n\t            <iframe src='https:\/\/rumble.com\/embed\/pj.v4ra3ir\/' frameborder='0' allowfullscreen><\/iframe>\r\n\t        <\/div><\/p>\n<div class=\"bigPlayUIInner ctp\"><\/div>\n<\/div>\n<\/div>\n<\/div>\n<p>&nbsp;<\/p>\n<p>\u0160myhal si asi uv\u011bdomil, s jakou radost\u00ed to prohl\u00e1sil, tak\u017ee hned moder\u00e1torku ujistil, \u017ee zat\u00edm Ukrajina pot\u0159ebuje jen zbran\u011b a munici, ale vz\u00e1p\u011bt\u00ed dodal, \u017ee pokud p\u0159ijde \u010das, tak Ukrajina vysl\u00e1n\u00ed vojsk zem\u00ed EU a NATO na Ukrajinu ocen\u00ed a pom\u016f\u017ee j\u00ed to s vytla\u010dov\u00e1n\u00edm Rus\u016f. \u0160myhalovy v\u00fdroky u\u017e nemaj\u00ed \u017e\u00e1dn\u00e9 diplomatick\u00e9 nuance, proto\u017ee k nim u\u017e nen\u00ed \u010das a prostor.<\/p>\n<p>Ukrajinsk\u00e1 arm\u00e1da je v konc\u00edch a chyb\u00ed j\u00ed to, co j\u00ed zat\u00edm \u017e\u00e1dn\u00e1 zem\u011b na sv\u011bt\u011b nedok\u00e1zala poskytnout, a to jsou velk\u00e9 objemy vycvi\u010den\u00fdch voj\u00e1k\u016f, kte\u0159\u00ed s tou z\u00e1padn\u00ed munic\u00ed a v\u00fdzbroj\u00ed um\u00ed efektivn\u011b bojovat. Hromady opu\u0161t\u011bn\u00fdch beden v z\u00e1kopech za Avd\u011bjevkou, v z\u00e1kopech u Berdy\u010di, \u00fat\u011bk Ukrajinc\u016f ze slavn\u00e9 vesni\u010dky Rabotino v Z\u00e1poro\u017e\u00ed, kde za sebou zanechali hromady netknut\u00e9 v\u00fdzbroje a munice, to v\u0161echno ukazuje na jedin\u00fd probl\u00e9m \u2013 nen\u00ed maso!<\/p>\n<h6><span style=\"font-size: 18pt;\">\u010cesk\u00fd mainstream ve stavu hlubok\u00e9 deprese u\u017e p\u0159izn\u00e1v\u00e1 informace z Aeronetu<\/span><\/h6>\n<p>Dokonce u\u017e i \u010desk\u00fd mainstream chyt\u00e1 depku do takov\u00e9 m\u00edry, \u017ee redakto\u0159i u\u017e narovinu v nadpisech \u010dl\u00e1nk\u016f p\u0159izn\u00e1vaj\u00ed, \u017ee voj\u00e1ci NATO v\u010detn\u011b t\u011bch \u010desk\u00fdch ji\u017e na Ukrajin\u011b jsou, a budou postupn\u011b p\u0159ib\u00fdvat. Tohle napsal\u00a0<strong>[<a href=\"https:\/\/href.li\/?https:\/\/www.reflex.cz\/clanek\/komentare\/124542\/viliam-buchert-lhat-uz-nema-smysl-vojaci-nato-vcetne-ceskych-na-ukrajine-jsou-a-bude-jich-pribyvat.html\" target=\"_blank\" rel=\"nofollow noopener\">3<\/a>]<\/strong>\u00a0v \u00fater\u00fd \u010dasopis Reflex. Kdo by to p\u0159ed je\u0161t\u011b p\u016fl rokem \u0159ekl, \u017ee?<\/p>\n<p><strong>Kdyby toto napsal slovo od slova Aeronet p\u0159ed n\u011bjak\u00fdm p\u016fl rokem, zase by to na \u010cT vyvracela n\u011bjak\u00e1 banda neziskov\u010d\u00edk\u016f jako p\u0159\u00edklad rusk\u00e9 propagandy.<\/strong>\u00a0A hle, najednou v kv\u011btnu 2024 se u\u017e takhle konspira\u010dn\u011b a nehodnotov\u011b p\u00ed\u0161e u\u017e i v Reflexu! A v \u010dl\u00e1nku se dokonce i p\u00ed\u0161e o tom, \u017ee v\u00fdcvik ukrajinsk\u00fdch pilot\u016f na st\u00edha\u010dk\u00e1ch F-16 jde mimo\u0159\u00e1dn\u00e9 pomalu, proto\u017ee Ukrajinci maj\u00ed jazykov\u00e9 bari\u00e9ry a obsluha z\u00e1padn\u00ed techniky nen\u00ed hra\u010dka.<\/p>\n<figure id=\"attachment_59488\" class=\"wp-caption aligncenter\" style=\"width: 696px;\"><a href=\"https:\/\/aeronet.news\/wp-content\/uploads\/UA_PilotF16_Training.jpg\"><img decoding=\"async\" loading=\"lazy\" class=\"wp-image-59488 \" src=\"https:\/\/aeronet.news\/wp-content\/uploads\/UA_PilotF16_Training-1024x574.jpg\" sizes=\"(max-width: 700px) 100vw, 700px\" srcset=\"https:\/\/aeronet.news\/wp-content\/uploads\/UA_PilotF16_Training-1024x574.jpg 1024w, https:\/\/aeronet.news\/wp-content\/uploads\/UA_PilotF16_Training-300x168.jpg 300w, https:\/\/aeronet.news\/wp-content\/uploads\/UA_PilotF16_Training-768x431.jpg 768w, https:\/\/aeronet.news\/wp-content\/uploads\/UA_PilotF16_Training-700x393.jpg 700w, https:\/\/aeronet.news\/wp-content\/uploads\/UA_PilotF16_Training-636x357.jpg 636w, https:\/\/aeronet.news\/wp-content\/uploads\/UA_PilotF16_Training-861x483.jpg 861w, https:\/\/aeronet.news\/wp-content\/uploads\/UA_PilotF16_Training.jpg 1280w\" alt=\"\" width=\"696\" height=\"391\" \/><\/a><figcaption class=\"wp-caption-text\">V\u00fdcvik ukrajinsk\u00fdch pilot\u016f F-16 na simul\u00e1toru virtu\u00e1ln\u00ed reality<\/figcaption><\/figure>\n<p>Je tak n\u00e1ro\u010dn\u00e1, \u017ee se de facto u\u017e otev\u0159en\u011b mluv\u00ed o tom, \u017ee s t\u011bmi st\u00edha\u010dkami budou na Ukrajin\u011b l\u00e9tat z\u00e1padn\u00ed veter\u00e1ni, tedy vojen\u0161t\u00ed piloti v z\u00e1loze, kte\u0159\u00ed z\u0159ejm\u011b podep\u00ed\u0161ou s Ukrajinou \u017eold\u00e1ckou smlouvu. A a\u017e n\u011bjak\u00fd ten pilot se nad Donbasem katapultuje, tak Rusov\u00e9 se od n\u011bj dozv\u00ed, \u017ee v\u00fdcvik na F-16 trv\u00e1 norm\u00e1ln\u011b 3,5 roku, ale tolik \u010dasu Ukrajinci nemaj\u00ed, tak\u017ee m\u00edsto nich l\u00e9taj\u00ed nad Ukrajinou v t\u011bch F-16 piloti zem\u00ed NATO. Mus\u00edte pochopit, \u017ee kdy\u017e u\u017e i ukrajinsk\u00fd premi\u00e9r na kanadsk\u00e9 televizi oce\u0148uje a v\u00edt\u00e1 Macron\u016fv n\u00e1pad na rozm\u00edst\u011bn\u00ed vojsk nejen Francie na \u00fazem\u00ed Ukrajiny, tak u\u017e i \u010desk\u00fdm redaktor\u016fm mainstreamu doch\u00e1z\u00ed, \u017ee selanka s ukrajinsk\u00fdmi vlaje\u010dkami a s\u00a0<em>peremogou<\/em>\u00a0definitivn\u011b skon\u010dila.<\/p>\n<h6><span style=\"font-size: 18pt;\">Na webu prezidentsk\u00e9 kancel\u00e1\u0159e Zelensk\u00e9ho je u\u017e petice za pozv\u00e1n\u00ed vojsk NATO na Ukrajinu<\/span><\/h6>\n<p>A jde ji\u017e v\u00e1\u017en\u011b o hubu, proto\u017ee vysl\u00e1n\u00ed evropsk\u00fdch voj\u00e1k\u016f, v jak\u00fdchkoliv po\u010dtech, i sebenepatrn\u011bj\u0161\u00edch, povede nakonec ke spu\u0161t\u011bn\u00ed konfliktu mezi NATO a Ruskem na Ukrajin\u011b. A pokud Ukrajina u\u017e nem\u00e1 lidi na v\u00e1l\u010den\u00ed, tak kde ty lidi vezme? To je nabere mezi seniory s cukrovkou, vysok\u00fdm krevn\u00edm tlakem, d\u00fdchavi\u010dnost\u00ed, nebo naopak mezi studenty univerzit z \u0159ad doktorand\u016f studuj\u00edc\u00edch p\u0159es v\u011bkovou hranici 25 let? Pro\u010d te\u010f nech\u00e1vaj\u00ed Ukrajinci za sebou munici a zbran\u011b? Pro\u010d tam velen\u00ed z Kyjeva nepo\u0161le posily? No, proto\u017ee u\u017e \u017e\u00e1dn\u00e9 nejsou! A v bl\u00edzk\u00e9 dob\u011b nebudou! To je cel\u00e9!<\/p>\n<figure id=\"attachment_59486\" class=\"wp-caption aligncenter\" style=\"width: 619px;\"><a href=\"https:\/\/aeronet.news\/wp-content\/uploads\/PeticeUA_NATO.jpg\"><img decoding=\"async\" loading=\"lazy\" class=\"wp-image-59486 \" src=\"https:\/\/aeronet.news\/wp-content\/uploads\/PeticeUA_NATO-745x1024.jpg\" sizes=\"(max-width: 700px) 100vw, 700px\" srcset=\"https:\/\/aeronet.news\/wp-content\/uploads\/PeticeUA_NATO-745x1024.jpg 745w, https:\/\/aeronet.news\/wp-content\/uploads\/PeticeUA_NATO-218x300.jpg 218w, https:\/\/aeronet.news\/wp-content\/uploads\/PeticeUA_NATO-700x962.jpg 700w, https:\/\/aeronet.news\/wp-content\/uploads\/PeticeUA_NATO-260x357.jpg 260w, https:\/\/aeronet.news\/wp-content\/uploads\/PeticeUA_NATO-352x483.jpg 352w, https:\/\/aeronet.news\/wp-content\/uploads\/PeticeUA_NATO.jpg 752w\" alt=\"\" width=\"619\" height=\"851\" \/><\/a><figcaption class=\"wp-caption-text\">Petice na webu Prezidentsk\u00e9 kancel\u00e1\u0159e Ukrajiny<\/figcaption><\/figure>\n<p>Nen\u00ed proto divu, \u017ee na Bankov\u00e9 ulici v Kyjev\u011b p\u0159i\u0161li s n\u00e1padem, jak na Ukrajin\u011b pozm\u011bnit informa\u010dn\u00ed pole ve prosp\u011bch my\u0161lenky nasunut\u00ed vojsk NATO na Ukrajinu nam\u00edsto ukon\u010den\u00ed v\u00e1lky a\u00a0<strong>na webu \u00fa\u0159adu \u0147ucha\u010denka se objevila petice [<a href=\"https:\/\/href.li\/?https:\/\/petition.president.gov.ua\/petition\/225680\" target=\"_blank\" rel=\"nofollow noopener\">4<\/a>] po\u017eaduj\u00edc\u00ed pozv\u00e1n\u00ed vojsk NATO na Ukrajinu, aby k tomu dala souhlas N\u00e1rodn\u00ed rada<\/strong>, tedy ukrajinsk\u00fd parlament.<\/p>\n<p>Petice byla vyhl\u00e1\u0161ena v \u00fater\u00fd 7. kv\u011btna na den inaugurace Vladimira Putina prezidentem na dal\u0161\u00ed volebn\u00ed obdob\u00ed. Podpisov\u00e1 akce pob\u011b\u017e\u00ed 3 m\u011bs\u00edce a mus\u00ed se vybrat 25 000 podpis\u016f, aby se n\u00e1vrhem zab\u00fdvala N\u00e1rodn\u00ed rada. Je to symbolika. P\u0159ed 2 roky Ukrajinci p\u0159edpov\u00eddali, \u017ee Putin brzy um\u0159e. Nam\u00edsto toho ukrajinsk\u00fd premi\u00e9r oce\u0148uje Macron\u016fv n\u00e1pad na vysl\u00e1n\u00ed vojsk NATO na Ukrajinu a zem\u011b u\u017e najednou nem\u00e1 voj\u00e1ky, kte\u0159\u00ed by d\u00e1 mohli bojovat.<\/p>\n<h6><span style=\"font-size: 18pt;\">Kolektivn\u00ed Z\u00e1pad stoj\u00ed p\u0159ed z\u00e1sadn\u00edm dilematem \u2013 Nechat Ukrajinu padnout, anebo poslat na Ukrajinu vojska NATO<\/span><\/h6>\n<p>Tak\u017ee je nejvy\u0161\u0161\u00ed \u010das pozvat na Ukrajinu z\u00e1chrannou kaval\u00e9rii. V podstat\u011b te\u010f u\u017e Ukrajina si na nic nehraje a vystoupen\u00ed \u0160myhala na CBC vstoup\u00ed do d\u011bjin. Zvac\u00ed dekret odvys\u00edlan\u00fd na kanadsk\u00e9 televizi. Pro jistotu na kanadsk\u00e9, proto\u017ee USA maj\u00ed moc velk\u00fd strach z Ruska. P\u0159\u00edm\u00e1 \u00fa\u010dast Ameri\u010dan\u016f proti Rusk\u00e9 arm\u00e1d\u011b by nemusela dopadnout pro americk\u00e9 ozbrojen\u00e9 s\u00edly v\u016fbec nijak lichotiv\u011b. Proto je jasn\u00e9, \u017ee Deep State se bude sna\u017eit do posledn\u00ed chv\u00edle na Ukrajin\u011b zam\u011bstnat vojska evropsk\u00fdch zem\u00ed NATO, aby pomohly Ukrajin\u011b udr\u017eet Dn\u011bpr. Podle m\u00e9ho n\u00e1zoru se hraje pr\u00e1v\u011b o Dn\u011bpr, proto\u017ee Charkov, Od\u011bsa a potom Dn\u011bpropetrovsk, Z\u00e1poro\u017e\u00ed a dal\u0161\u00ed prost\u011b podlehnou rusk\u00e9mu tlaku.<\/p>\n<figure id=\"attachment_59489\" class=\"wp-caption aligncenter\" style=\"width: 694px;\"><a href=\"https:\/\/aeronet.news\/wp-content\/uploads\/FrenchTroops.jpg\"><img decoding=\"async\" loading=\"lazy\" class=\"wp-image-59489 \" src=\"https:\/\/aeronet.news\/wp-content\/uploads\/FrenchTroops-1024x538.jpg\" sizes=\"(max-width: 700px) 100vw, 700px\" srcset=\"https:\/\/aeronet.news\/wp-content\/uploads\/FrenchTroops-1024x538.jpg 1024w, https:\/\/aeronet.news\/wp-content\/uploads\/FrenchTroops-300x158.jpg 300w, https:\/\/aeronet.news\/wp-content\/uploads\/FrenchTroops-768x403.jpg 768w, https:\/\/aeronet.news\/wp-content\/uploads\/FrenchTroops-700x368.jpg 700w, https:\/\/aeronet.news\/wp-content\/uploads\/FrenchTroops-680x357.jpg 680w, https:\/\/aeronet.news\/wp-content\/uploads\/FrenchTroops-920x483.jpg 920w, https:\/\/aeronet.news\/wp-content\/uploads\/FrenchTroops.jpg 1280w\" alt=\"\" width=\"694\" height=\"364\" \/><\/a><figcaption class=\"wp-caption-text\">Francouzsk\u00e1 arm\u00e1da<\/figcaption><\/figure>\n<p>P\u0159itom k tomu by doj\u00edt nemuselo. Rusko pot\u0159ebuje, aby Ukrajina byla neutr\u00e1ln\u00ed a aby rusk\u00e9 etnikum tam ne\u010delilo \u00fatlaku.\u00a0<strong>Jen\u017ee neutr\u00e1ln\u00ed Ukrajina by znamenala por\u00e1\u017eku kolektivn\u00edho Z\u00e1padu.<\/strong>\u00a0A tak kolektivist\u00e9 budou tla\u010dit Ukrajinu d\u00e1l do v\u00e1lky a Ukrajina tak d\u00e1l postupn\u011b bude p\u0159ich\u00e1zet o dal\u0161\u00ed, a dal\u0161\u00ed, a dal\u0161\u00ed \u00fazem\u00ed. A jak na to zareaguje NATO? Vysl\u00e1n\u00edm pozemn\u00edch vojsk na pomoc Ukrajin\u011b k zastaven\u00ed Ruska. A v tom okam\u017eiku stoj\u00edme 5 minut od jadern\u00e9 v\u00fdm\u011bny mezi v\u00fdchodem a z\u00e1padem. \u0160\u00edlenstv\u00ed nem\u00e1 \u017e\u00e1dn\u00e9 hranice a limity! Pouze racion\u00e1ln\u011b uva\u017euj\u00edc\u00ed lid\u00ed maj\u00ed meze a limity, za kter\u00e9 u\u017e nejdou, ale \u0161\u00edlenci ne. Ti \u017e\u00e1dn\u00e9 hranice neznaj\u00ed! A to je realita!<\/p>\n<p><a href=\"https:\/\/aeronet.news\/vudce-demokratu-v-kongresu-prohlasil-ze-vladimir-putin-usiluje-o-obnovu-sovetskeho-svazu-a-usa-budou-muset-vyslat-vojaky-na-ukrajinu-pokud-ukrajina-padne-a-neudrzi-frontu\/\">-VK- \u0160\u00e9fredaktor AE News<\/a><\/p>\n<p>&nbsp;<\/p>\n<p><a href=\"https:\/\/stranapro.cz\/\"><img decoding=\"async\" loading=\"lazy\" class=\"wp-image-40286 aligncenter\" src=\"http:\/\/www.infokuryr.cz\/n\/wp-content\/uploads\/2023\/11\/12pro-300x87.png\" alt=\"\" width=\"934\" height=\"271\" srcset=\"https:\/\/www.infokuryr.cz\/n\/wp-content\/uploads\/2023\/11\/12pro-300x87.png 300w, https:\/\/www.infokuryr.cz\/n\/wp-content\/uploads\/2023\/11\/12pro.png 366w\" sizes=\"(max-width: 934px) 100vw, 934px\" \/><\/a><\/p>\n<p>&nbsp;<\/p>\n<p>&nbsp;<\/p>\n","protected":false},"excerpt":{"rendered":"<p>V\u016fdce demokrat\u016f v Kongresu prohl\u00e1sil, \u017ee Vladimir Putin usiluje o obnovu Sov\u011btsk\u00e9ho svazu a USA&#8230;<\/p>\n","protected":false},"author":2,"featured_media":53249,"comment_status":"closed","ping_status":"closed","sticky":false,"template":"","format":"standard","meta":[],"categories":[6],"tags":[1042,80,39,22,7254,37],"_links":{"self":[{"href":"https:\/\/www.infokuryr.cz\/n\/wp-json\/wp\/v2\/posts\/53248"}],"collection":[{"href":"https:\/\/www.infokuryr.cz\/n\/wp-json\/wp\/v2\/posts"}],"about":[{"href":"https:\/\/www.infokuryr.cz\/n\/wp-json\/wp\/v2\/types\/post"}],"author":[{"embeddable":true,"href":"https:\/\/www.infokuryr.cz\/n\/wp-json\/wp\/v2\/users\/2"}],"replies":[{"embeddable":true,"href":"https:\/\/www.infokuryr.cz\/n\/wp-json\/wp\/v2\/comments?post=53248"}],"version-history":[{"count":0,"href":"https:\/\/www.infokuryr.cz\/n\/wp-json\/wp\/v2\/posts\/53248\/revisions"}],"wp:featuredmedia":[{"embeddable":true,"href":"https:\/\/www.infokuryr.cz\/n\/wp-json\/wp\/v2\/media\/53249"}],"wp:attachment":[{"href":"https:\/\/www.infokuryr.cz\/n\/wp-json\/wp\/v2\/media?parent=53248"}],"wp:term":[{"taxonomy":"category","embeddable":true,"href":"https:\/\/www.infokuryr.cz\/n\/wp-json\/wp\/v2\/categories?post=53248"},{"taxonomy":"post_tag","embeddable":true,"href":"https:\/\/www.infokuryr.cz\/n\/wp-json\/wp\/v2\/tags?post=53248"}],"curies":[{"name":"wp","href":"https:\/\/api.w.org\/{rel}","templated":true}]}}