{"id":53204,"date":"2024-05-08T00:38:39","date_gmt":"2024-05-07T22:38:39","guid":{"rendered":"https:\/\/www.infokuryr.cz\/n\/?p=53204"},"modified":"2024-05-07T18:49:40","modified_gmt":"2024-05-07T16:49:40","slug":"thomas-roper-co-prijde-po-putinove-inauguraci","status":"publish","type":"post","link":"https:\/\/www.infokuryr.cz\/n\/2024\/05\/08\/thomas-roper-co-prijde-po-putinove-inauguraci\/","title":{"rendered":"Thomas R\u00f6per: Co p\u0159ijde po Putinov\u011b inauguraci?"},"content":{"rendered":"<div id=\"fb-root\"><\/div>\n<p><span style=\"font-size: 14pt;\"><strong>Rusk\u00fd prezident Putin byl po sv\u00e9m znovuzvolen\u00ed znovu dosazen do \u00fa\u0159adu rusk\u00e9ho prezidenta. V\u011bt\u0161ina z\u00e1padn\u00edch zem\u00ed akci bojkotovala. V Rusku se nyn\u00ed o\u010dek\u00e1v\u00e1 d\u016fle\u017eit\u00e1 reorganizace vl\u00e1dy.<\/strong><\/span><\/p>\n<p>Z\u00e1padn\u00ed zem\u011b sice svorn\u011b tvrd\u00ed, \u017ee rusk\u00e9 prezidentsk\u00e9 volby byly podvodn\u00e9, ale zdr\u00e1haj\u00ed se u\u010dinit krok, kdy volby ofici\u00e1ln\u011b neuznaly. V\u011bt\u0161ina velvyslanc\u016f z\u00e1padn\u00edch zem\u00ed se d\u016frazn\u011b dr\u017eela stranou od Putinovy \u200b\u200binaugurace, co\u017e je diplomatick\u00e1 ur\u00e1\u017eka. \u010clov\u011bk se div\u00ed, pro\u010d z\u00e1padn\u00ed st\u00e1ty st\u00e1le udr\u017euj\u00ed diplomatick\u00e9 styky s Ruskem, kdy\u017e se jejich p\u0159edstavitel\u00e9 demonstrativn\u011b vyh\u00fdbaj\u00ed d\u016fle\u017eit\u00fdm akc\u00edm po\u0159\u00e1dan\u00fdm ruskou vl\u00e1dou a dokonce\u00a0<a href=\"https:\/\/anti-spiegel.ru\/2024\/eu-botschafter-ignorieren-geschlossene-eine-gespraechseinladung-von-lawrow\/\">odm\u00edtaj\u00ed jednat s rusk\u00fdm ministrem zahrani\u010d\u00ed<\/a>\u00a0, i kdy\u017e jsou takov\u00e1 jedn\u00e1n\u00ed hlavn\u00edm \u00fakolem diplomat\u016f.<\/p>\n<p>Tanec s vaj\u00ed\u010dky, kter\u00fd p\u0159edv\u00e1d\u011bly z\u00e1padn\u00ed st\u00e1ty, je jasn\u00fd, kdy\u017e se pod\u00edv\u00e1te na to, kte\u0159\u00ed velvyslanci se zdr\u017eeli inaugurace a z jak\u00fdch ofici\u00e1ln\u011b ozn\u00e1men\u00fdch d\u016fvod\u016f. Z\u00e1stupce EU v Moskv\u011b se akce d\u016frazn\u011b dr\u017eel stranou, i kdy\u017e je v Moskv\u011b. Tot\u00e9\u017e plat\u00ed pro australsk\u00e9ho velvyslance.<\/p>\n<p>EU se sna\u017eila nastolit jednotnou linii ohledn\u011b p\u0159\u00edtomnosti velvyslanc\u016f na Putinov\u011b inauguraci, ale neusp\u011bla, proto\u017ee na akci p\u0159ijeli n\u011bkte\u0159\u00ed velvyslanci ze zem\u00ed EU, v\u010detn\u011b velvyslanc\u016f Slovenska, Ma\u010farska a mimochodem i Francie, kter\u00e1 prohl\u00e1sila, \u017ee nechce nechat komunika\u010dn\u00ed kan\u00e1ly s Ruskem p\u0159eru\u0161eny. To je v\u00edce ne\u017e podivn\u00e9 tvrzen\u00ed, vezmeme-li v \u00favahu, \u017ee francouzsk\u00fd prezident nahlas p\u0159em\u00fd\u0161l\u00ed o vysl\u00e1n\u00ed francouzsk\u00fdch voj\u00e1k\u016f na Ukrajinu, kde by nevyhnuteln\u011b museli bojovat proti rusk\u00fdm voj\u00e1k\u016fm, i kdyby nebyli nasazeni p\u0159\u00edmo na frontu.<\/p>\n<p>N\u011bmecko a USA se naopak vyka\u0161laly na ok\u00e1zalou nep\u0159\u00edtomnost sv\u00fdch velvyslanc\u016f. Vydali se cestou, \u017ee si sv\u00e9 velvyslance na n\u011bkolik dn\u00ed svolaj\u00ed dom\u016f k \u201epl\u00e1novan\u00fdm\u201c rozhovor\u016fm, aby se velvyslanci mohli dr\u017eet d\u00e1l od Putinovy \u200b\u200binaugurace i nadch\u00e1zej\u00edc\u00edch oslav v\u00edt\u011bzstv\u00ed nad nacistick\u00fdm N\u011bmeckem, ani\u017e by to bylo zjevn\u011b demonstrativn\u00ed gesto, proto\u017ee velvyslanci jsou v Moskv\u011b. Ale sign\u00e1l je tak\u00e9 tak jasn\u00fd.<\/p>\n<p>Jin\u00e9 st\u00e1ty, jako jsou pobaltsk\u00e9 st\u00e1ty nebo It\u00e1lie, prohl\u00e1sily, \u017ee v sou\u010dasn\u00e9 dob\u011b nemaj\u00ed v Moskv\u011b velvyslance, pouze charg\u00e9s d&#8217;affaires, a proto nemohou velvyslance vys\u00edlat.<\/p>\n<h3 class=\"wp-block-heading\"><span style=\"font-size: 18pt;\">O\u010dek\u00e1v\u00e1 se reorganizace vl\u00e1dy<\/span><\/h3>\n<p>Podle rusk\u00e9 \u00fastavy po inauguraci prezidenta vl\u00e1da pod\u00e1 demisi a prezident navrhne parlamentu novou vl\u00e1du. P\u0159i p\u0159edchoz\u00edch prezidentsk\u00fdch inaugurac\u00edch v\u017edy doch\u00e1zelo k v\u00edce \u010di m\u00e9n\u011b v\u00fdrazn\u00fdm zm\u011bn\u00e1m vl\u00e1dy, kter\u00e9 v\u0161ak m\u011bly sp\u00ed\u0161e vnitropolitick\u00fd dopad, proto\u017ee minist\u0159i zahrani\u010d\u00ed a obrany, kte\u0159\u00ed jsou v zahrani\u010dn\u00ed politice d\u016fle\u017eit\u00ed, jsou ve funkci velmi dlouho. a nebyly ovlivn\u011bny takov\u00fdmi zm\u011bnami vl\u00e1dy.<\/p>\n<p>V z\u00e1kulis\u00ed Moskvy se ji\u017e dlouho objevuj\u00ed st\u00ed\u017enosti na \u201ep\u00e1tou kolonu\u201c, vysoce postaven\u00e9 politiky a \u00fa\u0159edn\u00edky, kte\u0159\u00ed jsou st\u00e1le pod vlivem z\u00e1padn\u00ed politiky. B\u011bhem diskus\u00ed na pozad\u00ed jsem zaslechl zv\u011bsti, \u017ee nadch\u00e1zej\u00edc\u00ed reorganizace vl\u00e1dy by z tohoto d\u016fvodu mohla b\u00fdt vyu\u017eita i k obsazen\u00ed n\u011bkter\u00fdch vl\u00e1dn\u00edch funkc\u00ed. Zm\u00edn\u011bni jsou i velmi zn\u00e1m\u00ed minist\u0159i, kte\u0159\u00ed ji\u017e nemohli b\u00fdt sou\u010d\u00e1st\u00ed nov\u00e9 vl\u00e1dy.<\/p>\n<p>Nebudu zde uv\u00e1d\u011bt \u017e\u00e1dn\u00e1 jm\u00e9na, proto\u017ee se jedn\u00e1 o f\u00e1my, i kdy\u017e informace m\u00e1m z dob\u0159e informovan\u00fdch zdroj\u016f. Po\u010dkejme si tedy na to, zda a jak bude rekonstrukce vl\u00e1dy vypadat, a uvid\u00edme v p\u0159\u00ed\u0161t\u00edch dnech, ne\u017e budeme spekulovat, co by to mohlo znamenat.<\/p>\n<p><a href=\"https:\/\/anti-spiegel.ru\/2024\/was-kommt-nach-der-amtseinfuehrung-von-putin\/\">Thomas R\u00f6per<\/a><\/p>\n<p><img decoding=\"async\" loading=\"lazy\" class=\"alignnone wp-image-22016\" src=\"http:\/\/www.infokuryr.cz\/n\/wp-content\/uploads\/2023\/01\/Thomas-Roper-298x300.jpg\" alt=\"\" width=\"184\" height=\"185\" srcset=\"https:\/\/www.infokuryr.cz\/n\/wp-content\/uploads\/2023\/01\/Thomas-Roper-298x300.jpg 298w, https:\/\/www.infokuryr.cz\/n\/wp-content\/uploads\/2023\/01\/Thomas-Roper-150x150.jpg 150w, https:\/\/www.infokuryr.cz\/n\/wp-content\/uploads\/2023\/01\/Thomas-Roper.jpg 596w\" sizes=\"(max-width: 184px) 100vw, 184px\" \/><\/p>\n<p>&nbsp;<\/p>\n","protected":false},"excerpt":{"rendered":"<p>Rusk\u00fd prezident Putin byl po sv\u00e9m znovuzvolen\u00ed znovu dosazen do \u00fa\u0159adu rusk\u00e9ho prezidenta. V\u011bt\u0161ina z\u00e1padn\u00edch&#8230;<\/p>\n","protected":false},"author":2,"featured_media":53205,"comment_status":"closed","ping_status":"closed","sticky":false,"template":"","format":"standard","meta":[],"categories":[7],"tags":[4558,1503,102,22],"_links":{"self":[{"href":"https:\/\/www.infokuryr.cz\/n\/wp-json\/wp\/v2\/posts\/53204"}],"collection":[{"href":"https:\/\/www.infokuryr.cz\/n\/wp-json\/wp\/v2\/posts"}],"about":[{"href":"https:\/\/www.infokuryr.cz\/n\/wp-json\/wp\/v2\/types\/post"}],"author":[{"embeddable":true,"href":"https:\/\/www.infokuryr.cz\/n\/wp-json\/wp\/v2\/users\/2"}],"replies":[{"embeddable":true,"href":"https:\/\/www.infokuryr.cz\/n\/wp-json\/wp\/v2\/comments?post=53204"}],"version-history":[{"count":1,"href":"https:\/\/www.infokuryr.cz\/n\/wp-json\/wp\/v2\/posts\/53204\/revisions"}],"predecessor-version":[{"id":53206,"href":"https:\/\/www.infokuryr.cz\/n\/wp-json\/wp\/v2\/posts\/53204\/revisions\/53206"}],"wp:featuredmedia":[{"embeddable":true,"href":"https:\/\/www.infokuryr.cz\/n\/wp-json\/wp\/v2\/media\/53205"}],"wp:attachment":[{"href":"https:\/\/www.infokuryr.cz\/n\/wp-json\/wp\/v2\/media?parent=53204"}],"wp:term":[{"taxonomy":"category","embeddable":true,"href":"https:\/\/www.infokuryr.cz\/n\/wp-json\/wp\/v2\/categories?post=53204"},{"taxonomy":"post_tag","embeddable":true,"href":"https:\/\/www.infokuryr.cz\/n\/wp-json\/wp\/v2\/tags?post=53204"}],"curies":[{"name":"wp","href":"https:\/\/api.w.org\/{rel}","templated":true}]}}