{"id":53112,"date":"2024-05-06T06:46:08","date_gmt":"2024-05-06T04:46:08","guid":{"rendered":"https:\/\/www.infokuryr.cz\/n\/?p=53112"},"modified":"2024-05-06T11:30:40","modified_gmt":"2024-05-06T09:30:40","slug":"zelenskyj-nemuze-mobilizovat-boha","status":"publish","type":"post","link":"https:\/\/www.infokuryr.cz\/n\/2024\/05\/06\/zelenskyj-nemuze-mobilizovat-boha\/","title":{"rendered":"Zelenskyj nem\u016f\u017ee \u201emobilizovat Boha\u201c"},"content":{"rendered":"<div id=\"fb-root\"><\/div>\n<p><span style=\"font-size: 18pt;\"><strong>Ukrajinsk\u00fd v\u016fdce d\u0159\u00edve tvrdil, \u017ee B\u016fh je \u201espojencem\u201c Kyjeva v boji proti Rusku<\/strong><\/span><\/p>\n<p>Ukrajinsk\u00fd prezident Vladimir Zelenskyj nem\u00e1 \u017e\u00e1dn\u00fd zp\u016fsob, jak zapojit Boha do sv\u00e9ho boje proti Rusku, prohl\u00e1sila rusk\u00e1 pravoslavn\u00e1 c\u00edrkev a pok\u00e1rala prohl\u00e1\u0161en\u00ed, kter\u00e9 Zelensky u\u010dinil b\u011bhem sv\u00e9ho projevu na Velikono\u010dn\u00ed ned\u011bli.<\/p>\n<p>Ve video projevu Zelenskij popsal Boha jako\u00a0<em>\u201espojence\u201c<\/em>\u00a0Ukrajiny, kter\u00fd\u00a0<em>\u201em\u00e1 na rameni \u0161ipku s ukrajinskou vlajkou\u201c.<\/em><\/p>\n<p><em>\u201eP\u00e1n nen\u00ed obyvatelem Kyjevsk\u00e9 oblasti, aby ho Zelenskij mobilizoval a dal do ukrajinsk\u00e9 arm\u00e1dy. Jeho v\u00fdroky si nezaslou\u017e\u00ed \u017e\u00e1dnou pozornost,\u201c<\/em>\u00a0\u0159ekl pro news.ru Vakhtang Kipshidze, vedouc\u00ed odd\u011blen\u00ed pro styk s ve\u0159ejnost\u00ed rusk\u00e9 c\u00edrkve.<\/p>\n<p>Kipshidze d\u00e1le odsoudil ukrajinsk\u00e9ho v\u016fdce jako\u00a0<em>\u201enev\u011b\u0159\u00edc\u00edho\u201c,<\/em>\u00a0kter\u00fd\u00a0<em>\u201etvrd\u00ed, \u017ee se m\u016f\u017ee rozhodnout pro Boha, jeho\u017e je spojencem\u201c.<\/em><\/p>\n<p>Kyjev zintenzivnil z\u00e1sahy proti sv\u00e9 nejv\u011bt\u0161\u00ed k\u0159es\u0165ansk\u00e9 c\u00edrkvi, Ukrajinsk\u00e9 pravoslavn\u00e9 c\u00edrkvi (UOC), a obvinil sv\u00e9 duchovenstvo, \u017ee jsou\u00a0<em>\u201eagenty Moskvy\u201c.<\/em>\u00a0UOC se z\u0159ekla sv\u00fdch historick\u00fdch vazeb s Moskvou pot\u00e9, co Rusko zah\u00e1jilo vojenskou operaci v sousedn\u00edm st\u00e1t\u011b v \u00fanoru 2022. Ukrajinsk\u00e9 \u00fa\u0159ady v\u0161ak od t\u00e9 doby zah\u00e1jily trestn\u00ed \u0159\u00edzen\u00ed proti v\u00edce ne\u017e 60 kn\u011b\u017e\u00edm a zabavily \u0159adu kl\u00e1\u0161ter\u016f a dal\u0161\u00ed majetek ve prosp\u011bch Ukrajinsk\u00e1 pravoslavn\u00e1 c\u00edrkev (OCU) podporovan\u00e1 st\u00e1tem.<\/p>\n<p>Loni ukrajinsk\u00e1 vl\u00e1da p\u0159edstavila n\u00e1vrh z\u00e1kona, kter\u00fd by p\u0159ipravil cestu pro p\u0159\u00edpadn\u00fd z\u00e1kaz UOC. Legislativa v\u0161ak byla od t\u00e9 doby pozastavena.<\/p>\n<p>Hlava rusk\u00e9 pravoslavn\u00e9 c\u00edrkve patriarcha Kirill opakovan\u011b odsoudil kampa\u0148 proti UOC a odsoudil ji jako poru\u0161en\u00ed n\u00e1bo\u017eensk\u00fdch pr\u00e1v.<\/p>\n<p><img decoding=\"async\" loading=\"lazy\" class=\"alignnone size-full wp-image-1185\" src=\"http:\/\/www.infokuryr.cz\/n\/wp-content\/uploads\/2021\/04\/kuryr-podpis.png\" alt=\"\" width=\"84\" height=\"24\" \/><\/p>\n<p>&nbsp;<\/p>\n<p>&nbsp;<\/p>\n","protected":false},"excerpt":{"rendered":"<p>Ukrajinsk\u00fd v\u016fdce d\u0159\u00edve tvrdil, \u017ee B\u016fh je \u201espojencem\u201c Kyjeva v boji proti Rusku Ukrajinsk\u00fd prezident&#8230;<\/p>\n","protected":false},"author":2,"featured_media":6964,"comment_status":"closed","ping_status":"closed","sticky":false,"template":"","format":"standard","meta":[],"categories":[7],"tags":[250,26,7084],"_links":{"self":[{"href":"https:\/\/www.infokuryr.cz\/n\/wp-json\/wp\/v2\/posts\/53112"}],"collection":[{"href":"https:\/\/www.infokuryr.cz\/n\/wp-json\/wp\/v2\/posts"}],"about":[{"href":"https:\/\/www.infokuryr.cz\/n\/wp-json\/wp\/v2\/types\/post"}],"author":[{"embeddable":true,"href":"https:\/\/www.infokuryr.cz\/n\/wp-json\/wp\/v2\/users\/2"}],"replies":[{"embeddable":true,"href":"https:\/\/www.infokuryr.cz\/n\/wp-json\/wp\/v2\/comments?post=53112"}],"version-history":[{"count":0,"href":"https:\/\/www.infokuryr.cz\/n\/wp-json\/wp\/v2\/posts\/53112\/revisions"}],"wp:featuredmedia":[{"embeddable":true,"href":"https:\/\/www.infokuryr.cz\/n\/wp-json\/wp\/v2\/media\/6964"}],"wp:attachment":[{"href":"https:\/\/www.infokuryr.cz\/n\/wp-json\/wp\/v2\/media?parent=53112"}],"wp:term":[{"taxonomy":"category","embeddable":true,"href":"https:\/\/www.infokuryr.cz\/n\/wp-json\/wp\/v2\/categories?post=53112"},{"taxonomy":"post_tag","embeddable":true,"href":"https:\/\/www.infokuryr.cz\/n\/wp-json\/wp\/v2\/tags?post=53112"}],"curies":[{"name":"wp","href":"https:\/\/api.w.org\/{rel}","templated":true}]}}