{"id":53110,"date":"2024-05-06T06:43:55","date_gmt":"2024-05-06T04:43:55","guid":{"rendered":"https:\/\/www.infokuryr.cz\/n\/?p=53110"},"modified":"2024-05-06T06:43:55","modified_gmt":"2024-05-06T04:43:55","slug":"izrael-po-utoku-hamasu-uzavrel-hranicni-prechod-do-gazy","status":"publish","type":"post","link":"https:\/\/www.infokuryr.cz\/n\/2024\/05\/06\/izrael-po-utoku-hamasu-uzavrel-hranicni-prechod-do-gazy\/","title":{"rendered":"Izrael po \u00fatoku Hamasu uzav\u0159el hrani\u010dn\u00ed p\u0159echod do Gazy"},"content":{"rendered":"<div id=\"fb-root\"><\/div>\n<p><span style=\"font-size: 18pt;\"><strong>Tento krok byl reakc\u00ed na raketovou palbu, kter\u00e1 zabila t\u0159i voj\u00e1ky IDF<\/strong><\/span><\/p>\n<p><span>Izrael uzav\u0159el hlavn\u00ed hrani\u010dn\u00ed p\u0159echod pou\u017e\u00edvan\u00fd k doru\u010dov\u00e1n\u00ed humanit\u00e1rn\u00ed pomoci do oble\u017een\u00e9ho p\u00e1sma Gazy v reakci na raketov\u00fd \u00fatok Hamasu na jeho voj\u00e1ky.\u00a0<\/span><\/p>\n<p><span>Podle izraelsk\u00e9 arm\u00e1dy palestin\u0161t\u00ed militanti v ned\u011bli vyp\u00e1lili v\u00edce ne\u017e 10 raket na Izraelsk\u00e9 obrann\u00e9 s\u00edly (IDF) um\u00edst\u011bn\u00e9 pobl\u00ed\u017e p\u0159echodu Kerem Shalom, zabily t\u0159i voj\u00e1ky a 11 zranily. Trasa byla poprv\u00e9 znovu otev\u0159ena v prosinci kv\u016fli tlaku ze strany OSN a hlavn\u00ed spojenec Izraele Washington.<\/span><\/p>\n<p><span>Izraelsk\u00e1 arm\u00e1da uvedla, \u017ee palba poch\u00e1zela z oblasti pobl\u00ed\u017e civiln\u00edho krytu pobl\u00ed\u017e p\u0159echodu Rafah s Egyptem. \u00datok byl\u00a0<\/span><em><span>\u201edal\u0161\u00edm jasn\u00fdm p\u0159\u00edkladem\u201c<\/span><\/em><span>\u00a0toho, \u017ee Ham\u00e1s pou\u017e\u00edv\u00e1 humanit\u00e1rn\u00ed m\u00edsta a civilisty jako lidsk\u00e9 \u0161t\u00edty, uvedla izraelsk\u00e1 arm\u00e1da.\u00a0<\/span><\/p>\n<p><span>\u00datok se shodoval s jedn\u00e1n\u00edm mezi Izraelem a Hamasem v K\u00e1hi\u0159e, kter\u00e9 skon\u010dilo bez pr\u016flomu. NBC News ozn\u00e1mila, \u017ee \u0159editel CIA William Burns, kter\u00fd zprost\u0159edkov\u00e1val rozhovory v egyptsk\u00e9 metropoli, pojede tento t\u00fdden do Izraele, aby zde vedl dal\u0161\u00ed diskuse.<\/span><\/p>\n<p><span>Izraelsk\u00fd ministr obrany Yoav Gallant zopakoval, \u017ee IDF povede\u00a0<\/span><em><span>\u201eve velmi bl\u00edzk\u00e9 budoucnosti mocenskou operaci v Rafahu a na dal\u0161\u00edch m\u00edstech v cel\u00e9 Gaze\u201c.<\/span><\/em><span>\u00a0Izrael\u0161t\u00ed p\u0159edstavitel\u00e9 trvaj\u00ed na tom, \u017ee arm\u00e1da mus\u00ed zlikvidovat bojovn\u00edky Ham\u00e1su operuj\u00edc\u00ed z Raf\u00e1hu, p\u0159esto\u017ee m\u011bsto je p\u0159epln\u011bn\u00e9 uprchl\u00edky z \u010d\u00e1st\u00ed Gazy, kter\u00e9 d\u0159\u00edve podl\u00e9haly evakua\u010dn\u00edm ozn\u00e1men\u00edm IDF.\u00a0<\/span><strong><br \/>\n<\/strong><\/p>\n<p><em><span>&#8222;Mohlo by to b\u00fdt vra\u017ed\u011bn\u00ed civilist\u016f a neuv\u011b\u0159iteln\u00e1 r\u00e1na pro humanit\u00e1rn\u00ed operaci v cel\u00e9m p\u00e1smu, proto\u017ee vede prim\u00e1rn\u011b z Rafahu,&#8220;<\/span><\/em><span>\u00a0varoval za\u010d\u00e1tkem t\u00fddne Jens Laerke, mluv\u010d\u00ed humanit\u00e1rn\u00edho \u00fa\u0159adu OSN (OCHA).<\/span><\/p>\n<p><span>V\u00edce ne\u017e 34 000 Palestinc\u016f bylo zabito v Gaze v d\u016fsledku v\u00e1lky mezi Izraelem a Ham\u00e1sem, kter\u00e1 v \u00fater\u00fd vstoup\u00ed do sedm\u00e9ho m\u011bs\u00edce. Boje vypukly 7. \u0159\u00edjna, kdy palestin\u0161t\u00ed militanti provedli p\u0159ekvapiv\u00fd n\u00e1let na izraelsk\u00e9 \u00fazem\u00ed, p\u0159i kter\u00e9m zahynulo asi 1200 lid\u00ed a zajali v\u00edce ne\u017e 200 rukojm\u00edch.<\/span><\/p>\n<p><img decoding=\"async\" loading=\"lazy\" class=\"alignnone size-full wp-image-1185\" src=\"http:\/\/www.infokuryr.cz\/n\/wp-content\/uploads\/2021\/04\/kuryr-podpis.png\" alt=\"\" width=\"84\" height=\"24\" \/><\/p>\n<p>&nbsp;<\/p>\n<p>&nbsp;<\/p>\n","protected":false},"excerpt":{"rendered":"<p>Tento krok byl reakc\u00ed na raketovou palbu, kter\u00e1 zabila t\u0159i voj\u00e1ky IDF Izrael uzav\u0159el hlavn\u00ed&#8230;<\/p>\n","protected":false},"author":2,"featured_media":53111,"comment_status":"closed","ping_status":"closed","sticky":false,"template":"","format":"standard","meta":[],"categories":[7],"tags":[348,178,107],"_links":{"self":[{"href":"https:\/\/www.infokuryr.cz\/n\/wp-json\/wp\/v2\/posts\/53110"}],"collection":[{"href":"https:\/\/www.infokuryr.cz\/n\/wp-json\/wp\/v2\/posts"}],"about":[{"href":"https:\/\/www.infokuryr.cz\/n\/wp-json\/wp\/v2\/types\/post"}],"author":[{"embeddable":true,"href":"https:\/\/www.infokuryr.cz\/n\/wp-json\/wp\/v2\/users\/2"}],"replies":[{"embeddable":true,"href":"https:\/\/www.infokuryr.cz\/n\/wp-json\/wp\/v2\/comments?post=53110"}],"version-history":[{"count":0,"href":"https:\/\/www.infokuryr.cz\/n\/wp-json\/wp\/v2\/posts\/53110\/revisions"}],"wp:featuredmedia":[{"embeddable":true,"href":"https:\/\/www.infokuryr.cz\/n\/wp-json\/wp\/v2\/media\/53111"}],"wp:attachment":[{"href":"https:\/\/www.infokuryr.cz\/n\/wp-json\/wp\/v2\/media?parent=53110"}],"wp:term":[{"taxonomy":"category","embeddable":true,"href":"https:\/\/www.infokuryr.cz\/n\/wp-json\/wp\/v2\/categories?post=53110"},{"taxonomy":"post_tag","embeddable":true,"href":"https:\/\/www.infokuryr.cz\/n\/wp-json\/wp\/v2\/tags?post=53110"}],"curies":[{"name":"wp","href":"https:\/\/api.w.org\/{rel}","templated":true}]}}