{"id":53107,"date":"2024-05-06T06:41:29","date_gmt":"2024-05-06T04:41:29","guid":{"rendered":"https:\/\/www.infokuryr.cz\/n\/?p=53107"},"modified":"2024-05-06T06:41:29","modified_gmt":"2024-05-06T04:41:29","slug":"rusti-vojaci-dobyli-dalsi-klicovou-pevnost-donbasu-3","status":"publish","type":"post","link":"https:\/\/www.infokuryr.cz\/n\/2024\/05\/06\/rusti-vojaci-dobyli-dalsi-klicovou-pevnost-donbasu-3\/","title":{"rendered":"Ru\u0161t\u00ed voj\u00e1ci dobyli dal\u0161\u00ed kl\u00ed\u010dovou pevnost Donbasu"},"content":{"rendered":"<div id=\"fb-root\"><\/div>\n<p><span style=\"font-size: 18pt;\"><strong>Vesnice Ocheretino byla pops\u00e1na jako hlavn\u00ed logistick\u00fd uzel pro ukrajinsk\u00e9 jednotky v t\u00e9to oblasti<\/strong><\/span><\/p>\n<p><span>Rusk\u00e9 jednotky pokra\u010duj\u00ed v z\u00edsk\u00e1v\u00e1n\u00ed zisk\u016f v Donbasu a dobyly strategicky d\u016fle\u017eitou vesnici Ocheretino severn\u011b od Don\u011bcka, uvedlo ministerstvo obrany.<\/span><\/p>\n<p><span>V ned\u011bln\u00edm prohl\u00e1\u0161en\u00ed ministerstvo uvedlo, \u017ee rusk\u00e1\u00a0skupina sil\u00a0<\/span><em><span>\u201eSt\u0159ed\u201c\u00a0<\/span><\/em><em><span>\u201ezcela osvobodila\u201c<\/span><\/em><span>\u00a0osadu\u00a0<\/span><em><span>\u201ev d\u016fsledku aktivn\u00edch [bojov\u00fdch] akc\u00ed\u201c.<\/span><\/em><span>\u00a0Ocheretino se nach\u00e1z\u00ed asi 25 km severoz\u00e1padn\u011b od m\u011bsta Avd\u011bjevka, kter\u00e9 v \u00fanoru dobyly moskevsk\u00e9 jednotky.<\/span><\/p>\n<p><span>D\u0159\u00edv\u011bj\u0161\u00ed zpr\u00e1vy nazna\u010dovaly, \u017ee rusk\u00e9 s\u00edly dobyly ji\u017en\u00ed \u010d\u00e1st Ocheretina, kdy\u017e postupovaly pod\u00e9l m\u00edstn\u00ed \u017eelezni\u010dn\u00ed trati. Vzhledem ke sv\u00e9 infrastruktu\u0159e a geografick\u00e9 poloze hr\u00e1la hlavn\u00ed roli v obran\u011b Ukrajiny v oblasti, proto\u017ee pom\u00e1hala zaji\u0161\u0165ovat z\u00e1sobov\u00e1n\u00ed kyjevsk\u00fdch jednotek. Z\u00e1padn\u00ed m\u00e9dia nazna\u010dila, \u017ee po dobyt\u00ed Ocheretina by se Rusko mohlo pokusit obs\u00e1hnout ukrajinsk\u00e9 jednotky v sousedn\u00edch sektorech fronty.<\/span><\/p>\n<p><span>Podle Deep State, ukrajinsk\u00e9ho analytick\u00e9ho telegramov\u00e9ho kan\u00e1lu, kolaps obrany v oblasti vyvolala chyba p\u0159i rotaci. Port\u00e1l tvrdil, \u017ee ukrajinsk\u00e1 115. mechanizovan\u00e1 brig\u00e1da nedok\u00e1zala v\u010das vyst\u0159\u00eddat 47. brig\u00e1du, tak\u017ee \u010d\u00e1st fronty byla zcela otev\u0159ena rusk\u00fdm \u00fatok\u016fm. Veden\u00ed 115. mechanizovan\u00e9 brig\u00e1dy obvin\u011bn\u00ed odm\u00edtlo.<\/span><\/p>\n<p><span>Zd\u00e1 se, \u017ee zisky Moskvy v Ocheretino minul\u00fd m\u011bs\u00edc potvrdilo video, kter\u00e9 kolovalo po soci\u00e1ln\u00edch s\u00edt\u00edch a na kter\u00e9m byla vzty\u010dena rusk\u00e1 vlajka nad administrativn\u00ed budovou ve vesnici.<\/span><\/p>\n<p><span>Z\u00e1stupce \u0161\u00e9fa ukrajinsk\u00e9 vojensk\u00e9 rozv\u011bdky Vadim Skibitsky v rozhovoru pro The Economist na za\u010d\u00e1tku kv\u011btna \u0159ekl, \u017ee o\u010dek\u00e1v\u00e1, \u017ee Rusko bude pokra\u010dovat v ofenziv\u011b na Donbasu, a poznamenal, \u017ee Kyjev se sna\u017e\u00ed br\u00e1nit kv\u016fli nedostatku zbran\u00ed.\u00a0<\/span><em><span>&#8222;V\u017edy v\u011bd\u011bli, \u017ee duben a kv\u011bten pro n\u00e1s budou t\u011b\u017ek\u00e9 obdob\u00ed,&#8220;<\/span><\/em><span>\u00a0\u0159ekl ve zjevn\u00e9 nar\u00e1\u017ece na zpo\u017ed\u011bn\u00ed z\u00e1padn\u00ed pomoci.<\/span><\/p>\n<div style=\"width: 528px;\" class=\"wp-video\"><!--[if lt IE 9]><script>document.createElement('video');<\/script><![endif]-->\n<video class=\"wp-video-shortcode\" id=\"video-53107-1\" width=\"528\" height=\"624\" preload=\"metadata\" controls=\"controls\"><source type=\"video\/mp4\" src=\"http:\/\/www.infokuryr.cz\/n\/wp-content\/uploads\/2024\/05\/vid.mp4?_=1\" \/><a href=\"http:\/\/www.infokuryr.cz\/n\/wp-content\/uploads\/2024\/05\/vid.mp4\">http:\/\/www.infokuryr.cz\/n\/wp-content\/uploads\/2024\/05\/vid.mp4<\/a><\/video><\/div>\n<p><span>Tak\u00e9 navrhl, jak citoval \u010dasopis, \u017ee je\u00a0<\/span><em><span>\u201epravd\u011bpodobn\u011b ot\u00e1zkou \u010dasu\u201c<\/span><\/em><span>\u00a0, kdy Chasov Yar, dal\u0161\u00ed vysok\u00e1 pevnost Donbasu, padne stejn\u011b jako Avd\u011bjevka. Chasov Yar se nach\u00e1z\u00ed nedaleko Artyomovska (na Ukrajin\u011b zn\u00e1m\u00e9ho jako Bakhmut), d\u011bji\u0161t\u011b l\u00edt\u00fdch boj\u016f v lo\u0148sk\u00e9m roce.<\/span><\/p>\n<p><span>Nejnov\u011bj\u0161\u00ed v\u00fdvoj na boji\u0161ti p\u0159ich\u00e1z\u00ed pot\u00e9, co rusk\u00fd ministr obrany Sergej \u0160ojgu v dubnu prohl\u00e1sil, \u017ee mo<\/span><span>skevsk\u00e9 jednotky pevn\u011b kontroluj\u00ed iniciativu v konfliktu a neust\u00e1le zatla\u010duj\u00ed ukrajinsk\u00e9 s\u00edly zp\u011bt. Za\u010d\u00e1tkem tohoto m\u011bs\u00edce odhadl ukrajinsk\u00e9 vojensk\u00e9 ztr\u00e1ty jen za leto\u0161n\u00ed rok na 111 000.<\/span><\/p>\n<p><img decoding=\"async\" loading=\"lazy\" class=\"alignnone size-full wp-image-1185\" src=\"http:\/\/www.infokuryr.cz\/n\/wp-content\/uploads\/2021\/04\/kuryr-podpis.png\" alt=\"\" width=\"84\" height=\"24\" \/><\/p>\n<p>&nbsp;<\/p>\n<p>&nbsp;<\/p>\n","protected":false},"excerpt":{"rendered":"<p>Vesnice Ocheretino byla pops\u00e1na jako hlavn\u00ed logistick\u00fd uzel pro ukrajinsk\u00e9 jednotky v t\u00e9to oblasti Rusk\u00e9&#8230;<\/p>\n","protected":false},"author":2,"featured_media":53109,"comment_status":"closed","ping_status":"closed","sticky":false,"template":"","format":"standard","meta":[],"categories":[7],"tags":[220,22,26],"_links":{"self":[{"href":"https:\/\/www.infokuryr.cz\/n\/wp-json\/wp\/v2\/posts\/53107"}],"collection":[{"href":"https:\/\/www.infokuryr.cz\/n\/wp-json\/wp\/v2\/posts"}],"about":[{"href":"https:\/\/www.infokuryr.cz\/n\/wp-json\/wp\/v2\/types\/post"}],"author":[{"embeddable":true,"href":"https:\/\/www.infokuryr.cz\/n\/wp-json\/wp\/v2\/users\/2"}],"replies":[{"embeddable":true,"href":"https:\/\/www.infokuryr.cz\/n\/wp-json\/wp\/v2\/comments?post=53107"}],"version-history":[{"count":0,"href":"https:\/\/www.infokuryr.cz\/n\/wp-json\/wp\/v2\/posts\/53107\/revisions"}],"wp:featuredmedia":[{"embeddable":true,"href":"https:\/\/www.infokuryr.cz\/n\/wp-json\/wp\/v2\/media\/53109"}],"wp:attachment":[{"href":"https:\/\/www.infokuryr.cz\/n\/wp-json\/wp\/v2\/media?parent=53107"}],"wp:term":[{"taxonomy":"category","embeddable":true,"href":"https:\/\/www.infokuryr.cz\/n\/wp-json\/wp\/v2\/categories?post=53107"},{"taxonomy":"post_tag","embeddable":true,"href":"https:\/\/www.infokuryr.cz\/n\/wp-json\/wp\/v2\/tags?post=53107"}],"curies":[{"name":"wp","href":"https:\/\/api.w.org\/{rel}","templated":true}]}}