{"id":53065,"date":"2024-05-05T00:44:53","date_gmt":"2024-05-04T22:44:53","guid":{"rendered":"https:\/\/www.infokuryr.cz\/n\/?p=53065"},"modified":"2024-05-04T17:30:05","modified_gmt":"2024-05-04T15:30:05","slug":"hamas-sdili-zabery-raketovych-utoku-na-izrael-z-libanonu","status":"publish","type":"post","link":"https:\/\/www.infokuryr.cz\/n\/2024\/05\/05\/hamas-sdili-zabery-raketovych-utoku-na-izrael-z-libanonu\/","title":{"rendered":"Hamas sd\u00edl\u00ed z\u00e1b\u011bry raketov\u00fdch \u00fatok\u016f na Izrael z Libanonu"},"content":{"rendered":"<div id=\"fb-root\"><\/div>\n<p><strong><span>Brig\u00e1dy Izz ad-Din al-Qassam, vojensk\u00e9 k\u0159\u00eddlo Hnut\u00ed Ham\u00e1s, zve\u0159ejnily 3. kv\u011btna videoz\u00e1znamy ned\u00e1vn\u00fdch raketov\u00fdch \u00fatok\u016f sv\u00e9 pobo\u010dky v Libanonu proti Izraeli.<\/span><\/strong><\/p>\n<p><span>Z\u00e1b\u011bry ukazuj\u00ed odp\u00e1len\u00ed t\u0159\u00ed salv raket z nezve\u0159ejn\u011bn\u00fdch oblast\u00ed v ji\u017en\u00edm Libanonu, srdci bl\u00edzk\u00e9ho spojence Ham\u00e1su Hizball\u00e1hu. P\u0159i dvou \u00fatoc\u00edch byl pou\u017eit velmi dob\u0159e maskovan\u00fd v\u00edcen\u00e1sobn\u00fd raketomet na n\u00e1kladn\u00edm vozidle.<\/span><\/p>\n<p><iframe loading=\"lazy\" src=\"https:\/\/s2.cdnstatic.space\/wp-content\/uploads\/2024\/05\/twitsave.com_uPvle7DJzNdu27BZ.mp4\" width=\"600\" height=\"338\" data-mce-fragment=\"1\"><\/iframe><\/p>\n<p><span>Od za\u010d\u00e1tku izraelsk\u00e9 v\u00e1lky v Gaze po p\u0159ekvapiv\u00e9m \u00fatoku ze 7. \u0159\u00edjna zah\u00e1jily brig\u00e1dy Izz ad-Din al-Qassam nejm\u00e9n\u011b deset raketov\u00fdch \u00fatok\u016f proti Izraeli z ji\u017en\u00edho Libanonu. Tyto \u00fatoky se zam\u011b\u0159ovaly p\u0159edev\u0161\u00edm na osady v severn\u00edm Izraeli.<\/span><\/p>\n<p><span>Skupina tak\u00e9 provedla nejm\u00e9n\u011b jednu p\u0159eshrani\u010dn\u00ed razii. N\u011bkolik dal\u0161\u00edch \u00fatok\u016f provedly brig\u00e1dy al-Quds, vojensk\u00e9 k\u0159\u00eddlo palestinsk\u00e9ho isl\u00e1msk\u00e9ho d\u017eih\u00e1du (PIJ).<\/span><\/p>\n<p><span>Ob\u011b palestinsk\u00e9 frakce si udr\u017euj\u00ed pom\u011brn\u011b silnou p\u0159\u00edtomnost v Libanonu, p\u0159edev\u0161\u00edm v uprchlick\u00fdch t\u00e1borech roztrou\u0161en\u00fdch po cel\u00e9 zemi.<\/span><\/p>\n<p><span>Hizball\u00e1h jako prvn\u00ed zah\u00e1jil \u00fatoky proti Izraeli z ji\u017en\u00edho Libanonu po vypuknut\u00ed v\u00e1lky v Gaze. Izrael zat\u00edm omezuje svou reakci na leteck\u00e9 a d\u011blost\u0159eleck\u00e9 \u00fadery.<\/span><\/p>\n<p><span>St\u0159ety si zat\u00edm vy\u017e\u00e1daly dev\u011bt mrtv\u00fdch civilist\u016f na izraelsk\u00e9 stran\u011b a tak\u00e9 nejm\u00e9n\u011b 11 voj\u00e1k\u016f a z\u00e1lo\u017en\u00edk\u016f IDF. Na libanonsk\u00e9 stran\u011b bylo zabito v\u00edce ne\u017e 400 lid\u00ed, v\u010detn\u011b 272 bojovn\u00edk\u016f Hizball\u00e1hu, 12 \u010dlen\u016f Ham\u00e1su, 13 z PIJ a nejm\u00e9n\u011b 70 civilist\u016f.<\/span><\/p>\n<p><img decoding=\"async\" loading=\"lazy\" class=\"alignnone size-full wp-image-1185\" src=\"http:\/\/www.infokuryr.cz\/n\/wp-content\/uploads\/2021\/04\/kuryr-podpis.png\" alt=\"\" width=\"84\" height=\"24\" \/><\/p>\n<p>&nbsp;<\/p>\n<p>&nbsp;<\/p>\n","protected":false},"excerpt":{"rendered":"<p>Brig\u00e1dy Izz ad-Din al-Qassam, vojensk\u00e9 k\u0159\u00eddlo Hnut\u00ed Ham\u00e1s, zve\u0159ejnily 3. kv\u011btna videoz\u00e1znamy ned\u00e1vn\u00fdch raketov\u00fdch \u00fatok\u016f&#8230;<\/p>\n","protected":false},"author":2,"featured_media":53066,"comment_status":"closed","ping_status":"closed","sticky":false,"template":"","format":"standard","meta":[],"categories":[7],"tags":[347,107,405,889],"_links":{"self":[{"href":"https:\/\/www.infokuryr.cz\/n\/wp-json\/wp\/v2\/posts\/53065"}],"collection":[{"href":"https:\/\/www.infokuryr.cz\/n\/wp-json\/wp\/v2\/posts"}],"about":[{"href":"https:\/\/www.infokuryr.cz\/n\/wp-json\/wp\/v2\/types\/post"}],"author":[{"embeddable":true,"href":"https:\/\/www.infokuryr.cz\/n\/wp-json\/wp\/v2\/users\/2"}],"replies":[{"embeddable":true,"href":"https:\/\/www.infokuryr.cz\/n\/wp-json\/wp\/v2\/comments?post=53065"}],"version-history":[{"count":1,"href":"https:\/\/www.infokuryr.cz\/n\/wp-json\/wp\/v2\/posts\/53065\/revisions"}],"predecessor-version":[{"id":53067,"href":"https:\/\/www.infokuryr.cz\/n\/wp-json\/wp\/v2\/posts\/53065\/revisions\/53067"}],"wp:featuredmedia":[{"embeddable":true,"href":"https:\/\/www.infokuryr.cz\/n\/wp-json\/wp\/v2\/media\/53066"}],"wp:attachment":[{"href":"https:\/\/www.infokuryr.cz\/n\/wp-json\/wp\/v2\/media?parent=53065"}],"wp:term":[{"taxonomy":"category","embeddable":true,"href":"https:\/\/www.infokuryr.cz\/n\/wp-json\/wp\/v2\/categories?post=53065"},{"taxonomy":"post_tag","embeddable":true,"href":"https:\/\/www.infokuryr.cz\/n\/wp-json\/wp\/v2\/tags?post=53065"}],"curies":[{"name":"wp","href":"https:\/\/api.w.org\/{rel}","templated":true}]}}