{"id":530,"date":"2021-04-08T04:06:29","date_gmt":"2021-04-08T02:06:29","guid":{"rendered":"http:\/\/www.infokuryr.cz\/n\/?p=530"},"modified":"2021-04-08T04:06:29","modified_gmt":"2021-04-08T02:06:29","slug":"cinsky-vyslanec-vyzval-usa-aby-zrusily-veskere-nezakonne-sankce-vuci-iranu","status":"publish","type":"post","link":"https:\/\/www.infokuryr.cz\/n\/2021\/04\/08\/cinsky-vyslanec-vyzval-usa-aby-zrusily-veskere-nezakonne-sankce-vuci-iranu\/","title":{"rendered":"\u010c\u00ednsk\u00fd vyslanec vyzval USA, aby zru\u0161ily ve\u0161ker\u00e9 nez\u00e1konn\u00e9 sankce v\u016f\u010di \u00cdr\u00e1nu"},"content":{"rendered":"<div id=\"fb-root\"><\/div>\n<p><strong>Diplomat\u00e9 z \u010c\u00edny, Francie, N\u011bmecka, Ruska, Brit\u00e1nie a \u00cdr\u00e1nu se setkali za zav\u0159en\u00fdmi dve\u0159mi v Grand Hotel Wien. Hlavn\u00ed prioritou programu je zru\u0161en\u00ed sankc\u00ed v\u016f\u010di \u00cdr\u00e1nu.<\/strong><\/p>\n<p><strong>Setk\u00e1n\u00ed spole\u010dn\u00e9 komise Spole\u010dn\u00e9ho komplexn\u00edho ak\u010dn\u00edho pl\u00e1nu (JCPOA), zn\u00e1m\u00e9ho jako \u00cdr\u00e1nsk\u00e1 jadern\u00e1 dohoda, p\u0159itahuje pozornost ve\u0159ejnosti, proto\u017ee do V\u00eddn\u011b p\u0159ijeli z\u00e1stupci ze Spojen\u00fdch st\u00e1t\u016f, ve snaze zachr\u00e1nit dohodu.<\/strong><\/p>\n<p>USA by m\u011bly zru\u0161it v\u0161echny neleg\u00e1ln\u00ed sankce proti Teher\u00e1nu a \u00edr\u00e1nsk\u00e1 strana by m\u011bla na tomto z\u00e1klad\u011b pokra\u010dovat v pln\u00e9m souladu s jadernou dohodou z roku 2015, \u0159ekl po zased\u00e1n\u00ed Wang Qun (Wang \u010cch\u00fcn), \u010d\u00ednsk\u00fd vyslanec v OSN a dal\u0161\u00edch mezin\u00e1rodn\u00edch organizac\u00edch ve V\u00eddni.<\/p>\n<p>Wang Qun prohl\u00e1sil, \u017ee odstoupen\u00ed USA od dohody a jejich maxim\u00e1ln\u00ed tlak proti \u00cdr\u00e1nu je p\u0159\u00ed\u010dinou sou\u010dasn\u00e9 situace. Proto je \u010dasn\u00fd n\u00e1vrat USA k dohod\u011b kl\u00ed\u010dem k vy\u0159e\u0161en\u00ed probl\u00e9mu.<\/p>\n<p>\u201eOpodstatn\u011bn\u00e1 \u017e\u00e1dost po\u0161kozen\u00e9 strany, sp\u00ed\u0161e ne\u017e strany, kter\u00e1 odstoupila, by m\u011bla b\u00fdt potvrzena a uspokojena jako prvn\u00ed. Jedn\u00e1 se o z\u00e1kladn\u00ed ot\u00e1zku toho, co je spr\u00e1vn\u00e9 a co nen\u00ed. USA by m\u011bly zru\u0161it v\u0161echny sankce proti Teher\u00e1nu a na tomto z\u00e1klad\u011b m\u016f\u017ee \u00cdr\u00e1n pokra\u010dovat v pln\u00e9m rozsahu dodr\u017eov\u00e1n\u00ed jadern\u00e9 dohody,\u201c \u0159ekl Wang Qun ve sv\u00e9m prohl\u00e1\u0161en\u00ed.<\/p>\n<p>Zd\u016fraznil, \u017ee \u010c\u00edna je pevn\u011b proti nez\u00e1konn\u00fdm jednostrann\u00fdm sankc\u00edm uvalen\u00fdm Spojen\u00fdmi st\u00e1ty.<\/p>\n<p>Wang Qun dodal, \u017ee \u010c\u00edna podporuje \u00fasil\u00ed spole\u010dn\u00e9 komise p\u0159i z\u0159izov\u00e1n\u00ed dvou skupin odborn\u00edk\u016f, jedn\u00e9 pro zru\u0161en\u00ed sankc\u00ed a \u0159e\u0161en\u00ed jadern\u00fdch probl\u00e9m\u016f, a druh\u00e9 pro \u201et\u011bsn\u00fd kontakt\u201c s USA. \u0158ekl, \u017ee \u010c\u00edna douf\u00e1, \u017ee dv\u011b skupiny mohou dos\u00e1hnout pokroku co nejd\u0159\u00edve.<\/p>\n<p>\u010c\u00edna v\u017edy podporuje JCPOA a douf\u00e1, \u017ee v\u0161echny strany mohou zv\u00fd\u0161it sv\u016fj smysl pro nal\u00e9havost, vyu\u017e\u00edt sou\u010dasn\u00e9 p\u0159\u00edle\u017eitosti a tla\u010dit JCPOA zp\u011bt na tra\u0165 prost\u0159ednictv\u00edm spravedliv\u00fdch a rozumn\u00fdch jedn\u00e1n\u00ed, \u0159ekl Wang Qun.<\/p>\n<p>Wang Qun sl\u00edbil, \u017ee \u010c\u00edna bude pracovat se v\u0161emi stranami, aby pokra\u010dovala v prosazov\u00e1n\u00ed politick\u00e9ho \u0159e\u0161en\u00ed \u00cdr\u00e1nsk\u00e9 jadern\u00e9 ot\u00e1zky, a sna\u017eit se co nejd\u0159\u00edve obnovit plnou implementaci dohody z roku 2015.<\/p>\n<p><strong>\u201eKonstruktivn\u00ed setk\u00e1n\u00ed\u201c<\/strong><\/p>\n<p>Jedn\u00e1n\u00ed JCPOA p\u0159edsedal Enrique Mora, n\u00e1m\u011bstek gener\u00e1ln\u00edho tajemn\u00edka a politick\u00e9ho \u0159editele Evropsk\u00e9 slu\u017eby pro vn\u011bj\u0161\u00ed \u010dinnost (ESV\u010c), jm\u00e9nem vysok\u00e9ho p\u0159edstavitele Evropsk\u00e9 unie (EU) pro zahrani\u010dn\u00ed v\u011bci a bezpe\u010dnostn\u00ed politiku Josepa Borrella. Medi\u00e1ln\u00ed zpr\u00e1vy uvedly, \u017ee delegace USA veden\u00e1 americk\u00fdm zvl\u00e1\u0161tn\u00edm vyslancem pro \u00cdr\u00e1n Robertem Malleyem, s\u00eddl\u00ed v nedalek\u00e9m hotelu.<\/p>\n<p>Mora \u0159ekl na Twitteru po setk\u00e1n\u00ed, \u017ee m\u011bli \u201ekonstruktivn\u00ed spole\u010dnou sch\u016fzku\u201c.<\/p>\n<p>Je tu jednota a ambice pro spole\u010dn\u00fd diplomatick\u00fd proces se dv\u011bma expertn\u00edmi skupinami ohledn\u011b jadern\u00e9 implementace a uvoln\u011bn\u00ed sankc\u00ed. Jako koordin\u00e1tor budu zde ve V\u00eddni usilovat o zintenzivn\u011bn\u00ed kontakt\u016f se v\u0161emi relevantn\u00edmi stranami, v\u010detn\u011b USA, dodal.<\/p>\n<p>Podle ofici\u00e1ln\u00ed informa\u010dn\u00ed agentury Izlamic Republic, hlavn\u00ed \u00edr\u00e1nsk\u00fd jadern\u00fd vyjednava\u010d Abbas Araqchi \u0159ekl komisi, \u017ee zru\u0161en\u00ed sankc\u00ed USA je prvn\u00edm a nejv\u00fdhodn\u011bj\u0161\u00edm krokem k o\u017eiven\u00ed jadern\u00e9 dohody z roku 2015.<\/p>\n<p>Ameri\u010dt\u00ed a \u00edr\u00e1n\u0161t\u00ed vyjednava\u010di se nem\u011bli setkat tv\u00e1\u0159\u00ed v tv\u00e1\u0159, ale m\u011bl b\u00fdt p\u0159ijat kvadlov\u00fd zp\u016fsob diplomacie s intenzivn\u011bj\u0161\u00ed pomoc\u00ed koordin\u00e1tor\u016f.<\/p>\n<p>P\u0159ed \u00fatern\u00edm setk\u00e1n\u00edm Araqchi \u0159ekl, \u017ee \u201enebude jednat p\u0159\u00edmo ani nep\u0159\u00edmo\u201c se z\u00e1stupci USA, ale bude jednat pouze se spole\u010dnou komis\u00ed JCPOA.<\/p>\n<p>Pokud zem\u011b P4 + 1, v\u010detn\u011b \u010c\u00edny, Brit\u00e1nie, Francie a Ruska, plus N\u011bmecko, usp\u011bj\u00ed p\u0159i p\u0159esv\u011bd\u010dov\u00e1n\u00ed Washingtonu, aby zru\u0161il v\u0161echny sankce \u201ejak\u00fdmkoliv zp\u016fsobem o kter\u00e9m v\u011bd\u00ed,\u201c \u00cdr\u00e1n bude dodr\u017eovat dohodu, \u0159ekl Araqchi, kter\u00fd je tak\u00e9 z\u00e1stupcem ministra zahrani\u010d\u00ed \u00cdr\u00e1nu.<\/p>\n<p><strong>USA odm\u00edtaj\u00ed \u201emaximalistick\u00e9 po\u017eadavky\u201c \u00cdr\u00e1nu<\/strong><\/p>\n<p>USA v \u00fater\u00fd tak\u00e9 nazvaly rozhovory ve V\u00eddni jako \u201ekonstruktivn\u00ed krok\u201c, ale odm\u00edtly \u201emaximalistick\u00e9 po\u017eadavky\u201c Teher\u00e1nu.<\/p>\n<p>\u201eTyto diskuse ve V\u00eddni, i kdy\u017e se nesetk\u00e1me s \u00cdr\u00e1nci, jak jsme \u0159ekli, je to v\u00edtan\u00fd krok, je to konstruktivn\u00ed krok, je to potenci\u00e1ln\u011b u\u017eite\u010dn\u00fd krok,\u201c \u0159ekl mluv\u010d\u00ed Ned Price.<\/p>\n<p>\u201eNep\u0159edpokl\u00e1d\u00e1me bezprost\u0159edn\u00ed pr\u016flom,\u201c \u0159ekl. \u201eV\u00edme, \u017ee diskuse budou v sou\u010dasn\u00e9 dob\u011b obt\u00ed\u017en\u00e9, ale znovu, je to zdrav\u00fd krok vp\u0159ed.\u201c<\/p>\n<p>Ned Price uvedl, \u017ee dv\u011b pracovn\u00ed skupiny na setk\u00e1n\u00ed byly zam\u011b\u0159eny na p\u0159\u00edslu\u0161n\u00e9 kroky pro Teher\u00e1n a Washington, aby o\u017eivily JCPOA.<\/p>\n<p>O\u010dek\u00e1v\u00e1, \u017ee po diskus\u00edch ve V\u00eddni by Spojen\u00e9 st\u00e1ty mohly m\u00edt lep\u0161\u00ed pochopen\u00ed pl\u00e1nu, jak se ob\u011b strany dostanou do vz\u00e1jemn\u00e9ho souladu s jadernou dohodou.<\/p>\n<p>Washington odstoupil od dohody v roce 2018 a zp\u0159\u00edsnil sankce pro \u00cdr\u00e1n pod b\u00fdval\u00fdm prezidentem Donaldem Trumpem. V reakci na sankce USA, \u00cdr\u00e1n pozastavil realizaci \u010d\u00e1sti sv\u00fdch povinnost\u00ed vypl\u00fdvaj\u00edc\u00edch z jadern\u00e9 dohody.<\/p>\n<p><img decoding=\"async\" loading=\"lazy\" class=\"alignnone size-full wp-image-334\" src=\"http:\/\/www.infokuryr.cz\/n\/wp-content\/uploads\/2021\/04\/0.png\" alt=\"\" width=\"84\" height=\"24\" \/><\/p>\n<p>&nbsp;<\/p>\n","protected":false},"excerpt":{"rendered":"<p>Diplomat\u00e9 z \u010c\u00edny, Francie, N\u011bmecka, Ruska, Brit\u00e1nie a \u00cdr\u00e1nu se setkali za zav\u0159en\u00fdmi dve\u0159mi v&#8230;<\/p>\n","protected":false},"author":2,"featured_media":531,"comment_status":"closed","ping_status":"closed","sticky":false,"template":"","format":"standard","meta":[],"categories":[7],"tags":[30,38],"_links":{"self":[{"href":"https:\/\/www.infokuryr.cz\/n\/wp-json\/wp\/v2\/posts\/530"}],"collection":[{"href":"https:\/\/www.infokuryr.cz\/n\/wp-json\/wp\/v2\/posts"}],"about":[{"href":"https:\/\/www.infokuryr.cz\/n\/wp-json\/wp\/v2\/types\/post"}],"author":[{"embeddable":true,"href":"https:\/\/www.infokuryr.cz\/n\/wp-json\/wp\/v2\/users\/2"}],"replies":[{"embeddable":true,"href":"https:\/\/www.infokuryr.cz\/n\/wp-json\/wp\/v2\/comments?post=530"}],"version-history":[{"count":0,"href":"https:\/\/www.infokuryr.cz\/n\/wp-json\/wp\/v2\/posts\/530\/revisions"}],"wp:featuredmedia":[{"embeddable":true,"href":"https:\/\/www.infokuryr.cz\/n\/wp-json\/wp\/v2\/media\/531"}],"wp:attachment":[{"href":"https:\/\/www.infokuryr.cz\/n\/wp-json\/wp\/v2\/media?parent=530"}],"wp:term":[{"taxonomy":"category","embeddable":true,"href":"https:\/\/www.infokuryr.cz\/n\/wp-json\/wp\/v2\/categories?post=530"},{"taxonomy":"post_tag","embeddable":true,"href":"https:\/\/www.infokuryr.cz\/n\/wp-json\/wp\/v2\/tags?post=530"}],"curies":[{"name":"wp","href":"https:\/\/api.w.org\/{rel}","templated":true}]}}