{"id":52989,"date":"2024-05-04T00:44:33","date_gmt":"2024-05-03T22:44:33","guid":{"rendered":"https:\/\/www.infokuryr.cz\/n\/?p=52989"},"modified":"2024-05-03T16:59:40","modified_gmt":"2024-05-03T14:59:40","slug":"londyn-a-pariz-jiz-nelze-rozeznat-tvrdi-donald-trump","status":"publish","type":"post","link":"https:\/\/www.infokuryr.cz\/n\/2024\/05\/04\/londyn-a-pariz-jiz-nelze-rozeznat-tvrdi-donald-trump\/","title":{"rendered":"Lond\u00fdn a Pa\u0159\u00ed\u017e \u201eji\u017e nelze rozeznat,\u201c tvrd\u00ed Donald Trump"},"content":{"rendered":"<div id=\"fb-root\"><\/div>\n<h2 class=\"s-tagline fw-tagline\"><span>Donald Trump \u0159ekl, \u017ee Evropa \u201eotev\u0159ela sv\u00e9 dve\u0159e d\u017eih\u00e1du\u201c a nyn\u00ed plat\u00ed cenu<\/span><\/h2>\n<p><span>Historick\u00e1 evropsk\u00e1 m\u011bsta Lond\u00fdn a Pa\u0159\u00ed\u017e se po letech otev\u0159en\u00fdch hranic zm\u011bnila k nepozn\u00e1n\u00ed, prohl\u00e1sil b\u00fdval\u00fd americk\u00fd prezident Donald Trump.<\/span><\/p>\n<p><span>Republik\u00e1nsk\u00fd prezidentsk\u00fd kandid\u00e1t b\u011bhem st\u0159ede\u010dn\u00edho projevu na p\u0159edvolebn\u00ed kampani ve Wisconsinu varoval p\u0159ed nebezpe\u010d\u00edm masov\u00e9 imigrace az n\u00ed plynouc\u00edch rychl\u00fdch demografick\u00fdch zm\u011bn a \u0159ekl, \u017ee si nep\u0159eje, aby stejn\u00fd osud potkal Spojen\u00e9 st\u00e1ty.<\/span><\/p>\n<p><span>&#8222;Vid\u011bli jsme, co se stalo, kdy\u017e Evropa otev\u0159ela sv\u00e9 dve\u0159e d\u017eih\u00e1du,&#8220; \u0159ekl Trump konzervativn\u00edmu davu.<\/span><\/p>\n<p><span>\u201ePod\u00edvejte se na Pa\u0159\u00ed\u017e. Pod\u00edvejte se na Lond\u00fdn. U\u017e je nelze rozeznat,\u201c tvrdil.<\/span><\/p>\n<p><span>&#8222;A j\u00e1 se dostanu do mnoha probl\u00e9m\u016f s lidmi v Pa\u0159\u00ed\u017ei a s lidmi v Lond\u00fdn\u011b, ale v\u00ed\u0161 co?&#8220; To je fakt.\u201d<\/span><\/p>\n<figure class=\"wp-block-embed aligncenter is-type-rich is-provider-twitter wp-block-embed-twitter\">\n<div class=\"wp-block-embed__wrapper\">\n<div class=\"twitter-tweet twitter-tweet-rendered\"><iframe id=\"twitter-widget-0\" class=\"\" title=\"P\u0159\u00edsp\u011bvek X\" src=\"https:\/\/platform.twitter.com\/embed\/Tweet.html?creatorScreenName=RMXnews&amp;dnt=true&amp;embedId=twitter-widget-0&amp;features=eyJ0ZndfdGltZWxpbmVfbGlzdCI6eyJidWNrZXQiOltdLCJ2ZXJzaW9uIjpudWxsfSwidGZ3X2ZvbGxvd2VyX2NvdW50X3N1bnNldCI6eyJidWNrZXQiOnRydWUsInZlcnNpb24iOm51bGx9LCJ0ZndfdHdlZXRfZWRpdF9iYWNrZW5kIjp7ImJ1Y2tldCI6Im9uIiwidmVyc2lvbiI6bnVsbH0sInRmd19yZWZzcmNfc2Vzc2lvbiI6eyJidWNrZXQiOiJvbiIsInZlcnNpb24iOm51bGx9LCJ0ZndfZm9zbnJfc29mdF9pbnRlcnZlbnRpb25zX2VuYWJsZWQiOnsiYnVja2V0Ijoib24iLCJ2ZXJzaW9uIjpudWxsfSwidGZ3X21peGVkX21lZGlhXzE1ODk3Ijp7ImJ1Y2tldCI6InRyZWF0bWVudCIsInZlcnNpb24iOm51bGx9LCJ0ZndfZXhwZXJpbWVudHNfY29va2llX2V4cGlyYXRpb24iOnsiYnVja2V0IjoxMjA5NjAwLCJ2ZXJzaW9uIjpudWxsfSwidGZ3X3Nob3dfYmlyZHdhdGNoX3Bpdm90c19lbmFibGVkIjp7ImJ1Y2tldCI6Im9uIiwidmVyc2lvbiI6bnVsbH0sInRmd19kdXBsaWNhdGVfc2NyaWJlc190b19zZXR0aW5ncyI6eyJidWNrZXQiOiJvbiIsInZlcnNpb24iOm51bGx9LCJ0ZndfdXNlX3Byb2ZpbGVfaW1hZ2Vfc2hhcGVfZW5hYmxlZCI6eyJidWNrZXQiOiJvbiIsInZlcnNpb24iOm51bGx9LCJ0ZndfdmlkZW9faGxzX2R5bmFtaWNfbWFuaWZlc3RzXzE1MDgyIjp7ImJ1Y2tldCI6InRydWVfYml0cmF0ZSIsInZlcnNpb24iOm51bGx9LCJ0ZndfbGVnYWN5X3RpbWVsaW5lX3N1bnNldCI6eyJidWNrZXQiOnRydWUsInZlcnNpb24iOm51bGx9LCJ0ZndfdHdlZXRfZWRpdF9mcm9udGVuZCI6eyJidWNrZXQiOiJvbiIsInZlcnNpb24iOm51bGx9fQ%3D%3D&amp;frame=false&amp;hideCard=false&amp;hideThread=false&amp;id=1786035584642830610&amp;lang=en&amp;origin=https%3A%2F%2Frmx.news%2Farticle%2Flondon-and-paris-are-no-longer-recognizable-claims-donald-trump%2F&amp;sessionId=142c5d7f035820c39f32a7976e68ca00b875ce35&amp;theme=light&amp;widgetsVersion=2615f7e52b7e0%3A1702314776716&amp;width=550px\" frameborder=\"0\" scrolling=\"no\" allowfullscreen=\"allowfullscreen\" data-tweet-id=\"1786035584642830610\" data-mce-fragment=\"1\"><\/iframe><\/div>\n<\/div>\n<\/figure>\n<p><span>Trump, sou\u010dasn\u00fd favorit na znovudobyt\u00ed B\u00edl\u00e9ho domu 5. listopadu, si posteskl nad z\u00e1nikem evropsk\u00e9 kultury a tradice, ne\u017e dodal: \u201eTo tady nem\u016f\u017eeme nikdy dopustit. Nikdy nedopust\u00edm, aby se to stalo Spojen\u00fdm st\u00e1t\u016fm americk\u00fdm.\u201c<\/span><\/p>\n<p><span>B\u00fdval\u00fd prezident Spojen\u00fdch st\u00e1t\u016f dlouho mluvil o stavu liber\u00e1ln\u011b \u0159\u00edzen\u00fdch evropsk\u00fdch m\u011bst a nechvaln\u011b popisuje Brusel, de facto hlavn\u00ed m\u011bsto EU, jako \u201epekelnou d\u00edru\u201c.<\/span><\/p>\n<p><span>\u201eJe\u010fte do Bruselu, j\u00e1 jsem byl v Bruselu d\u00e1vno, p\u0159ed 20 lety, tak kr\u00e1sn\u00e9 a v\u0161echno bylo tak kr\u00e1sn\u00e9. Pr\u00e1v\u011b te\u010f je to jako \u017e\u00edt v pekeln\u00e9 d\u00ed\u0159e,\u201c \u0159ekl Trump v roce 2016 pro Fox Business Network, \u010d\u00edm\u017e rozzu\u0159il p\u0159edstavitele Evropsk\u00e9 unie.<\/span><\/p>\n<p><span>V Bruselu nyn\u00ed \u017eije 62 procent obyvatel narozen\u00fdch mimo EU, co\u017e znamen\u00e1, \u017ee Belgi\u010dan\u00e9 a dokonce i Evropan\u00e9 jako celek jsou v men\u0161in\u011b.<\/span><\/p>\n<figure class=\"wp-block-embed is-type-rich is-provider-twitter wp-block-embed-twitter\">\n<div class=\"wp-block-embed__wrapper\">\n<div class=\"twitter-tweet twitter-tweet-rendered\"><iframe id=\"twitter-widget-1\" class=\"\" title=\"P\u0159\u00edsp\u011bvek X\" src=\"https:\/\/platform.twitter.com\/embed\/Tweet.html?creatorScreenName=RMXnews&amp;dnt=true&amp;embedId=twitter-widget-1&amp;features=eyJ0ZndfdGltZWxpbmVfbGlzdCI6eyJidWNrZXQiOltdLCJ2ZXJzaW9uIjpudWxsfSwidGZ3X2ZvbGxvd2VyX2NvdW50X3N1bnNldCI6eyJidWNrZXQiOnRydWUsInZlcnNpb24iOm51bGx9LCJ0ZndfdHdlZXRfZWRpdF9iYWNrZW5kIjp7ImJ1Y2tldCI6Im9uIiwidmVyc2lvbiI6bnVsbH0sInRmd19yZWZzcmNfc2Vzc2lvbiI6eyJidWNrZXQiOiJvbiIsInZlcnNpb24iOm51bGx9LCJ0ZndfZm9zbnJfc29mdF9pbnRlcnZlbnRpb25zX2VuYWJsZWQiOnsiYnVja2V0Ijoib24iLCJ2ZXJzaW9uIjpudWxsfSwidGZ3X21peGVkX21lZGlhXzE1ODk3Ijp7ImJ1Y2tldCI6InRyZWF0bWVudCIsInZlcnNpb24iOm51bGx9LCJ0ZndfZXhwZXJpbWVudHNfY29va2llX2V4cGlyYXRpb24iOnsiYnVja2V0IjoxMjA5NjAwLCJ2ZXJzaW9uIjpudWxsfSwidGZ3X3Nob3dfYmlyZHdhdGNoX3Bpdm90c19lbmFibGVkIjp7ImJ1Y2tldCI6Im9uIiwidmVyc2lvbiI6bnVsbH0sInRmd19kdXBsaWNhdGVfc2NyaWJlc190b19zZXR0aW5ncyI6eyJidWNrZXQiOiJvbiIsInZlcnNpb24iOm51bGx9LCJ0ZndfdXNlX3Byb2ZpbGVfaW1hZ2Vfc2hhcGVfZW5hYmxlZCI6eyJidWNrZXQiOiJvbiIsInZlcnNpb24iOm51bGx9LCJ0ZndfdmlkZW9faGxzX2R5bmFtaWNfbWFuaWZlc3RzXzE1MDgyIjp7ImJ1Y2tldCI6InRydWVfYml0cmF0ZSIsInZlcnNpb24iOm51bGx9LCJ0ZndfbGVnYWN5X3RpbWVsaW5lX3N1bnNldCI6eyJidWNrZXQiOnRydWUsInZlcnNpb24iOm51bGx9LCJ0ZndfdHdlZXRfZWRpdF9mcm9udGVuZCI6eyJidWNrZXQiOiJvbiIsInZlcnNpb24iOm51bGx9fQ%3D%3D&amp;frame=false&amp;hideCard=false&amp;hideThread=false&amp;id=1784947981835174144&amp;lang=en&amp;origin=https%3A%2F%2Frmx.news%2Farticle%2Flondon-and-paris-are-no-longer-recognizable-claims-donald-trump%2F&amp;sessionId=142c5d7f035820c39f32a7976e68ca00b875ce35&amp;theme=light&amp;widgetsVersion=2615f7e52b7e0%3A1702314776716&amp;width=550px\" frameborder=\"0\" scrolling=\"no\" allowfullscreen=\"allowfullscreen\" data-tweet-id=\"1784947981835174144\" data-mce-fragment=\"1\"><\/iframe><\/div>\n<\/div>\n<\/figure>\n<p><span>B\u011bhem \u010dtvrte\u010dn\u00edch voleb starosty Lond\u00fdnsk\u00fd starosta Sadiq Khan za\u00fato\u010dil na Trumpovy pozn\u00e1mky a pou\u017eil je k tomu, aby vyzval svou podp\u016frnou z\u00e1kladnu, aby do\u0161la a volila.<\/span><\/p>\n<p><span>&#8222;Dnes je p\u0159\u00edle\u017eitost uk\u00e1zat Donaldu Trumpovi a m\u00e9mu konzervativn\u00edmu oponentovi, \u017ee Lond\u00fdn v\u017edy up\u0159ednostn\u00ed nad\u011bji p\u0159ed strachem a jednotu p\u0159ed rozd\u011blen\u00edm,&#8220; \u0159ekl.<\/span><\/p>\n<p><img decoding=\"async\" loading=\"lazy\" class=\"alignnone size-full wp-image-1185\" src=\"http:\/\/www.infokuryr.cz\/n\/wp-content\/uploads\/2021\/04\/kuryr-podpis.png\" alt=\"\" width=\"84\" height=\"24\" \/><\/p>\n<p>&nbsp;<\/p>\n<p>&nbsp;<\/p>\n","protected":false},"excerpt":{"rendered":"<p>Donald Trump \u0159ekl, \u017ee Evropa \u201eotev\u0159ela sv\u00e9 dve\u0159e d\u017eih\u00e1du\u201c a nyn\u00ed plat\u00ed cenu Historick\u00e1 evropsk\u00e1&#8230;<\/p>\n","protected":false},"author":2,"featured_media":47341,"comment_status":"closed","ping_status":"closed","sticky":false,"template":"","format":"standard","meta":[],"categories":[7],"tags":[1352,283,91],"_links":{"self":[{"href":"https:\/\/www.infokuryr.cz\/n\/wp-json\/wp\/v2\/posts\/52989"}],"collection":[{"href":"https:\/\/www.infokuryr.cz\/n\/wp-json\/wp\/v2\/posts"}],"about":[{"href":"https:\/\/www.infokuryr.cz\/n\/wp-json\/wp\/v2\/types\/post"}],"author":[{"embeddable":true,"href":"https:\/\/www.infokuryr.cz\/n\/wp-json\/wp\/v2\/users\/2"}],"replies":[{"embeddable":true,"href":"https:\/\/www.infokuryr.cz\/n\/wp-json\/wp\/v2\/comments?post=52989"}],"version-history":[{"count":0,"href":"https:\/\/www.infokuryr.cz\/n\/wp-json\/wp\/v2\/posts\/52989\/revisions"}],"wp:featuredmedia":[{"embeddable":true,"href":"https:\/\/www.infokuryr.cz\/n\/wp-json\/wp\/v2\/media\/47341"}],"wp:attachment":[{"href":"https:\/\/www.infokuryr.cz\/n\/wp-json\/wp\/v2\/media?parent=52989"}],"wp:term":[{"taxonomy":"category","embeddable":true,"href":"https:\/\/www.infokuryr.cz\/n\/wp-json\/wp\/v2\/categories?post=52989"},{"taxonomy":"post_tag","embeddable":true,"href":"https:\/\/www.infokuryr.cz\/n\/wp-json\/wp\/v2\/tags?post=52989"}],"curies":[{"name":"wp","href":"https:\/\/api.w.org\/{rel}","templated":true}]}}