{"id":52986,"date":"2024-05-04T00:43:00","date_gmt":"2024-05-03T22:43:00","guid":{"rendered":"https:\/\/www.infokuryr.cz\/n\/?p=52986"},"modified":"2024-05-03T16:55:39","modified_gmt":"2024-05-03T14:55:39","slug":"vetsina-nemcu-odmita-muslimskou-imigraci-a-vyjadruje-strach-ze-se-stanou-mensinou-v-nemecku","status":"publish","type":"post","link":"https:\/\/www.infokuryr.cz\/n\/2024\/05\/04\/vetsina-nemcu-odmita-muslimskou-imigraci-a-vyjadruje-strach-ze-se-stanou-mensinou-v-nemecku\/","title":{"rendered":"V\u011bt\u0161ina N\u011bmc\u016f odm\u00edt\u00e1 muslimskou imigraci a vyjad\u0159uje strach, \u017ee se stanou \u201emen\u0161inou v N\u011bmecku\u201c"},"content":{"rendered":"<div id=\"fb-root\"><\/div>\n<h2 class=\"s-tagline fw-tagline\"><span>T\u00e9m\u011b\u0159 polovina N\u011bmc\u016f tak\u00e9 souhlas\u00ed s tvrzen\u00edm: \u201eV\u011b\u0159\u00edm, \u017ee Evropan\u00e9 jsou postupn\u011b nahrazov\u00e1ni p\u0159ist\u011bhovalci z Afriky a Bl\u00edzk\u00e9ho v\u00fdchodu\u201c<\/span><\/h2>\n<p><span>Odm\u00edt\u00e1n\u00ed imigrant\u016f z isl\u00e1msk\u00fdch zem\u00ed se v N\u011bmecku zv\u00fd\u0161ilo, vypl\u00fdv\u00e1 z nejnov\u011bj\u0161\u00edho pr\u016fzkumu Insa, kter\u00fd si nechala vypracovat medi\u00e1ln\u00ed skupina Nius.<\/span><\/p>\n<p><span>Nejnov\u011bj\u0161\u00ed pr\u016fzkum ukazuje, \u017ee naprost\u00e1\u00a0<\/span><a class=\"ek-link\" href=\"https:\/\/jungefreiheit.de\/politik\/deutschland\/2024\/mehrheit-der-deutschen-will-keine-muslimischen-zuwanderer-mehr\/\"><span>v\u011bt\u0161ina 52 procent<\/span><\/a><span>\u00a0sp\u00ed\u0161e souhlas\u00ed s tvrzen\u00edm, \u017ee \u201eN\u011bmecko by ji\u017e obecn\u011b nem\u011blo p\u0159ij\u00edmat uprchl\u00edky z isl\u00e1msk\u00fdch zem\u00ed\u201c. Pouze 34 procent \u0159\u00edk\u00e1 \u201enesouhlas\u00ed\u201c nebo \u201esp\u00ed\u0161e nesouhlas\u00edm\u201c s t\u00edmto tvrzen\u00edm.<\/span><\/p>\n<p><span>Je\u0161t\u011b v\u011bt\u0161\u00ed souhlas panuje s tvrzen\u00edm, \u017ee \u201ev ur\u010dit\u00fdch oblastech m\u00e9ho m\u011bsta nebo vesnice m\u00e1m pocit, \u017ee u\u017e nejsem v N\u011bmecku\u201c. Podle pr\u016fzkumu s tvrzen\u00edm souhlas\u00ed 57 procent, 36 procent tento pocit nesd\u00edl\u00ed.<\/span><\/p>\n<p><span>Pr\u016fzkum d\u00e1le ukazuje, \u017ee 54 procent respondent\u016f uvedlo, \u017ee se \u201eob\u00e1vaj\u00ed, \u017ee se N\u011bmci stanou v N\u011bmecku men\u0161inou\u201c. Na druhou stranu 37 procent uvedlo, \u017ee se jich to net\u00fdk\u00e1.<\/span><\/p>\n<p><span>Relativn\u00ed v\u011bt\u0161ina podporuje teorii\u00a0<\/span><a class=\"ek-link\" href=\"https:\/\/rmx.news\/france\/top-french-intellectuals-debate-god-the-eu-euthanasia-and-immigration\/\"><span>Velk\u00e9 n\u00e1hrady<\/span><\/a><span>\u00a0, kterou tuzemsk\u00e1 zpravodajsk\u00e1 slu\u017eba \u00da\u0159ad pro ochranu \u00fastavy (BfV) klasifikuje jako \u201epravicov\u011b extremistick\u00e9\u201c hledisko. Podle pr\u016fzkumu souhlas\u00ed 45 procent respondent\u016f s tvrzen\u00edm: \u201eDomn\u00edv\u00e1m se, \u017ee Evropan\u00e9 jsou postupn\u011b nahrazov\u00e1ni p\u0159ist\u011bhovalci z Afriky a Bl\u00edzk\u00e9ho v\u00fdchodu. Men\u0161\u00ed po\u010det lid\u00ed, 41 procent, toto tvrzen\u00ed odm\u00edt\u00e1.<\/span><\/p>\n<figure class=\"wp-block-embed is-type-rich is-provider-twitter wp-block-embed-twitter\">\n<div class=\"wp-block-embed__wrapper\">\n<div class=\"twitter-tweet twitter-tweet-rendered\"><iframe id=\"twitter-widget-0\" class=\"\" title=\"P\u0159\u00edsp\u011bvek X\" src=\"https:\/\/platform.twitter.com\/embed\/Tweet.html?creatorScreenName=RMXnews&amp;dnt=true&amp;embedId=twitter-widget-0&amp;features=eyJ0ZndfdGltZWxpbmVfbGlzdCI6eyJidWNrZXQiOltdLCJ2ZXJzaW9uIjpudWxsfSwidGZ3X2ZvbGxvd2VyX2NvdW50X3N1bnNldCI6eyJidWNrZXQiOnRydWUsInZlcnNpb24iOm51bGx9LCJ0ZndfdHdlZXRfZWRpdF9iYWNrZW5kIjp7ImJ1Y2tldCI6Im9uIiwidmVyc2lvbiI6bnVsbH0sInRmd19yZWZzcmNfc2Vzc2lvbiI6eyJidWNrZXQiOiJvbiIsInZlcnNpb24iOm51bGx9LCJ0ZndfZm9zbnJfc29mdF9pbnRlcnZlbnRpb25zX2VuYWJsZWQiOnsiYnVja2V0Ijoib24iLCJ2ZXJzaW9uIjpudWxsfSwidGZ3X21peGVkX21lZGlhXzE1ODk3Ijp7ImJ1Y2tldCI6InRyZWF0bWVudCIsInZlcnNpb24iOm51bGx9LCJ0ZndfZXhwZXJpbWVudHNfY29va2llX2V4cGlyYXRpb24iOnsiYnVja2V0IjoxMjA5NjAwLCJ2ZXJzaW9uIjpudWxsfSwidGZ3X3Nob3dfYmlyZHdhdGNoX3Bpdm90c19lbmFibGVkIjp7ImJ1Y2tldCI6Im9uIiwidmVyc2lvbiI6bnVsbH0sInRmd19kdXBsaWNhdGVfc2NyaWJlc190b19zZXR0aW5ncyI6eyJidWNrZXQiOiJvbiIsInZlcnNpb24iOm51bGx9LCJ0ZndfdXNlX3Byb2ZpbGVfaW1hZ2Vfc2hhcGVfZW5hYmxlZCI6eyJidWNrZXQiOiJvbiIsInZlcnNpb24iOm51bGx9LCJ0ZndfdmlkZW9faGxzX2R5bmFtaWNfbWFuaWZlc3RzXzE1MDgyIjp7ImJ1Y2tldCI6InRydWVfYml0cmF0ZSIsInZlcnNpb24iOm51bGx9LCJ0ZndfbGVnYWN5X3RpbWVsaW5lX3N1bnNldCI6eyJidWNrZXQiOnRydWUsInZlcnNpb24iOm51bGx9LCJ0ZndfdHdlZXRfZWRpdF9mcm9udGVuZCI6eyJidWNrZXQiOiJvbiIsInZlcnNpb24iOm51bGx9fQ%3D%3D&amp;frame=false&amp;hideCard=false&amp;hideThread=false&amp;id=1784947981835174144&amp;lang=cs&amp;origin=https%3A%2F%2Frmx.news%2Farticle%2Fmajority-of-germans-reject-muslim-immigration-express-fear-of-becoming-a-minority-in-germany%2F&amp;sessionId=f2f6909ae7dcf7ba5859efa9b8321ecddfb629b1&amp;theme=light&amp;widgetsVersion=2615f7e52b7e0%3A1702314776716&amp;width=550px\" frameborder=\"0\" scrolling=\"no\" allowfullscreen=\"allowfullscreen\" data-tweet-id=\"1784947981835174144\" data-mce-fragment=\"1\"><\/iframe><\/div>\n<\/div>\n<\/figure>\n<h2 id=\"racism-against-whites\" class=\"rb-heading-index-0-115482 wp-block-heading\"><span>Rasismus proti b\u00edl\u00fdm<\/span><\/h2>\n<p><span>Dv\u011b t\u0159etiny N\u011bmc\u016f (65 procent) souhlas\u00ed s tvrzen\u00edm, \u017ee v N\u011bmecku existuje \u201erasismus proti b\u00edl\u00fdm\u201c, zat\u00edmco jen mal\u00e1 men\u0161ina 22 procent si mysl\u00ed, \u017ee to nen\u00ed pravda.<\/span><\/p>\n<p><span>Velk\u00e1 v\u011bt\u0161ina se tak\u00e9 domn\u00edv\u00e1, \u017ee integrace nefungovala, p\u0159i\u010dem\u017e 58 procent odpov\u011bd\u011blo \u201ene\u201c na ot\u00e1zku, zda se \u201emigranti v N\u011bmecku z velk\u00e9 \u010d\u00e1sti integrovali dob\u0159e\u201c. Pouze 29 procent respondent\u016f tvrd\u00ed, \u017ee se migranti integrovali dob\u0159e.<\/span><\/p>\n<h2 id=\"immigrants-burden-the-german-school-system\" class=\"rb-heading-index-1-115482 wp-block-heading\"><span>Imigranti zat\u011b\u017euj\u00ed n\u011bmeck\u00fd \u0161kolsk\u00fd syst\u00e9m<\/span><\/h2>\n<p><span>Naprost\u00e1 v\u011bt\u0161ina N\u011bmc\u016f souhlas\u00ed s tvrzen\u00edm, \u017ee \u201esou\u010dasn\u00e1 migrace p\u0159et\u011b\u017euje n\u011bmeck\u00fd \u0161kolsk\u00fd syst\u00e9m\u201c. V\u00fdsledky ukazuj\u00ed, \u017ee 75 procent, tedy t\u0159i \u010dtvrtiny, s t\u00edmto tvrzen\u00edm souhlas\u00ed, zat\u00edmco 22 procent tvrd\u00ed, \u017ee v tom nevid\u00ed probl\u00e9m.<\/span><\/p>\n<p><span>Remix News ji\u017e d\u0159\u00edve informoval o probl\u00e9mech, kter\u00fdm \u010del\u00ed \u0161koln\u00ed syst\u00e9m zem\u011b, kter\u00fd je st\u00e1le v\u00edce tvo\u0159en populac\u00ed p\u0159ist\u011bhovalc\u016f a v n\u011bkter\u00fdch m\u011bstech dokonce tvo\u0159\u00ed v\u011bt\u0161inu student\u016f. U\u010ditel\u00e9 a \u0159editel\u00e9 \u010del\u00ed \u00fatok\u016fm, p\u0159epln\u011bnosti t\u0159\u00edd, jazykov\u00fdm pot\u00ed\u017e\u00edm a agresivn\u00edm st\u0159et\u016fm mezi men\u0161inov\u00fdmi skupinami.<\/span><\/p>\n<p><span>Pr\u016fzkum navazuje na\u00a0<\/span><a class=\"ek-link\" href=\"https:\/\/rmx.news\/germany\/majority-of-germans-say-migrants-bring-more-problems-than-benefits-want-limit-on-refugees\/\"><span>s\u00e9rii pr\u016fzkum\u016f ve\u0159ejn\u00e9ho m\u00edn\u011bn\u00ed<\/span><\/a><span>\u00a0, kter\u00e9 ukazuj\u00ed, \u017ee N\u011bmci rychle ochabuj\u00ed masovou imigrac\u00ed. V sou\u010dasnosti je nejobl\u00edben\u011bj\u0161\u00ed stranou mezi n\u011bmeckou ml\u00e1de\u017e\u00ed protiimigra\u010dn\u00ed strana Alternativa pro N\u011bmecko (AfD), zat\u00edmco AfD je nyn\u00ed druhou nejpopul\u00e1rn\u011bj\u0161\u00ed stranou v zemi, i kdy\u017e celkov\u00e1 podpora strany zaznamenala m\u00edrn\u00fd pokles o 3 a\u017e 4 body za posledn\u00ed t\u0159i a\u017e \u010dty\u0159i m\u011bs\u00edce.<\/span><\/p>\n<p><span>Zrovna tento t\u00fdden pochodovalo v Hamburku p\u0159ibli\u017en\u011b 1000 muslim\u016f pat\u0159\u00edc\u00edch k radik\u00e1ln\u00ed skupin\u011b pro \u0161ar\u00edu, aby\u00a0<\/span><a class=\"ek-link\" href=\"https:\/\/rmx.news\/article\/islamists-call-for-germany-to-become-a-caliphate-in-mass-march-through-hamburg\/\"><span>vyzvali k vytvo\u0159en\u00ed chal\u00edf\u00e1tu v N\u011bmecku,<\/span><\/a><span>\u00a0co\u017e vyvolalo celost\u00e1tn\u00ed titulky a ostrou debatu o rostouc\u00ed muslimsk\u00e9 populaci v zemi. Minul\u00fd m\u011bs\u00edc bylo ozn\u00e1meno, \u017ee pod\u00edl cizinc\u016f p\u00e1chaj\u00edc\u00edch trestnou \u010dinnost v zemi dos\u00e1hl rekordn\u00edch\u00a0<\/span><a class=\"ek-link\" href=\"https:\/\/rmx.news\/crime\/migrant-crime-explodes-higher-in-germany-in-2023-violent-crime-hits-record-levels\/\"><span>41 procent<\/span><\/a><span>.<\/span><\/p>\n<p><img decoding=\"async\" loading=\"lazy\" class=\"alignnone size-full wp-image-1185\" src=\"http:\/\/www.infokuryr.cz\/n\/wp-content\/uploads\/2021\/04\/kuryr-podpis.png\" alt=\"\" width=\"84\" height=\"24\" \/><\/p>\n<p><img decoding=\"async\" loading=\"lazy\" class=\"wp-image-52970 aligncenter\" src=\"http:\/\/www.infokuryr.cz\/n\/wp-content\/uploads\/2024\/05\/rajch-pro-212x300.jpg\" alt=\"\" width=\"679\" height=\"961\" srcset=\"https:\/\/www.infokuryr.cz\/n\/wp-content\/uploads\/2024\/05\/rajch-pro-212x300.jpg 212w, https:\/\/www.infokuryr.cz\/n\/wp-content\/uploads\/2024\/05\/rajch-pro.jpg 556w\" sizes=\"(max-width: 679px) 100vw, 679px\" \/><\/p>\n<p>&nbsp;<\/p>\n","protected":false},"excerpt":{"rendered":"<p>T\u00e9m\u011b\u0159 polovina N\u011bmc\u016f tak\u00e9 souhlas\u00ed s tvrzen\u00edm: \u201eV\u011b\u0159\u00edm, \u017ee Evropan\u00e9 jsou postupn\u011b nahrazov\u00e1ni p\u0159ist\u011bhovalci z&#8230;<\/p>\n","protected":false},"author":2,"featured_media":52987,"comment_status":"closed","ping_status":"closed","sticky":false,"template":"","format":"standard","meta":[],"categories":[7],"tags":[119,429,620,4985],"_links":{"self":[{"href":"https:\/\/www.infokuryr.cz\/n\/wp-json\/wp\/v2\/posts\/52986"}],"collection":[{"href":"https:\/\/www.infokuryr.cz\/n\/wp-json\/wp\/v2\/posts"}],"about":[{"href":"https:\/\/www.infokuryr.cz\/n\/wp-json\/wp\/v2\/types\/post"}],"author":[{"embeddable":true,"href":"https:\/\/www.infokuryr.cz\/n\/wp-json\/wp\/v2\/users\/2"}],"replies":[{"embeddable":true,"href":"https:\/\/www.infokuryr.cz\/n\/wp-json\/wp\/v2\/comments?post=52986"}],"version-history":[{"count":1,"href":"https:\/\/www.infokuryr.cz\/n\/wp-json\/wp\/v2\/posts\/52986\/revisions"}],"predecessor-version":[{"id":52988,"href":"https:\/\/www.infokuryr.cz\/n\/wp-json\/wp\/v2\/posts\/52986\/revisions\/52988"}],"wp:featuredmedia":[{"embeddable":true,"href":"https:\/\/www.infokuryr.cz\/n\/wp-json\/wp\/v2\/media\/52987"}],"wp:attachment":[{"href":"https:\/\/www.infokuryr.cz\/n\/wp-json\/wp\/v2\/media?parent=52986"}],"wp:term":[{"taxonomy":"category","embeddable":true,"href":"https:\/\/www.infokuryr.cz\/n\/wp-json\/wp\/v2\/categories?post=52986"},{"taxonomy":"post_tag","embeddable":true,"href":"https:\/\/www.infokuryr.cz\/n\/wp-json\/wp\/v2\/tags?post=52986"}],"curies":[{"name":"wp","href":"https:\/\/api.w.org\/{rel}","templated":true}]}}