{"id":52949,"date":"2024-05-03T00:45:55","date_gmt":"2024-05-02T22:45:55","guid":{"rendered":"https:\/\/www.infokuryr.cz\/n\/?p=52949"},"modified":"2024-05-03T05:30:07","modified_gmt":"2024-05-03T03:30:07","slug":"jindrich-kulhavy-kvetnove-dny","status":"publish","type":"post","link":"https:\/\/www.infokuryr.cz\/n\/2024\/05\/03\/jindrich-kulhavy-kvetnove-dny\/","title":{"rendered":"Jind\u0159ich Kulhav\u00fd: Kv\u011btnov\u00e9 dny"},"content":{"rendered":"<div id=\"fb-root\"><\/div>\n<p><span class=\"anotation\">Ji\u017e n\u011bkolik des\u00edtek let v\u00a0t\u011bchto kv\u011btnov\u00fdch dnech oslavujeme por\u00e1\u017eku nacismu v\u00a0Evrop\u011b. Jej\u00ed existenci si na vlastn\u00ed k\u016f\u017ei pro\u017eila u\u017e jen ta nejstar\u0161\u00ed generace, nav\u00edc pouze v\u00a0pr\u016fb\u011bhu sv\u00e9ho d\u011btstv\u00ed, tak\u017ee skute\u010dn\u00fdch pam\u011btn\u00edk\u016f schopn\u00fdch p\u0159in\u00e1\u0161et pocity z\u00a0tehdej\u0161\u00edho \u0159\u00e1d\u011bn\u00ed n\u011bmeck\u00fdch fa\u0161ist\u016f a jejich ideov\u00fdch spolubojovn\u00edk\u016f v\u00fdrazn\u011b ka\u017ed\u00fd rok ub\u00fdv\u00e1. P\u0159idejme k\u00a0tomu probl\u00e9my spojen\u00e9 s\u00a0vysok\u00fdm v\u011bkem, tedy ztr\u00e1tu pam\u011bti, tak\u00e9 energie a chuti p\u0159ed\u00e1vat sv\u00e9 z\u00e1\u017eitky mlad\u00fdm, v\u00a0neposledn\u00ed \u0159ad\u011b i zm\u011bnu politick\u00e9ho my\u0161len\u00ed dal\u0161\u00edch generac\u00ed, a nem\u016f\u017eeme vn\u00edmat nic jin\u00e9ho, ne\u017e ztr\u00e1tu re\u00e1ln\u00e9ho p\u0159\u00edstupu k zlo\u010dinn\u00e9mu chov\u00e1n\u00ed nacist\u016f.<\/span><\/p>\n<div id=\"pagetext\">\n<p>\u00a0\u00a0Nen\u00e1vist liber\u00e1l\u016f a eurohujer\u016f k\u00a0Rusku je neomluviteln\u00e1. 2.sv\u011btov\u00e1 v\u00e1lka je i po desetilet\u00edch od sv\u00e9ho vzniku i konce varovn\u00fdm mementem. Mili\u00f3ny mrtv\u00fdch, umu\u010den\u00fdch a zb\u00edda\u010den\u00fdch lid\u00ed z\u00a0mnoha n\u00e1rod\u016f jsou skute\u010dn\u00fdm varov\u00e1n\u00edm p\u0159ed dal\u0161\u00ed eskalac\u00ed hami\u017enosti, nesn\u00e1\u0161enlivosti a neochoty hledat cesty k\u00a0vz\u00e1jemn\u011b prosp\u011b\u0161n\u00fdm dohod\u00e1m. Op\u011bt se n\u00e1m tak vrac\u00ed ne\u00facta k\u00a0\u017eivotu, ke zdrav\u00ed a k\u00a0pr\u00e1vu na sebeur\u010den\u00ed ka\u017ed\u00e9ho jednotliv\u00e9ho n\u00e1roda. N\u011bmecko u\u017e v\u00a0minulosti mnohokr\u00e1t uk\u00e1zalo svou agresivn\u00ed tv\u00e1\u0159 a germ\u00e1nsk\u00e9 hordy dopln\u011bn\u00e9 dal\u0161\u00edmi z\u00a0jin\u00fdch st\u00e1t\u016f op\u011bt za\u010daly terorizovat sv\u00e9 okol\u00ed. Tehdy v\u00a0Mnichov\u011b n\u00e1s zradili na\u0161i domn\u011bl\u00ed p\u0159\u00e1tel\u00e9, jejich\u017e naivita a lenost zp\u016fsobily na \u010das ukon\u010den\u00ed existence \u010ceskoslovenska. To se u\u017e nikdy nevr\u00e1tilo k\u00a0tomu, jak v\u00fdznamnou a rozvinutou zem\u00ed bylo za kr\u00e1tk\u00e9 obdob\u00ed 1.republiky. P\u0159esto to byla Rud\u00e1 arm\u00e1da, kdo n\u00e1m vr\u00e1til nad\u011bji.<\/p>\n<p>Byli to Sov\u011bti, kdo vyhnal N\u011bmce od Moskvy, pot\u00e9 i z\u00a0Polska, Slovenska a z\u00a0\u010cech. Otev\u0159eli br\u00e1ny koncentra\u010dn\u00edch t\u00e1bor\u016f a jako bonus za svou odvahu i v\u00fddr\u017e a bojovnost byli p\u0159edur\u010deni k\u00a0dobyt\u00ed Prahy i Berl\u00edna. Demarka\u010dn\u00ed \u010d\u00e1ra byla dan\u00e1, p\u0159esto\u017ee by Ameri\u010dan\u00e9 byli v\u00a0Praze mo\u017en\u00e1 d\u0159\u00edve. Po ofici\u00e1ln\u00edm skon\u010den\u00ed v\u00e1lky, mo\u017en\u00e1 dokonce u\u017e p\u0159ed n\u00edm, v\u0161ak bylo jasn\u00e9, \u017ee siln\u00fd Sov\u011btsk\u00fd svaz se sv\u00fdm strategick\u00fdm z\u00e1zem\u00edm bude v\u00a0p\u0159\u00ed\u0161t\u00edch desetilet\u00edch vznikaj\u00edc\u00edmu Z\u00e1padu vadit. Ne, nechceme si hr\u00e1t na historiky, ale jist\u00e9 je, \u017ee nacistick\u00e9 mozky zmizely na n\u011bjakou dobu ze sc\u00e9ny, aby se pozd\u011bji vr\u00e1tily rehabilitovan\u00e9 do b\u011b\u017en\u00e9ho \u017eivota pr\u00e1v\u011b na \u00fazem\u00ed z\u00e1padn\u00edch zem\u00ed. Nebezpe\u010dn\u00e1 ideologie tak nebyla vym\u00fdcena a mohli se rodit jej\u00ed dal\u0161\u00ed propag\u00e1to\u0159i. Tak\u00e9 pohrobci firem \u00fasp\u011b\u0161n\u00fdch za \u00e9ry nacistick\u00e9ho N\u011bmecka a tvo\u0159\u00edc\u00ed z\u00e1klad jeho hospod\u00e1\u0159stv\u00ed nep\u0159estaly existovat a transformovaly se do sou\u010dasn\u00fdch pr\u016fmyslov\u00fdch gigant\u016f.<\/p>\n<p><a href=\"https:\/\/stranapro.cz\/\"><img decoding=\"async\" loading=\"lazy\" class=\"alignnone  wp-image-40285 aligncenter\" src=\"http:\/\/www.infokuryr.cz\/n\/wp-content\/uploads\/2023\/11\/11pro-300x79.png\" alt=\"\" width=\"756\" height=\"199\" srcset=\"https:\/\/www.infokuryr.cz\/n\/wp-content\/uploads\/2023\/11\/11pro-300x79.png 300w, https:\/\/www.infokuryr.cz\/n\/wp-content\/uploads\/2023\/11\/11pro.png 363w\" sizes=\"(max-width: 756px) 100vw, 756px\" \/><\/a><\/p>\n<p>Sov\u011btsk\u00fd svaz a jeho geopolitick\u00fd n\u00e1stupce Rusko nakonec z\u016fstali jedin\u00fdm skute\u010dn\u00fdm bojovn\u00edkem proti nacismu v\u00a0jeho modern\u00ed podob\u011b. A m\u00e1 mnoho d\u016fvod\u016f v\u00a0tom nep\u0159est\u00e1vat. Je naprosto evidentn\u00ed, \u017ee na Ukrajin\u011b m\u00e1 tato ideologie st\u00e1le velk\u00e9 mno\u017estv\u00ed zast\u00e1nc\u016f, nav\u00edc podporovan\u00fdch st\u00e1tn\u00edmi slo\u017ekami. A vzhledem k\u00a0tomu, \u017ee je nam\u00ed\u0159en\u00e1 proti Rus\u016fm a historick\u00e1 nen\u00e1vist vych\u00e1z\u00ed z\u00a0krut\u00e9 por\u00e1\u017eky maj\u00edc\u00ed z\u00e1klad v\u00a0drsn\u00e9 bitv\u011b u Stalingradu a na cel\u00e9 bojov\u00e9 linii t\u00e1hnouc\u00ed se od Leningradu (Petrohradu) a\u017e na jih, m\u00e1 zast\u00e1n\u00ed i u z\u00e1padn\u00edch zem\u00ed dopuj\u00edc\u00edch ji zbran\u011bmi, pen\u011bzi a medi\u00e1ln\u00ed podporou. Sice skryt\u011b a tak, aby nebylo zjevn\u00e9, nakolik se ukrofa\u0161ist\u016fm fand\u00ed, schov\u00e1v\u00e1 se to za ofici\u00e1ln\u00ed Zelensk\u00e9ho re\u017eim, nicm\u00e9n\u011b \u0159\u00e1d\u011bn\u00ed n\u00e1ck\u016f v\u00a0Od\u011bse \u010di na v\u00fdchodu Ukrajiny p\u0159ehl\u00ed\u017e\u00ed jen nejv\u011bt\u0161\u00ed ignoranti.<\/p>\n<p>Bohu\u017eel i u n\u00e1s doch\u00e1z\u00ed k\u00a0pop\u00edr\u00e1n\u00ed historick\u00fdch fakt\u016f. Str\u017een\u00ed sochy mar\u0161\u00e1la Kon\u011bva, p\u0159ejmenov\u00e1n\u00ed Kon\u011bvovi ulice a likvidace n\u011bkter\u00fdch pam\u00e1tn\u00edk\u016f v\u011bnovan\u00fdch hrdin\u016fm z\u00a02.sv\u011btov\u00e9 v\u00e1lky, postupn\u00e9 utlumov\u00e1n\u00ed oslav por\u00e1\u017eky hitlerovsk\u00e9ho N\u011bmecka ve sv\u011bt\u011b a p\u0159episov\u00e1n\u00ed d\u011bjin, glorifikov\u00e1n\u00ed Banderovc\u016f \u010di m\u0161e za gr\u00e1zly bojuj\u00edc\u00edch pod nacistickou vlajkou proti vlastn\u00edm bratr\u016fm, to v\u0161e je ostudou a d\u016fkazem n\u00e1vratu zla. U n\u00e1s za protirusk\u00fdm ta\u017een\u00edm vid\u00edme p\u0159edev\u0161\u00edm prounijn\u00ed liber\u00e1ly zmanipulovan\u00e9 a zkorumpovan\u00e9 Washingtonem i Bruselem. Jm\u00e9na\u00a0Kol\u00e1\u0159, \u010ci\u017einsk\u00fd, Pekarov\u00e1-Adamov\u00e1 a dal\u0161\u00ed\u00a0v\u00a0n\u011bkter\u00fdch z n\u00e1s pak probouz\u00ed vztek nad t\u00edm, jak relativn\u011b mlad\u00e1 generace naprosto programovan\u011b l\u017ee a manipuluje s\u00a0histori\u00ed.<\/p>\n<p>Netvrd\u00edme, \u017ee se na n\u00e1s sov\u011btsk\u00fd vliv p\u00e1r desetilet\u00ed po v\u00e1lce nepodepsal. Komunistick\u00fd pu\u010d v\u0161ak vyvolali a uskute\u010dnili na\u0161i bezp\u00e1te\u0159n\u00ed politici a n\u00e1sleduj\u00edc\u00ed roky byly dal\u0161\u00edch extr\u00e9mem. \u00a0\u00a0Socialismus n\u00e1m hlavn\u011b v\u00a0roce 1968, a pot\u00e9 i bl\u00edzko sv\u00e9ho konce, p\u0159ipadal zastaral\u00fd, nepru\u017en\u00fd a svazuj\u00edc\u00ed. 35 let od jeho konce vn\u00edm\u00e1me, \u017ee ten obdivovan\u00fd Z\u00e1pad stihnul zdegenerovat je\u0161t\u011b v\u00edce. Plno lid\u00ed, stejn\u011b jako za 1.republiky. vn\u00edm\u00e1 Rusko s\u00a0despektem. A plno dal\u0161\u00edch, kte\u0159\u00ed si uv\u011bdomuj\u00ed, kam se propad\u00e1 americk\u00fd vazal, tedy Evropsk\u00e1 unie, se k\u00a0Moskv\u011b obrac\u00ed s\u00a0jistou nad\u011bj\u00ed. V\u0161e m\u00e1 sv\u016fj \u010das, jist\u00e9 v\u0161ak je, \u017ee absolutn\u00ed v\u011bt\u0161ina z\u00a0n\u00e1s nechce \u017e\u00e1dnou v\u00e1lku. Rusov\u00e9 si sv\u00e9 v\u00edt\u011bzstv\u00ed nad N\u011bmeckem p\u0159ipom\u00ednaj\u00ed dodnes a d\u00e1 se \u0159\u00edct, \u017ee si udr\u017euj\u00ed svou bojovou mor\u00e1lku. Ne, nejsou neporaziteln\u00ed. Ale jsou natolik hrd\u00ed, \u017ee se jsou schopni z\u00a0por\u00e1\u017eek pou\u010dit a vr\u00e1tit se v\u00a0pln\u00e9 s\u00edle. Tak, jako v\u00a0roce 1945. Tehdy n\u00e1s osvobodili a kdo o tom vzn\u00e1\u0161\u00ed pochybnosti, l\u017ee s\u00e1m sob\u011b. Proukrajinsk\u00fd fanatismus je jen dal\u0161\u00edm ideologick\u00fdm p\u0159e\u0161lapem. Mo\u017en\u00e1 jednou budeme r\u00e1di za dal\u0161\u00ed nov\u00fd kv\u011bten. Tedy jestli se ho do\u017eijeme.<\/p>\n<p><a href=\"https:\/\/www.inadhled.live\/uvaha-dne\/kvetnove-dny\/\">Jind\u0159ich Kulhav\u00fd<\/a><\/p>\n<p><img decoding=\"async\" loading=\"lazy\" class=\"alignnone size-full wp-image-48136\" src=\"http:\/\/www.infokuryr.cz\/n\/wp-content\/uploads\/2024\/02\/kulhavy-jindrich.jpg\" alt=\"\" width=\"219\" height=\"221\" srcset=\"https:\/\/www.infokuryr.cz\/n\/wp-content\/uploads\/2024\/02\/kulhavy-jindrich.jpg 219w, https:\/\/www.infokuryr.cz\/n\/wp-content\/uploads\/2024\/02\/kulhavy-jindrich-150x150.jpg 150w\" sizes=\"(max-width: 219px) 100vw, 219px\" \/><\/p>\n<\/div>\n","protected":false},"excerpt":{"rendered":"<p>Ji\u017e n\u011bkolik des\u00edtek let v\u00a0t\u011bchto kv\u011btnov\u00fdch dnech oslavujeme por\u00e1\u017eku nacismu v\u00a0Evrop\u011b. Jej\u00ed existenci si na&#8230;<\/p>\n","protected":false},"author":2,"featured_media":52950,"comment_status":"closed","ping_status":"closed","sticky":false,"template":"","format":"standard","meta":[],"categories":[6],"tags":[1503,2308,230],"_links":{"self":[{"href":"https:\/\/www.infokuryr.cz\/n\/wp-json\/wp\/v2\/posts\/52949"}],"collection":[{"href":"https:\/\/www.infokuryr.cz\/n\/wp-json\/wp\/v2\/posts"}],"about":[{"href":"https:\/\/www.infokuryr.cz\/n\/wp-json\/wp\/v2\/types\/post"}],"author":[{"embeddable":true,"href":"https:\/\/www.infokuryr.cz\/n\/wp-json\/wp\/v2\/users\/2"}],"replies":[{"embeddable":true,"href":"https:\/\/www.infokuryr.cz\/n\/wp-json\/wp\/v2\/comments?post=52949"}],"version-history":[{"count":0,"href":"https:\/\/www.infokuryr.cz\/n\/wp-json\/wp\/v2\/posts\/52949\/revisions"}],"wp:featuredmedia":[{"embeddable":true,"href":"https:\/\/www.infokuryr.cz\/n\/wp-json\/wp\/v2\/media\/52950"}],"wp:attachment":[{"href":"https:\/\/www.infokuryr.cz\/n\/wp-json\/wp\/v2\/media?parent=52949"}],"wp:term":[{"taxonomy":"category","embeddable":true,"href":"https:\/\/www.infokuryr.cz\/n\/wp-json\/wp\/v2\/categories?post=52949"},{"taxonomy":"post_tag","embeddable":true,"href":"https:\/\/www.infokuryr.cz\/n\/wp-json\/wp\/v2\/tags?post=52949"}],"curies":[{"name":"wp","href":"https:\/\/api.w.org\/{rel}","templated":true}]}}