{"id":52943,"date":"2024-05-03T00:37:53","date_gmt":"2024-05-02T22:37:53","guid":{"rendered":"https:\/\/www.infokuryr.cz\/n\/?p=52943"},"modified":"2024-05-03T05:15:07","modified_gmt":"2024-05-03T03:15:07","slug":"jitka-urbankova-cesi-potrebuji-vlastni-nemovitost-duchod-na-najem-casto-nestaci","status":"publish","type":"post","link":"https:\/\/www.infokuryr.cz\/n\/2024\/05\/03\/jitka-urbankova-cesi-potrebuji-vlastni-nemovitost-duchod-na-najem-casto-nestaci\/","title":{"rendered":"Jitka Urb\u00e1nkov\u00e1: \u010ce\u0161i pot\u0159ebuj\u00ed vlastn\u00ed nemovitost. D\u016fchod na n\u00e1jem \u010dasto nesta\u010d\u00ed"},"content":{"rendered":"<div id=\"fb-root\"><\/div>\n<p><strong>Mus\u00edme ud\u011blat v\u0161e pro to, aby si ob\u010dan\u00e9 mohli po\u0159\u00eddit vlastn\u00ed bydlen\u00ed. Senio\u0159i v \u010cesku si n\u00e1jem nemohou dovolit. Nelze se srovn\u00e1vat s N\u011bmeckem \u010di Rakouskem, kde je pron\u00e1jem sice b\u011b\u017en\u011bj\u0161\u00ed, ale mzdy a d\u016fchody jsou nesrovnateln\u011b vy\u0161\u0161\u00ed.<\/strong><\/p>\n<p>O tom a dal\u0161\u00edch t\u00e9matech jsme se bavili v nov\u00e9m podcastu, kde v\u00e1m budu pr\u016fb\u011b\u017en\u011b p\u0159edstavovat zaj\u00edmav\u00e9 hosty a osobnosti. Budu moc r\u00e1d, kdy\u017e si dne\u0161n\u00ed d\u00edl pust\u00edte a nap\u00ed\u0161ete n\u00e1m v\u00e1\u0161 n\u00e1zor nebo post\u0159eh do koment\u00e1\u0159\u016f. Pros\u00edm tak\u00e9 o sd\u00edlen\u00ed. P\u0159edem moc d\u011bkuji!<\/p>\n<p>Ing. Jitka Urb\u00e1nkov\u00e1 je radn\u00ed m\u011bstsk\u00e9 \u010d\u00e1sti Praha 2 (ANO) se specializac\u00ed na bytovou politiku a kandid\u00e1tkou do Evropsk\u00e9ho parlamentu za hnut\u00ed ANO.<\/p>\n<p><iframe loading=\"lazy\" title=\"Jitka Urb\u00e1nkov\u00e1: \u010ce\u0161i pot\u0159ebuj\u00ed vlastn\u00ed nemovitost. D\u016fchod na n\u00e1jem \u010dasto nesta\u010d\u00ed.\" width=\"640\" height=\"360\" src=\"https:\/\/www.youtube.com\/embed\/Y1mKWh2bf-o?feature=oembed\" frameborder=\"0\" allow=\"accelerometer; autoplay; clipboard-write; encrypted-media; gyroscope; picture-in-picture; web-share\" referrerpolicy=\"strict-origin-when-cross-origin\" allowfullscreen><\/iframe><\/p>\n<p><span style=\"font-size: 14pt;\"><strong>Ing. Ond\u0159ej Prokop, p\u0159edseda hnut\u00ed ANO v Praze<\/strong><\/span><\/p>\n<p>______________________________________________________________<\/p>\n<p>&nbsp;<\/p>\n<p><a href=\"https:\/\/stranapro.cz\/\"><img decoding=\"async\" loading=\"lazy\" class=\"wp-image-40286 aligncenter\" src=\"http:\/\/www.infokuryr.cz\/n\/wp-content\/uploads\/2023\/11\/12pro-300x87.png\" alt=\"\" width=\"1031\" height=\"299\" srcset=\"https:\/\/www.infokuryr.cz\/n\/wp-content\/uploads\/2023\/11\/12pro-300x87.png 300w, https:\/\/www.infokuryr.cz\/n\/wp-content\/uploads\/2023\/11\/12pro.png 366w\" sizes=\"(max-width: 1031px) 100vw, 1031px\" \/><\/a><\/p>\n<p>&nbsp;<\/p>\n<p>&nbsp;<\/p>\n","protected":false},"excerpt":{"rendered":"<p>Mus\u00edme ud\u011blat v\u0161e pro to, aby si ob\u010dan\u00e9 mohli po\u0159\u00eddit vlastn\u00ed bydlen\u00ed. Senio\u0159i v \u010cesku&#8230;<\/p>\n","protected":false},"author":2,"featured_media":47151,"comment_status":"closed","ping_status":"closed","sticky":false,"template":"","format":"standard","meta":[],"categories":[6],"tags":[632,1503,6313,1582,889],"_links":{"self":[{"href":"https:\/\/www.infokuryr.cz\/n\/wp-json\/wp\/v2\/posts\/52943"}],"collection":[{"href":"https:\/\/www.infokuryr.cz\/n\/wp-json\/wp\/v2\/posts"}],"about":[{"href":"https:\/\/www.infokuryr.cz\/n\/wp-json\/wp\/v2\/types\/post"}],"author":[{"embeddable":true,"href":"https:\/\/www.infokuryr.cz\/n\/wp-json\/wp\/v2\/users\/2"}],"replies":[{"embeddable":true,"href":"https:\/\/www.infokuryr.cz\/n\/wp-json\/wp\/v2\/comments?post=52943"}],"version-history":[{"count":0,"href":"https:\/\/www.infokuryr.cz\/n\/wp-json\/wp\/v2\/posts\/52943\/revisions"}],"wp:featuredmedia":[{"embeddable":true,"href":"https:\/\/www.infokuryr.cz\/n\/wp-json\/wp\/v2\/media\/47151"}],"wp:attachment":[{"href":"https:\/\/www.infokuryr.cz\/n\/wp-json\/wp\/v2\/media?parent=52943"}],"wp:term":[{"taxonomy":"category","embeddable":true,"href":"https:\/\/www.infokuryr.cz\/n\/wp-json\/wp\/v2\/categories?post=52943"},{"taxonomy":"post_tag","embeddable":true,"href":"https:\/\/www.infokuryr.cz\/n\/wp-json\/wp\/v2\/tags?post=52943"}],"curies":[{"name":"wp","href":"https:\/\/api.w.org\/{rel}","templated":true}]}}