{"id":52933,"date":"2024-05-03T00:45:33","date_gmt":"2024-05-02T22:45:33","guid":{"rendered":"https:\/\/www.infokuryr.cz\/n\/?p=52933"},"modified":"2024-05-02T16:05:56","modified_gmt":"2024-05-02T14:05:56","slug":"dalsi-noc-s-novou-vlnou-uderu-v-odese","status":"publish","type":"post","link":"https:\/\/www.infokuryr.cz\/n\/2024\/05\/03\/dalsi-noc-s-novou-vlnou-uderu-v-odese\/","title":{"rendered":"Dal\u0161\u00ed noc s novou vlnou \u00fader\u016f v Od\u011bse"},"content":{"rendered":"<div id=\"fb-root\"><\/div>\n<p><strong>Noc p\u0159ich\u00e1z\u00ed na Ukrajinu s nov\u00fdmi rusk\u00fdmi p\u0159esn\u00fdmi \u00fadery na vojensk\u00e9 c\u00edle v zadn\u00edch oblastech. Ve\u010der 1. kv\u011btna se ji\u017en\u00ed m\u011bsto Od\u011bsa dostalo pod novou vlnu rusk\u00fdch \u00fader\u016f.<\/strong><\/p>\n<p>Z\u00e1b\u011bry z m\u011bsta potvrdily n\u011bkolik velk\u00fdch exploz\u00ed. V d\u016fsledku \u00fatoku vypukl rozs\u00e1hl\u00fd po\u017e\u00e1r sklad\u016f ve m\u011bst\u011b. M\u011bsto bylo pravd\u011bpodobn\u011b c\u00edlem rusk\u00fdch raket Iskander-M.<\/p>\n<div style=\"width: 464px;\" class=\"wp-video\"><!--[if lt IE 9]><script>document.createElement('video');<\/script><![endif]-->\n<video class=\"wp-video-shortcode\" id=\"video-52933-1\" width=\"464\" height=\"848\" preload=\"metadata\" controls=\"controls\"><source type=\"video\/mp4\" src=\"http:\/\/www.infokuryr.cz\/n\/wp-content\/uploads\/2024\/05\/Od1.mp4?_=1\" \/><a href=\"http:\/\/www.infokuryr.cz\/n\/wp-content\/uploads\/2024\/05\/Od1.mp4\">http:\/\/www.infokuryr.cz\/n\/wp-content\/uploads\/2024\/05\/Od1.mp4<\/a><\/video><\/div>\n<p>&nbsp;<\/p>\n<div style=\"width: 360px;\" class=\"wp-video\"><video class=\"wp-video-shortcode\" id=\"video-52933-2\" width=\"360\" height=\"640\" preload=\"metadata\" controls=\"controls\"><source type=\"video\/mp4\" src=\"http:\/\/www.infokuryr.cz\/n\/wp-content\/uploads\/2024\/05\/Od2-1.mp4?_=2\" \/><a href=\"http:\/\/www.infokuryr.cz\/n\/wp-content\/uploads\/2024\/05\/Od2-1.mp4\">http:\/\/www.infokuryr.cz\/n\/wp-content\/uploads\/2024\/05\/Od2-1.mp4<\/a><\/video><\/div>\n<p>&nbsp;<\/p>\n<div style=\"width: 640px;\" class=\"wp-video\"><video class=\"wp-video-shortcode\" id=\"video-52933-3\" width=\"640\" height=\"1138\" preload=\"metadata\" controls=\"controls\"><source type=\"video\/mp4\" src=\"http:\/\/www.infokuryr.cz\/n\/wp-content\/uploads\/2024\/05\/Od2-2.mp4?_=3\" \/><a href=\"http:\/\/www.infokuryr.cz\/n\/wp-content\/uploads\/2024\/05\/Od2-2.mp4\">http:\/\/www.infokuryr.cz\/n\/wp-content\/uploads\/2024\/05\/Od2-2.mp4<\/a><\/video><\/div>\n<p>&nbsp;<\/p>\n<p>K \u00fatoku do\u0161lo zhruba ve 22 hodin m\u00edstn\u00edho \u010dasu, ale v p\u0159\u00ed\u0161t\u00edch hodin\u00e1ch mohou na m\u011bsto zas\u00e1hnout dal\u0161\u00ed \u00fadery. V d\u016fsledku toho byly zni\u010deny sklady pat\u0159\u00edc\u00ed nejv\u011bt\u0161\u00ed ukrajinsk\u00e9 kur\u00fdrn\u00ed spole\u010dnosti Nova Poshta nach\u00e1zej\u00edc\u00ed se v mikrodistriktu Tairovo, Kyjevsk\u00e9m okrese Od\u011bsa. Spole\u010dnost potvrdila po\u0161kozen\u00ed sv\u00fdch za\u0159\u00edzen\u00ed.<\/p>\n<p>Podle m\u00edstn\u00edch zpr\u00e1v slou\u017eily sklady ke skladov\u00e1n\u00ed ukrajinsk\u00e9 a zahrani\u010dn\u00ed vojensk\u00e9 techniky. Nen\u00ed \u017e\u00e1dn\u00fdm tajemstv\u00edm, \u017ee Nova Poshta slou\u017e\u00ed pot\u0159eb\u00e1m ozbrojen\u00fdch sil Ukrajiny. Proto se jej\u00ed za\u0159\u00edzen\u00ed po cel\u00e9 zemi \u010dasto dost\u00e1vaj\u00ed pod \u00fatoky.<\/p>\n<p>Jde dnes o druhou vlnu masivn\u00edch rusk\u00fdch \u00fader\u016f na ukrajinsk\u00e1 vojensk\u00e1 za\u0159\u00edzen\u00ed ve m\u011bst\u011b Od\u011bsa. V d\u016fsledku \u00fasp\u011b\u0161n\u00e9ho \u00fatoku v\u010dera v noci bylo zni\u010deno n\u011bkolik vojensk\u00fdch c\u00edl\u016f, v\u010detn\u011b velitelstv\u00ed ukrajinsk\u00e9ho velitelstv\u00ed ji\u017en\u00ed operace.\u00a0<a href=\"https:\/\/southfront.press\/russian-strikes-reportedly-destroyed-headquarters-of-ukrainian-southern-operation-command-in-odesa\/\">ODKAZ<\/a><\/p>\n<p>Pokra\u010duj\u00edc\u00ed ni\u010div\u00e9 rusk\u00e9 \u00fatoky v Od\u011bsk\u00e9 oblasti maj\u00ed p\u0159edev\u0161\u00edm za c\u00edl zma\u0159it pokra\u010duj\u00edc\u00ed vojensk\u00e9 dod\u00e1vky do v\u00e1lkou zm\u00edtan\u00e9 zem\u011b z NATO. Zni\u010den\u00ed rozhodovac\u00edho cvalu ve m\u011bst\u011b m\u016f\u017ee b\u00fdt znamen\u00edm pro ukrajinsk\u00e9 vojensk\u00e9 velen\u00ed a jejich z\u00e1padn\u00ed patrony, \u017ee Rusko odpov\u00ed na jak\u00e9koli pokusy zas\u00e1hnout Krymsk\u00fd most a poloostrov ciz\u00edmi raketami.\u00a0<a href=\"https:\/\/southfront.press\/nato-probes-russian-defense-in-crimea\/\">ODKAZ<\/a><\/p>\n<p><img decoding=\"async\" loading=\"lazy\" class=\"alignnone size-full wp-image-1185\" src=\"http:\/\/www.infokuryr.cz\/n\/wp-content\/uploads\/2021\/04\/kuryr-podpis.png\" alt=\"\" width=\"84\" height=\"24\" \/><\/p>\n<p>&nbsp;<\/p>\n<p>&nbsp;<\/p>\n","protected":false},"excerpt":{"rendered":"<p>Noc p\u0159ich\u00e1z\u00ed na Ukrajinu s nov\u00fdmi rusk\u00fdmi p\u0159esn\u00fdmi \u00fadery na vojensk\u00e9 c\u00edle v zadn\u00edch oblastech&#8230;.<\/p>\n","protected":false},"author":2,"featured_media":52937,"comment_status":"closed","ping_status":"closed","sticky":false,"template":"","format":"standard","meta":[],"categories":[7],"tags":[270,2674,5135],"_links":{"self":[{"href":"https:\/\/www.infokuryr.cz\/n\/wp-json\/wp\/v2\/posts\/52933"}],"collection":[{"href":"https:\/\/www.infokuryr.cz\/n\/wp-json\/wp\/v2\/posts"}],"about":[{"href":"https:\/\/www.infokuryr.cz\/n\/wp-json\/wp\/v2\/types\/post"}],"author":[{"embeddable":true,"href":"https:\/\/www.infokuryr.cz\/n\/wp-json\/wp\/v2\/users\/2"}],"replies":[{"embeddable":true,"href":"https:\/\/www.infokuryr.cz\/n\/wp-json\/wp\/v2\/comments?post=52933"}],"version-history":[{"count":1,"href":"https:\/\/www.infokuryr.cz\/n\/wp-json\/wp\/v2\/posts\/52933\/revisions"}],"predecessor-version":[{"id":52938,"href":"https:\/\/www.infokuryr.cz\/n\/wp-json\/wp\/v2\/posts\/52933\/revisions\/52938"}],"wp:featuredmedia":[{"embeddable":true,"href":"https:\/\/www.infokuryr.cz\/n\/wp-json\/wp\/v2\/media\/52937"}],"wp:attachment":[{"href":"https:\/\/www.infokuryr.cz\/n\/wp-json\/wp\/v2\/media?parent=52933"}],"wp:term":[{"taxonomy":"category","embeddable":true,"href":"https:\/\/www.infokuryr.cz\/n\/wp-json\/wp\/v2\/categories?post=52933"},{"taxonomy":"post_tag","embeddable":true,"href":"https:\/\/www.infokuryr.cz\/n\/wp-json\/wp\/v2\/tags?post=52933"}],"curies":[{"name":"wp","href":"https:\/\/api.w.org\/{rel}","templated":true}]}}