{"id":52931,"date":"2024-05-03T00:44:12","date_gmt":"2024-05-02T22:44:12","guid":{"rendered":"https:\/\/www.infokuryr.cz\/n\/?p=52931"},"modified":"2024-05-02T16:02:05","modified_gmt":"2024-05-02T14:02:05","slug":"palestinsti-bojovnici-sprchuji-izraelska-vojska-v-centralni-gaze-minomety-a-raketami","status":"publish","type":"post","link":"https:\/\/www.infokuryr.cz\/n\/2024\/05\/03\/palestinsti-bojovnici-sprchuji-izraelska-vojska-v-centralni-gaze-minomety-a-raketami\/","title":{"rendered":"Palestin\u0161t\u00ed bojovn\u00edci sprchuj\u00ed izraelsk\u00e1 vojska v centr\u00e1ln\u00ed Gaze minomety a raketami"},"content":{"rendered":"<div id=\"fb-root\"><\/div>\n<p><strong><span>Palestinsk\u00e9 ozbrojen\u00e9 frakce op\u011bt zes\u00edlily \u00fatoky na zb\u00fdvaj\u00edc\u00ed izraelsk\u00e9 jednotky v centr\u00e1ln\u00edm p\u00e1smu Gazy a dal\u0161\u00edch \u010d\u00e1stech oble\u017een\u00e9 enkl\u00e1vy.<\/span><\/strong><\/p>\n<p><span>Brig\u00e1dy al-Quds, vojensk\u00e9 k\u0159\u00eddlo palestinsk\u00e9ho isl\u00e1msk\u00e9ho d\u017eih\u00e1du, zve\u0159ejnily 30. dubna videoz\u00e1znam raketov\u00e9ho \u00fatoku proti shrom\u00e1\u017ed\u011bn\u00edm a pozic\u00edm izraelsk\u00fdch obrann\u00fdch sil (IDF) v takzvan\u00e9m koridoru Netzarim, dlouh\u00e9m 6,8 kilometru. dlouh\u00fd p\u00e1s okupovan\u00fd Izraelem, kter\u00fd se t\u00e1hne od oblasti Be&#8217;eri v ji\u017en\u00edm Izraeli k pob\u0159e\u017e\u00ed Gazy a rozd\u011bluje p\u00e1smo na dv\u011b poloviny.<\/span><\/p>\n<p><span>Skupina uvedla, \u017ee \u00fatok byl proveden ve spolupr\u00e1ci s brig\u00e1dami Abu Ali Mustafa, vojensk\u00fdm k\u0159\u00eddlem Lidov\u00e9 fronty pro osvobozen\u00ed Palestiny.<\/span><\/p>\n<p><iframe loading=\"lazy\" src=\"https:\/\/s2.cdnstatic.space\/wp-content\/uploads\/2024\/05\/twitsave.com_H-r8V-6KDsxX9f9j.mp4\" width=\"600\" height=\"338\" data-mce-fragment=\"1\"><\/iframe><\/p>\n<p><span>Ve stejn\u00fd den sd\u00edlelo vojensk\u00e9 k\u0159\u00eddlo hnut\u00ed Ham\u00e1s, kter\u00e9 vl\u00e1dne Gaze, brig\u00e1dy Izz ad-Din al-Qassam, z\u00e1b\u011bry ukazuj\u00edc\u00ed, \u017ee buldozer IDF je zam\u011b\u0159en gran\u00e1tem na raketov\u00fd pohon ve m\u011bst\u011b Beit Hanoun na severu zem\u011b. \u010d\u00e1st Stripu.<\/span><\/p>\n<p><iframe loading=\"lazy\" src=\"https:\/\/s2.cdnstatic.space\/wp-content\/uploads\/2024\/05\/twitsave.com_nPu_kNLQbu1ZgBDE.mp4\" width=\"600\" height=\"338\" data-mce-fragment=\"1\"><\/iframe><\/p>\n<p><span>Skupina zve\u0159ejnila 1. kv\u011btna dal\u0161\u00ed dv\u011b videa ukazuj\u00edc\u00ed minomet na izraelsk\u00e9 jednotky a dv\u011b vojensk\u00e1 rypadla v koridoru Netzarim a tak\u00e9 raketov\u00fd \u00fatok na osadu Holit p\u0159\u00edmo na v\u00fdchod od ji\u017en\u00ed Gazy.<\/span><\/p>\n<p><iframe loading=\"lazy\" src=\"https:\/\/s2.cdnstatic.space\/wp-content\/uploads\/2024\/05\/twitsave.com_D_VY0FtMAms3v21N.mp4\" width=\"600\" height=\"338\" data-mce-fragment=\"1\"><\/iframe><\/p>\n<p><iframe loading=\"lazy\" src=\"https:\/\/s2.cdnstatic.space\/wp-content\/uploads\/2024\/05\/twitsave.com_H-r8V-6KDsxX9f9j.mp4\" width=\"600\" height=\"338\" data-mce-fragment=\"1\"><\/iframe><\/p>\n<p><span>IDF udr\u017euje velmi malou p\u0159\u00edtomnost v Gaze mimo Netzarimsk\u00fd koridor. Od zah\u00e1jen\u00ed pozemn\u00edch operac\u00ed v Gaze bylo zabito nejm\u00e9n\u011b 263 izraelsk\u00fdch voj\u00e1k\u016f. Dal\u0161\u00edch 1593 bylo dosud p\u0159i operac\u00edch zran\u011bno.<\/span><\/p>\n<p><span>Na palestinsk\u00e9 stran\u011b bylo od za\u010d\u00e1tku v\u00e1lky zabito nejm\u00e9n\u011b 34 596 lid\u00ed, podle nejnov\u011bj\u0161\u00ed aktualizace ministerstva zdravotnictv\u00ed \u0159\u00edzen\u00e9ho Hamasem v Gaze. V\u00edce ne\u017e 77 816 dal\u0161\u00edch bylo zran\u011bno. V\u011bt\u0161ina ob\u011bt\u00ed byly \u017eeny a d\u011bti.<\/span><\/p>\n<p><span>Krom\u011b vysok\u00e9ho po\u010dtu ob\u011bt\u00ed zahnala izraelsk\u00e1 v\u00e1lka 85 % obyvatel Gazy do vnit\u0159n\u00edho vys\u00eddlen\u00ed kv\u016fli akutn\u00edmu nedostatku potravin, \u010dist\u00e9 vody a l\u00e9k\u016f, zat\u00edmco 60 % infrastruktury P\u00e1sma bylo po\u0161kozeno nebo zni\u010deno. Spojen\u00e9 n\u00e1rody.<\/span><\/p>\n<p><span>Eskalace v centr\u00e1ln\u00ed Gaze p\u0159ich\u00e1z\u00ed uprost\u0159ed zpr\u00e1v o m\u00edrn\u00e9m pokroku v nep\u0159\u00edm\u00fdch rozhovorech mezi Izraelem a Ham\u00e1sem o do\u010dasn\u00e9 dohod\u011b o p\u0159\u00edm\u011b\u0159\u00ed. Navzdory pokroku se IDF st\u00e1le p\u0159ipravuj\u00ed na \u00fatok na m\u011bsto Rafah v ji\u017en\u00ed \u010d\u00e1sti P\u00e1sma, kam se uch\u00fdlilo v\u00edce ne\u017e milion Palestinc\u016f.<\/span><\/p>\n<p><img decoding=\"async\" loading=\"lazy\" class=\"alignnone size-full wp-image-1185\" src=\"http:\/\/www.infokuryr.cz\/n\/wp-content\/uploads\/2021\/04\/kuryr-podpis.png\" alt=\"\" width=\"84\" height=\"24\" \/><\/p>\n<p>&nbsp;<\/p>\n<p>&nbsp;<\/p>\n","protected":false},"excerpt":{"rendered":"<p>Palestinsk\u00e9 ozbrojen\u00e9 frakce op\u011bt zes\u00edlily \u00fatoky na zb\u00fdvaj\u00edc\u00ed izraelsk\u00e9 jednotky v centr\u00e1ln\u00edm p\u00e1smu Gazy a&#8230;<\/p>\n","protected":false},"author":2,"featured_media":52932,"comment_status":"closed","ping_status":"closed","sticky":false,"template":"","format":"standard","meta":[],"categories":[7],"tags":[1917,107,313,5135],"_links":{"self":[{"href":"https:\/\/www.infokuryr.cz\/n\/wp-json\/wp\/v2\/posts\/52931"}],"collection":[{"href":"https:\/\/www.infokuryr.cz\/n\/wp-json\/wp\/v2\/posts"}],"about":[{"href":"https:\/\/www.infokuryr.cz\/n\/wp-json\/wp\/v2\/types\/post"}],"author":[{"embeddable":true,"href":"https:\/\/www.infokuryr.cz\/n\/wp-json\/wp\/v2\/users\/2"}],"replies":[{"embeddable":true,"href":"https:\/\/www.infokuryr.cz\/n\/wp-json\/wp\/v2\/comments?post=52931"}],"version-history":[{"count":0,"href":"https:\/\/www.infokuryr.cz\/n\/wp-json\/wp\/v2\/posts\/52931\/revisions"}],"wp:featuredmedia":[{"embeddable":true,"href":"https:\/\/www.infokuryr.cz\/n\/wp-json\/wp\/v2\/media\/52932"}],"wp:attachment":[{"href":"https:\/\/www.infokuryr.cz\/n\/wp-json\/wp\/v2\/media?parent=52931"}],"wp:term":[{"taxonomy":"category","embeddable":true,"href":"https:\/\/www.infokuryr.cz\/n\/wp-json\/wp\/v2\/categories?post=52931"},{"taxonomy":"post_tag","embeddable":true,"href":"https:\/\/www.infokuryr.cz\/n\/wp-json\/wp\/v2\/tags?post=52931"}],"curies":[{"name":"wp","href":"https:\/\/api.w.org\/{rel}","templated":true}]}}