{"id":52929,"date":"2024-05-03T00:44:43","date_gmt":"2024-05-02T22:44:43","guid":{"rendered":"https:\/\/www.infokuryr.cz\/n\/?p=52929"},"modified":"2024-05-03T05:27:22","modified_gmt":"2024-05-03T03:27:22","slug":"irske-protesty-a-barevne-revoluce-kontrast-v-reakcich","status":"publish","type":"post","link":"https:\/\/www.infokuryr.cz\/n\/2024\/05\/03\/irske-protesty-a-barevne-revoluce-kontrast-v-reakcich\/","title":{"rendered":"Irsk\u00e9 protesty a barevn\u00e9 revoluce \u2013 kontrast v reakc\u00edch"},"content":{"rendered":"<div id=\"fb-root\"><\/div>\n<p><strong>Ve \u010dtvrtek ve\u010der se po cel\u00e9m Irsku rychle roz\u0161\u00ed\u0159ily z\u00e1b\u011bry policejn\u00ed brutality v Newtownmountkennedy, mal\u00e9m venkovsk\u00e9m m\u011bste\u010dku v hrabstv\u00ed Wicklow.<\/strong><\/p>\n<p>Po n\u011bkolika t\u00fddnech pokojn\u00fdch protest\u016f m\u00edstn\u00edch obyvatel proti pl\u00e1n\u016fm na ubytov\u00e1n\u00ed mu\u017esk\u00fdch migrant\u016f v\u00a0<a href=\"https:\/\/www.independent.ie\/regionals\/wicklow\/wicklow-district\/derelict-hse-site-in-north-wicklow-being-assessed-for-asylum-seekers\/a21707976.html\">b\u00fdval\u00e9 nemocnici<\/a>\u00a0v t\u00e9to lokalit\u011b by v\u011bci vyvrcholily\u00a0<a href=\"https:\/\/twitter.com\/griptmedia\/status\/1783635085196939587\">tvrdou reakc\u00ed<\/a>\u00a0irsk\u00e9 policie, co\u017e m\u011blo za n\u00e1sledek\u00a0<a href=\"https:\/\/twitter.com\/gearoidmurphy_\/status\/1783619029308952627\">brutalizaci<\/a>\u00a0m\u00edstn\u00edch obyvatel,\u00a0<a href=\"https:\/\/twitter.com\/griptmedia\/status\/1783610616714015229\/video\/1\">pep\u0159ovn\u00edku sprejerstv\u00ed<\/a>\u00a0novin\u00e1\u0159ky a\u00a0na m\u011bsto bylo fakticky uvaleno\u00a0<a href=\"https:\/\/twitter.com\/gearoidmurphy_\/status\/1783857739493519671\/video\/1\">stann\u00e9 pr\u00e1vo .<\/a><\/p>\n<p>Takov\u00e9 protesty se staly oporou v cel\u00e9m Irsku od roku 2022, kdy \u2013\u00a0<strong>s vyu\u017eit\u00edm v\u00e1lky na Ukrajin\u011b jako z\u00e1minky \u2013 za\u010dal Leinster House p\u0159esouvat velk\u00e9 mno\u017estv\u00ed mu\u017esk\u00fdch migrant\u016f do krajn\u011b nevhodn\u00fdch m\u00edst, jako je\u00a0<a href=\"https:\/\/gript.ie\/east-wall-asylum-centre-residents-afraid-of-mafia-like-elements-within-facility\/\">kancel\u00e1\u0159sk\u00fd blok v centru m\u011bsta<\/a>\u00a0a\u00a0<a href=\"https:\/\/gript.ie\/watch-parents-protest-as-migrants-placed-in-school-in-drimnagh-2\/\">d\u011btsk\u00e1 z\u00e1kladn\u00ed \u0161kola.<\/a><\/strong><\/p>\n<p>Nap\u011bt\u00ed kolem imigra\u010dn\u00ed politiky jihoirsk\u00e9ho st\u00e1tu se p\u0159elilo v listopadu, kdy po \u00fatoku no\u017eem na t\u0159i \u0161kol\u00e1ky a jejich u\u010ditele v Dublinu migrantem, kter\u00e9mu byl p\u0159edt\u00edm vyd\u00e1n\u00a0<a href=\"https:\/\/www.thetimes.co.uk\/article\/dublin-stabbing-victim-is-from-migrant-family-3nw0fsppv\">p\u0159\u00edkaz k vyho\u0161t\u011bn\u00ed<\/a>\u00a0, zachv\u00e1tily hlavn\u00ed m\u011bsto nepokoje, kter\u00e9 si z\u00edskaly pozornost sv\u011btov\u00fdch m\u00e9di\u00ed a co\u017e vedlo k zaveden\u00ed z\u00e1kon\u016f o technologii rozpozn\u00e1v\u00e1n\u00ed obli\u010deje. N\u00e1rodn\u00ed demonstrace proti vl\u00e1dn\u00ed politice, kter\u00e1 se konala na za\u010d\u00e1tku \u00fanora, by tak\u00e9 byla vystavena\u00a0<a href=\"https:\/\/twitter.com\/TheLiberal_ie\/status\/1754900554692669738\/video\/1\">tvrd\u00e9 policejn\u00ed reakci<\/a>\u00a0podobn\u00e9 t\u00e9, kter\u00e1 se odehr\u00e1la v Newtownmountkennedy.<\/p>\n<p>Tvrd\u00e1 reakce st\u00e1tu na tyto protesty na m\u00edstn\u00ed \u00farovni se velmi podob\u00e1 konvoji svobody v Kanad\u011b z roku 2022, kdy v reakci na rozhodnut\u00ed Ottawy na\u0159\u00eddit \u00fadery \u201eCovid\u201c kamio\u0148\u00e1k\u016fm vracej\u00edc\u00edm se z USA by za\u010dal celost\u00e1tn\u00ed protest proti vl\u00e1d\u011b Justin Trudeau \u2013 kter\u00fd, stejn\u011b jako ned\u00e1vno zesnul\u00fd Taoiseach\u00a0<strong><a href=\"https:\/\/www.youtube.com\/watch?app=desktop&amp;v=56VedTdjxR4\">Leo Varadkar<\/a><\/strong><strong>\u00a0,<\/strong>\u00a0je tak\u00e9 dal\u0161\u00edm\u00a0<a href=\"https:\/\/twitter.com\/Kitsune_in_VA\/status\/1485747441588600832\">\u201emlad\u00fdm glob\u00e1ln\u00edm v\u016fdcem\u201c<\/a>\u00a0Sv\u011btov\u00e9ho ekonomick\u00e9ho f\u00f3ra.<\/p>\n<p>Stejn\u011b jako sou\u010dasn\u00e9 protesty v Irsku by byl Konvoj svobody tak\u00e9 hlavn\u00edmi m\u00e9dii odsuzov\u00e1n jako \u201eorganizovan\u00fd krajn\u00ed pravic\u00ed\u201c a demonstranti by byli tak\u00e9 vystaveni brutalit\u011b kanadsk\u00e9 policie, v\u010detn\u011b pou\u017eit\u00ed\u00a0<a href=\"https:\/\/www.telegraph.co.uk\/world-news\/2022\/02\/19\/canadian-police-arrest-100-bid-end-three-week-long-protests\/\">slzn\u00e9ho plynu<\/a>\u00a0, \u0161lap\u00e1n\u00ed\u00a0<a href=\"https:\/\/ottawa.ctvnews.ca\/ontario-police-watchdog-investigating-use-of-horses-non-lethal-rounds-at-ottawa-protest-clearing-1.5788915\">nasedli na kon\u011b<\/a>\u00a0a jejich bankovn\u00ed \u00fa\u010dty\u00a0<a href=\"https:\/\/www.cbc.ca\/news\/politics\/emergency-bank-measures-finance-committee-1.6360769\">byly zmrazeny<\/a>\u00a0pomoc\u00ed nouzov\u00e9 legislativy, kter\u00e1 byla p\u0159ijata poprv\u00e9 od druh\u00e9 sv\u011btov\u00e9 v\u00e1lky.<\/p>\n<p>Reakce irsk\u00e9ho politick\u00e9ho a medi\u00e1ln\u00edho establishmentu na sou\u010dasn\u00e9 protesty v\u0161ak spo\u010d\u00edv\u00e1 v kontrastu s jejich podporou Euromajdanu, Z\u00e1padem podporovan\u00e9 operaci zm\u011bny re\u017eimu zah\u00e1jen\u00e9 na Ukrajin\u011b p\u0159ed v\u00edce ne\u017e deseti lety. Politick\u00e9 hnut\u00ed, kter\u00e9 zahrnovalo vyu\u017eit\u00ed skute\u010dn\u00fdch extremist\u016f podporovan\u00fdch ze zahrani\u010d\u00ed a kter\u00e9 vedlo k rozs\u00e1hl\u00fdm geopolitick\u00fdm d\u016fsledk\u016fm, kter\u00e9 jsou poci\u0165ov\u00e1ny dodnes.<\/p>\n<p>V listopadu 2013, po rozhodnut\u00ed tehdej\u0161\u00edho ukrajinsk\u00e9ho\u00a0<strong>prezidenta Viktora Janukovy\u010de<\/strong>\u00a0pozastavit asocia\u010dn\u00ed dohodu s EU, aby bylo mo\u017en\u00e9 dos\u00e1hnout p\u0159\u00edzniv\u011bj\u0161\u00ed dohody se sousedn\u00edm Ruskem, by byla zah\u00e1jena barevn\u00e1 revoluce navr\u017een\u00e1 CIA s c\u00edlem nainstalovat profesion\u00e1ln\u00ed -Z\u00e1padn\u00ed vl\u00e1da na Ukrajin\u011b.<\/p>\n<div id=\"attachment_204064\" class=\"wp-caption aligncenter\" style=\"width: 592px;\">\n<p><a href=\"https:\/\/s2.cdnstatic.space\/wp-content\/uploads\/2024\/05\/Euromaidan.jpg\" target=\"_blank\" rel=\"noopener\"><img decoding=\"async\" loading=\"lazy\" class=\"wp-image-204064\" title=\"Irsk\u00e9 protesty a barevn\u00e9 revoluce \u2013 kontrast v reakc\u00edch\" src=\"https:\/\/s2.cdnstatic.space\/wp-content\/uploads\/2024\/05\/Euromaidan-490x293.jpg\" sizes=\"(max-width: 600px) 100vw, 600px\" srcset=\"https:\/\/s2.cdnstatic.space\/wp-content\/uploads\/2024\/05\/Euromaidan-490x293.jpg 490w, https:\/\/s2.cdnstatic.space\/wp-content\/uploads\/2024\/05\/Euromaidan-768x459.jpg 768w, https:\/\/s2.cdnstatic.space\/wp-content\/uploads\/2024\/05\/Euromaidan.jpg 799w\" alt=\"Irsk\u00e9 protesty a barevn\u00e9 revoluce \u2013 kontrast v reakc\u00edch\" width=\"592\" height=\"354\" aria-describedby=\"caption-attachment-204064\" \/><\/a><\/p>\n<p id=\"caption-attachment-204064\" class=\"wp-caption-text\">Kliknut\u00edm zobraz\u00edte obr\u00e1zek v pln\u00e9 velikosti<\/p>\n<\/div>\n<p>Prov\u00e1d\u011bno pod z\u00e1\u0161titou\u00a0<strong><a href=\"https:\/\/www.youtube.com\/watch?v=MSxaa-67yGM#t=89\">Victorie Nulandov\u00e9<\/a><\/strong>\u00a0, v t\u00e9 dob\u011b nejvy\u0161\u0161\u00ed p\u0159edstavitelky americk\u00e9ho ministerstva zahrani\u010d\u00ed pro evropsk\u00e9 z\u00e1le\u017eitosti, po boku\u00a0<strong>americk\u00e9ho sen\u00e1tora\u00a0<a href=\"https:\/\/www.youtube.com\/watch?v=93eyhO8VTdg\">Johna McCaina<\/a><\/strong>\u00a0(kter\u00fd nechvaln\u011b oslovoval demonstranty na kyjevsk\u00e9m n\u00e1m\u011bst\u00ed Majdan) a\u00a0<a href=\"https:\/\/www.washingtonpost.com\/opinions\/former-soviet-states-stand-up-to-russia-will-the-us\/2013\/09\/26\/b5ad2be4-246a-11e3-b75d-5b7f66349852_story.html\">National Endowment for Democracy a\u00a0<\/a><a href=\"https:\/\/cnnpressroom.blogs.cnn.com\/2014\/05\/25\/soros-on-russian-ethnic-nationalism\/\">Open<\/a>\u00a0George Sorose. Nevl\u00e1dn\u00ed organizace\u00a0<a href=\"https:\/\/cnnpressroom.blogs.cnn.com\/2014\/05\/25\/soros-on-russian-ethnic-nationalism\/\">nadac\u00ed spole\u010dnosti<\/a>\u00a0Euromaidan by vid\u011bly, jak n\u00e1sil\u00ed rychle zachv\u00e1t\u00ed b\u00fdval\u00fd sov\u011btsk\u00fd st\u00e1t.<\/p>\n<p><strong>Kl\u00ed\u010dov\u00e9 by pro to bylo zapojen\u00ed protirusk\u00fdch neonacistick\u00fdch prvk\u016f, jako je strana\u00a0<a href=\"https:\/\/www.channel4.com\/news\/ukraine-mccain-far-right-svoboda-anti-semitic-protests\">Svoboda<\/a>\u00a0, kter\u00e1 by d\u00e1le vytvo\u0159ila kl\u00ed\u010dovou slo\u017eku pop\u0159evratov\u00e9 vl\u00e1dy Petra Poro\u0161enka.<\/strong><\/p>\n<p>Siln\u00e9 protirusk\u00e9 n\u00e1lady tohoto nov\u00e9ho ukrajinsk\u00e9ho veden\u00ed by vedly etnick\u00e9 rusk\u00e9 obyvatele v\u00fdchodn\u00ed oblasti Donbasu k tomu, aby se v dubnu 2014 odtrhli a vytvo\u0159ili Don\u011bckou a Luhanskou lidovou republiku. etnick\u00e9 \u010distky a genocida z rukou nov\u00e9ho re\u017eimu. Obavy, kter\u00e9 se uk\u00e1zaly jako neopodstatn\u011bn\u00e9, kdy\u017e v kv\u011btnu toho roku p\u0159\u00edznivci Majdanu zap\u00e1lili D\u016fm odbor\u016f v jihoukrajinsk\u00e9m m\u011bst\u011b Od\u011bsa, co\u017e vedlo ke smrti 48 lid\u00ed, z nich\u017e v\u011bt\u0161inu tvo\u0159ili protimajdan\u0161t\u00ed demonstranti rusk\u00e9ho p\u016fvodu.<\/p>\n<div id=\"attachment_204065\" class=\"wp-caption aligncenter\" style=\"width: 589px;\">\n<p><a href=\"https:\/\/s2.cdnstatic.space\/wp-content\/uploads\/2024\/05\/odessa18.jpg\" target=\"_blank\" rel=\"noopener\"><img decoding=\"async\" loading=\"lazy\" class=\"wp-image-204065\" title=\"Irsk\u00e9 protesty a barevn\u00e9 revoluce \u2013 kontrast v reakc\u00edch\" src=\"https:\/\/s2.cdnstatic.space\/wp-content\/uploads\/2024\/05\/odessa18-490x276.jpg\" sizes=\"(max-width: 600px) 100vw, 600px\" srcset=\"https:\/\/s2.cdnstatic.space\/wp-content\/uploads\/2024\/05\/odessa18-490x276.jpg 490w, https:\/\/s2.cdnstatic.space\/wp-content\/uploads\/2024\/05\/odessa18-768x432.jpg 768w, https:\/\/s2.cdnstatic.space\/wp-content\/uploads\/2024\/05\/odessa18.jpg 800w\" alt=\"Irsk\u00e9 protesty a barevn\u00e9 revoluce \u2013 kontrast v reakc\u00edch\" width=\"589\" height=\"332\" aria-describedby=\"caption-attachment-204065\" \/><\/a><\/p>\n<p id=\"caption-attachment-204065\" class=\"wp-caption-text\">Kliknut\u00edm zobraz\u00edte obr\u00e1zek v pln\u00e9 velikosti<\/p>\n<\/div>\n<p>Zalo\u017een\u00ed v\u00fdchodn\u00edch lidov\u00fdch republik by vedlo k v\u00e1lce v oblasti Donbasu ze strany nov\u00e9ho re\u017eimu podporovan\u00e9ho Z\u00e1padem, kter\u00e1 by vyvrcholila smrt\u00ed v\u00edce ne\u017e\u00a0<a href=\"https:\/\/www.crisisgroup.org\/content\/conflict-ukraines-donbas-visual-explainer\">14 000<\/a>\u00a0lid\u00ed v pr\u016fb\u011bhu osmi let. Navzdory federaliza\u010dn\u00edmu \u0159e\u0161en\u00ed nab\u00edzen\u00e9mu Minsk\u00fdmi dohodami, kter\u00e9 by umo\u017enilo regionu poskytnout ur\u010dit\u00fd stupe\u0148 autonomie, zat\u00edmco by st\u00e1le z\u016fstal pod ukrajinskou nadvl\u00e1dou, pokra\u010duj\u00edc\u00ed ost\u0159elov\u00e1n\u00ed Donbasu ukrajinsk\u00fdmi silami a z\u0159eteln\u00e1 pravd\u011bpodobnost, \u017ee Kyjev bude nad\u00e1le hostit USA rakety schopn\u00e9 zas\u00e1hnout Moskvu, pokud by Ukrajina vstoupila do NATO, by si nakonec vynutily ruku Ruska.<\/p>\n<p>Dne 24.\u00a0<sup>\u00fanora<\/sup>\u00a02022 zah\u00e1j\u00ed Moskva vojenskou intervenci u sv\u00e9ho v\u00fdchodn\u00edho souseda s c\u00edlem chr\u00e1nit etnick\u00e9 Rusy a zni\u010dit ve\u0161kerou vojenskou infrastrukturu, kter\u00e1 m\u00e1 b\u00fdt pou\u017eita proti Rusku. D\u016fsledky byly poci\u0165ov\u00e1ny po cel\u00e9m sv\u011bt\u011b. Proti Rusk\u00e9 federaci byly uvaleny \u010detn\u00e9 sankce a ru\u0161t\u00ed diplomat\u00e9 byli vyho\u0161t\u011bni ze Z\u00e1padu v po\u010dtu nev\u00eddan\u00fdch od studen\u00e9 v\u00e1lky, co\u017e vytvo\u0159ilo geopolitickou situaci, kdy jadern\u00e1 v\u00e1lka mezi V\u00fdchodem a Z\u00e1padem z\u016fst\u00e1v\u00e1 z\u0159etelnou mo\u017enost\u00ed. To v\u0161e kv\u016fli barevn\u00e9 revoluci na Majdanu 2013-14.<\/p>\n<p>Irsk\u00fd politick\u00fd establishment v\u0161ak zaujal na Majdan a jeho n\u00e1sledky opa\u010dn\u00fd n\u00e1zor. V prosinci 2013 vydala jihoirsk\u00e1 vl\u00e1da\u00a0<a href=\"https:\/\/merrionstreet.ie\/en\/news-room\/releases\/statement-by-eamon-gilmore-on-the-protests-in-kiev.html\">prohl\u00e1\u0161en\u00ed,<\/a>\u00a0v n\u011bm\u017e odsoudila Janukovy\u010dovu reakci na n\u00e1sil\u00ed, kter\u00e9 se pozd\u011bji projevilo za\u00a0<a href=\"https:\/\/ria.ru\/20180214\/1514476355.html\">\u00fa\u010dasti<\/a>\u00a0akt\u00e9r\u016f podporovan\u00fdch ze zahrani\u010d\u00ed, a po zah\u00e1jen\u00ed rusk\u00e9 speci\u00e1ln\u00ed vojensk\u00e9 operace v roce 2022 by \u0159ada rusk\u00fdch diplomat\u016f b\u00fdt\u00a0<a href=\"https:\/\/www.rte.ie\/news\/2022\/0329\/1289131-russian-officials-ireland\/\">vyho\u0161t\u011bn<\/a>\u00a0z Irska.\u00a0<strong>Simon Harris, kter\u00fd se ned\u00e1vno ujal funkce Taoiseach, tak\u00e9 uspo\u0159\u00e1d\u00e1 jeden ze sv\u00fdch prvn\u00edch mezin\u00e1rodn\u00edch\u00a0<a href=\"https:\/\/twitter.com\/ZelenskyyUa\/status\/1778098076206428289\">telefon\u00e1t\u016f<\/a>\u00a0s ukrajinsk\u00fdm prezidentem Volodymyrem Zelensk\u00fdm.<\/strong><\/p>\n<p><strong>Mnohem odli\u0161n\u00e1 reakce na to, co v sou\u010dasn\u00e9 dob\u011b p\u0159ij\u00edm\u00e1 Leinster House proti prob\u00edhaj\u00edc\u00edm protest\u016fm na m\u00edstn\u00ed \u00farovni v cel\u00e9m Irsku.<\/strong><\/p>\n<p><em>Napsal\u00a0<strong>Gavin O&#8217;Reilly<\/strong><\/em><\/p>\n<p>&nbsp;<\/p>\n<p>&nbsp;<\/p>\n","protected":false},"excerpt":{"rendered":"<p>Ve \u010dtvrtek ve\u010der se po cel\u00e9m Irsku rychle roz\u0161\u00ed\u0159ily z\u00e1b\u011bry policejn\u00ed brutality v Newtownmountkennedy, mal\u00e9m&#8230;<\/p>\n","protected":false},"author":2,"featured_media":52930,"comment_status":"closed","ping_status":"closed","sticky":false,"template":"","format":"standard","meta":[],"categories":[7],"tags":[1414,1503,2046,922],"_links":{"self":[{"href":"https:\/\/www.infokuryr.cz\/n\/wp-json\/wp\/v2\/posts\/52929"}],"collection":[{"href":"https:\/\/www.infokuryr.cz\/n\/wp-json\/wp\/v2\/posts"}],"about":[{"href":"https:\/\/www.infokuryr.cz\/n\/wp-json\/wp\/v2\/types\/post"}],"author":[{"embeddable":true,"href":"https:\/\/www.infokuryr.cz\/n\/wp-json\/wp\/v2\/users\/2"}],"replies":[{"embeddable":true,"href":"https:\/\/www.infokuryr.cz\/n\/wp-json\/wp\/v2\/comments?post=52929"}],"version-history":[{"count":0,"href":"https:\/\/www.infokuryr.cz\/n\/wp-json\/wp\/v2\/posts\/52929\/revisions"}],"wp:featuredmedia":[{"embeddable":true,"href":"https:\/\/www.infokuryr.cz\/n\/wp-json\/wp\/v2\/media\/52930"}],"wp:attachment":[{"href":"https:\/\/www.infokuryr.cz\/n\/wp-json\/wp\/v2\/media?parent=52929"}],"wp:term":[{"taxonomy":"category","embeddable":true,"href":"https:\/\/www.infokuryr.cz\/n\/wp-json\/wp\/v2\/categories?post=52929"},{"taxonomy":"post_tag","embeddable":true,"href":"https:\/\/www.infokuryr.cz\/n\/wp-json\/wp\/v2\/tags?post=52929"}],"curies":[{"name":"wp","href":"https:\/\/api.w.org\/{rel}","templated":true}]}}