{"id":52921,"date":"2024-05-03T00:39:51","date_gmt":"2024-05-02T22:39:51","guid":{"rendered":"https:\/\/www.infokuryr.cz\/n\/?p=52921"},"modified":"2024-05-02T15:42:24","modified_gmt":"2024-05-02T13:42:24","slug":"ostri-britvy-premier-orban-vyzyva-evropany-aby-v-cervnovych-volbach-do-evropskeho-parlamentu-volili-pro-mirove-strany","status":"publish","type":"post","link":"https:\/\/www.infokuryr.cz\/n\/2024\/05\/03\/ostri-britvy-premier-orban-vyzyva-evropany-aby-v-cervnovych-volbach-do-evropskeho-parlamentu-volili-pro-mirove-strany\/","title":{"rendered":"\u201eOst\u0159\u00ed b\u0159itvy\u201c \u2013 Premi\u00e9r Orb\u00e1n vyz\u00fdv\u00e1 Evropany, aby v \u010dervnov\u00fdch volb\u00e1ch do Evropsk\u00e9ho parlamentu volili pro m\u00edrov\u00e9 strany"},"content":{"rendered":"<div id=\"fb-root\"><\/div>\n<h2 class=\"s-tagline fw-tagline\"><span>Jeho konzervativn\u00ed strana Fidesz je i nad\u00e1le nejsiln\u011bj\u0161\u00ed stranou v Ma\u010farsku<\/span><\/h2>\n<p><span>Ma\u010farsk\u00fd premi\u00e9r Viktor Orb\u00e1n varuje, \u017ee pouze zvolen\u00ed konzervativn\u00edch kandid\u00e1t\u016f do Evropsk\u00e9ho parlamentu a nahrazen\u00ed sou\u010dasn\u00e9ho veden\u00ed EU povede k m\u00edru na Ukrajin\u011b.<\/span><\/p>\n<p><span>\u201eCel\u00e9 evropsk\u00e9 spole\u010denstv\u00ed je na ost\u0159\u00ed b\u0159itvy. Stoj\u00edme na d\u011blic\u00ed \u010d\u00e1\u0159e mezi v\u00e1lkou a m\u00edrem,\u201c napsal na soci\u00e1ln\u00ed s\u00edti premi\u00e9r Viktor Orb\u00e1n.<\/span><\/p>\n<p><iframe loading=\"lazy\" src=\"https:\/\/www.facebook.com\/plugins\/post.php?href=https%3A%2F%2Fwww.facebook.com%2Forbanviktor%2Fposts%2Fpfbid0fp4VhKAg9dhnvgKaBEqmypBu4b1gRMErNwyHVsUqg4nGkLyjaU6nsjgwoXTXqrpYl&amp;show_text=true&amp;width=500&amp;is_preview=true\" width=\"500\" height=\"312\" frameborder=\"0\" scrolling=\"no\" allowfullscreen=\"allowfullscreen\" data-mce-fragment=\"1\"><\/iframe><\/p>\n<p class=\"has-ek-indent\"><span>\u201eNejd\u016fle\u017eit\u011bj\u0161\u00ed v\u011bc\u00ed, kterou dnes v politice ud\u011blat, i kdy\u017e se Brusel zd\u00e1 b\u00fdt daleko, je vytvo\u0159it m\u00edr. M\u00edr lze vytvo\u0159it mimo v\u00e1l\u010d\u00edc\u00ed strany, ty, kte\u0159\u00ed v\u00e1lku financuj\u00ed. A tato v\u00e1lka je financov\u00e1na Z\u00e1padem, pen\u011bzi z rozpo\u010dtu Bruselu a americk\u00fdmi pen\u011bzi.<\/span><\/p>\n<p class=\"has-ek-indent\"><span>\u201eAle na\u0161e hlasov\u00e1n\u00ed rozhodne, zda bude v Evropsk\u00e9m parlamentu, v Evropsk\u00e9 komisi, v Evropsk\u00e9 rad\u011b prov\u00e1le\u010dn\u00e1 nebo m\u00edrov\u00e1 v\u011bt\u0161ina. Nyn\u00ed m\u00e1me prov\u00e1le\u010dnou v\u011bt\u0161inu. Mus\u00edme to zm\u011bnit a mus\u00edme to zm\u011bnit 9. \u010dervna! Pouze m\u00edr! Pouze Fidesz!\u201d<\/span><\/p>\n<p><span>N\u011bkter\u00e9 z nejv\u00edce prov\u00e1le\u010dn\u00fdch stran v Evrop\u011b nyn\u00ed pat\u0159\u00ed k levici. Nap\u0159\u00edklad Strana zelen\u00fdch v N\u011bmecku, kter\u00e1 byla zalo\u017eena na pro-m\u00edrov\u00fdch priorit\u00e1ch a opozici v\u016f\u010di NATO, je nyn\u00ed pravd\u011bpodobn\u011b nejv\u00edce prov\u00e1le\u010dnou stranou v N\u011bmecku. Zelen\u00ed prosazovali v\u00edce dod\u00e1vek zbran\u00ed pro Ukrajinu, spojili se s v\u00e1le\u010dn\u00fdmi jest\u0159\u00e1by ve Spojen\u00fdch st\u00e1tech a maj\u00ed \u010dlensk\u00e9 st\u00e1ty p\u0159ev\u00e1\u017en\u011b ve prosp\u011bch v\u00e1lky.<\/span><\/p>\n<p><span>P\u0159\u00edznivci Strany zelen\u00fdch jsou ve skute\u010dnosti ze v\u0161ech n\u011bmeck\u00fdch stran nejv\u00edce pro dodate\u010dn\u00e9 dod\u00e1vky zbran\u00ed na Ukrajinu, ale tak\u00e9 s\u00a0<\/span><a class=\"ek-link\" href=\"https:\/\/rmx.news\/crime\/cowardly-warmongers-vote-for-the-german-green-party-and-polling-proves-it\/\"><span>nejv\u011bt\u0161\u00ed pravd\u011bpodobnost\u00ed tvrd\u00ed, \u017ee by N\u011bmecko nebr\u00e1nili, kdyby byla zem\u011b napadena.<\/span><\/a><\/p>\n<p><span>Nejnov\u011bj\u0161\u00ed pr\u016fzkum nez\u00e1visl\u00e9 agentury pro pr\u016fzkumy ve\u0159ejn\u00e9ho m\u00edn\u011bn\u00ed Medi\u00e1n mezit\u00edm uk\u00e1zal, \u017ee Orb\u00e1nova strana, konzervativn\u00ed Fidesz, kter\u00e1 je u moci od roku 2010,\u00a0<\/span><a class=\"ek-link\" href=\"https:\/\/magyarnemzet.hu\/belfold\/2024\/04\/a-median-szerint-is-a-fidesz-a-legerosebb-part-46-szazalekkal\"><span>z\u016fst\u00e1v\u00e1 nejpopul\u00e1rn\u011bj\u0161\u00ed<\/span><\/a><span>\u00a0stranou v Ma\u010farsku a podporuje ji 46 procent rozhodn\u00fdch voli\u010d\u016f.<\/span><\/p>\n<p><span>Nov\u00e1 centristick\u00e1 strana Tisa, veden\u00e1 odpadl\u00edkem Fidesz P\u00e9terem Magyarem, odcizen\u00fdm man\u017eelem b\u00fdval\u00e9 ministryn\u011b spravedlnosti Judit Vargov\u00e9, je s 24 procenty druh\u00e1. N\u00e1hl\u00fd vzestup strany zcela p\u0159euspo\u0159\u00e1dal politickou sc\u00e9nu v Ma\u010farsku, p\u0159i\u010dem\u017e d\u0159\u00edve nejv\u011bt\u0161\u00ed s\u00edla opozice, Socialistick\u00e1 demokratick\u00e1 koalice, nyn\u00ed vol\u00ed 9 procent, n\u00e1sledovan\u00e1 satirou Dvouocas\u00fd pes s 6 procenty a Momentum s 5 procenty.<\/span><\/p>\n<p><img decoding=\"async\" loading=\"lazy\" class=\"alignnone size-full wp-image-1185\" src=\"http:\/\/www.infokuryr.cz\/n\/wp-content\/uploads\/2021\/04\/kuryr-podpis.png\" alt=\"\" width=\"84\" height=\"24\" \/><\/p>\n<p>&nbsp;<\/p>\n<p>&nbsp;<\/p>\n","protected":false},"excerpt":{"rendered":"<p>Jeho konzervativn\u00ed strana Fidesz je i nad\u00e1le nejsiln\u011bj\u0161\u00ed stranou v Ma\u010farsku Ma\u010farsk\u00fd premi\u00e9r Viktor Orb\u00e1n&#8230;<\/p>\n","protected":false},"author":2,"featured_media":52922,"comment_status":"closed","ping_status":"closed","sticky":false,"template":"","format":"standard","meta":[],"categories":[7],"tags":[439,27,538],"_links":{"self":[{"href":"https:\/\/www.infokuryr.cz\/n\/wp-json\/wp\/v2\/posts\/52921"}],"collection":[{"href":"https:\/\/www.infokuryr.cz\/n\/wp-json\/wp\/v2\/posts"}],"about":[{"href":"https:\/\/www.infokuryr.cz\/n\/wp-json\/wp\/v2\/types\/post"}],"author":[{"embeddable":true,"href":"https:\/\/www.infokuryr.cz\/n\/wp-json\/wp\/v2\/users\/2"}],"replies":[{"embeddable":true,"href":"https:\/\/www.infokuryr.cz\/n\/wp-json\/wp\/v2\/comments?post=52921"}],"version-history":[{"count":0,"href":"https:\/\/www.infokuryr.cz\/n\/wp-json\/wp\/v2\/posts\/52921\/revisions"}],"wp:featuredmedia":[{"embeddable":true,"href":"https:\/\/www.infokuryr.cz\/n\/wp-json\/wp\/v2\/media\/52922"}],"wp:attachment":[{"href":"https:\/\/www.infokuryr.cz\/n\/wp-json\/wp\/v2\/media?parent=52921"}],"wp:term":[{"taxonomy":"category","embeddable":true,"href":"https:\/\/www.infokuryr.cz\/n\/wp-json\/wp\/v2\/categories?post=52921"},{"taxonomy":"post_tag","embeddable":true,"href":"https:\/\/www.infokuryr.cz\/n\/wp-json\/wp\/v2\/tags?post=52921"}],"curies":[{"name":"wp","href":"https:\/\/api.w.org\/{rel}","templated":true}]}}