{"id":52914,"date":"2024-05-03T00:35:07","date_gmt":"2024-05-02T22:35:07","guid":{"rendered":"https:\/\/www.infokuryr.cz\/n\/?p=52914"},"modified":"2024-05-03T05:12:07","modified_gmt":"2024-05-03T03:12:07","slug":"izrael-vyhrozuje-ze-potresta-a-zlikviduje-palestinskou-samospravu-pokud-icc-vyda-zatykace","status":"publish","type":"post","link":"https:\/\/www.infokuryr.cz\/n\/2024\/05\/03\/izrael-vyhrozuje-ze-potresta-a-zlikviduje-palestinskou-samospravu-pokud-icc-vyda-zatykace\/","title":{"rendered":"Izrael vyhro\u017euje, \u017ee potrest\u00e1 a zlikviduje palestinskou samospr\u00e1vu, pokud ICC vyd\u00e1 zatyka\u010de"},"content":{"rendered":"<div id=\"fb-root\"><\/div>\n<div class=\"elementor-element elementor-element-1fb4c2c elementor-widget elementor-widget-theme-post-content\" data-id=\"1fb4c2c\" data-element_type=\"widget\" data-widget_type=\"theme-post-content.default\">\n<div class=\"elementor-widget-container\">\n<p><strong>Izrael varuje USA p\u0159ed odvetou proti palestinsk\u00e9 samospr\u00e1v\u011b, pokud ICC vyd\u00e1 zatyka\u010de<\/strong><\/p>\n<p>Izraelsk\u00e1 vl\u00e1da varovala Bidenovu administrativu, \u017ee podnikne odvetu proti palestinsk\u00e9 samospr\u00e1v\u011b, pokud Mezin\u00e1rodn\u00ed trestn\u00ed soud vyd\u00e1 na izraelsk\u00e9 v\u016fdce zatyka\u010de, kter\u00e9 by podle dvou izraelsk\u00fdch a americk\u00fdch p\u0159edstavitel\u016f mohly v\u00e9st k jejich zhroucen\u00ed.<\/p>\n<p>Pro\u010d na tom z\u00e1le\u017e\u00ed: B\u011bhem posledn\u00edch dvou t\u00fddn\u016f izrael\u0161t\u00ed p\u0159edstavitel\u00e9 vyj\u00e1d\u0159ili znepokojen\u00ed nad t\u00edm, \u017ee Mezin\u00e1rodn\u00ed trestn\u00ed soud (ICC) p\u0159ipravuje vyd\u00e1n\u00ed zatyka\u010de na izraelsk\u00e9ho premi\u00e9ra Benjamina Netanjahua, ministra obrany Yoava Gallanta a n\u00e1\u010deln\u00edka \u0161t\u00e1bu izraelsk\u00fdch obrann\u00fdch sil Herziho Haleviho.<\/p>\n<p>Pozad\u00ed zpr\u00e1vy: Mezin\u00e1rodn\u00ed trestn\u00ed soud (ICC) se s\u00eddlem v Haagu (Nizozemsko) od roku 2021 vy\u0161et\u0159uje mo\u017en\u00e9 v\u00e1le\u010dn\u00e9 zlo\u010diny izraelsk\u00fdch sil i palestinsk\u00fdch militant\u016f v souvislosti s v\u00e1lkou mezi Izraelem a Hamasem v roce 2014.<\/p>\n<p>Podle \u017ealobc\u016f se vy\u0161et\u0159ov\u00e1n\u00ed roz\u0161\u00ed\u0159ilo o \u00fatoky ze 7. \u0159\u00edjna a od t\u00e9 doby pokra\u010duj\u00edc\u00ed v\u00e1lku v p\u00e1smu Gazy.<\/p>\n<p>Ze z\u00e1kulis\u00ed: V posledn\u00edch t\u00fddnech Izrael informoval Spojen\u00e9 st\u00e1ty, \u017ee m\u00e1 informace nazna\u010duj\u00edc\u00ed, \u017ee p\u0159edstavitel\u00e9 Palestinsk\u00e9 samospr\u00e1vy nal\u00e9haj\u00ed na \u017ealobce ICC, aby vydal zatyka\u010de na izraelsk\u00e9 v\u016fdce, podle dvou izraelsk\u00fdch p\u0159edstavitel\u016f.<\/p>\n<ul>\n<li>Podle americk\u00fdch a izraelsk\u00fdch p\u0159edstavitel\u016f Izrael \u0159ekl Bidenov\u011b administrativ\u011b, \u017ee pokud budou vyd\u00e1ny zatyka\u010de, ponese odpov\u011bdnost Palestinskou samospr\u00e1vu a odvetou tvrd\u00e1 opat\u0159en\u00ed, kter\u00e1 by mohla v\u00e9st k jej\u00edmu zhroucen\u00ed.<\/li>\n<li>Jedn\u00edm z mo\u017en\u00fdch opat\u0159en\u00ed by bylo zmrazen\u00ed p\u0159evodu da\u0148ov\u00fdch p\u0159\u00edjm\u016f, kter\u00e9 Izrael vyb\u00edr\u00e1 pro palestinskou samospr\u00e1vu. Bez t\u011bchto prost\u0159edk\u016f by autonomn\u00ed \u00fa\u0159ad zkrachoval.<\/li>\n<li>Vysok\u00fd izraelsk\u00fd p\u0159edstavitel \u0159ekl Axios, \u017ee hrozba zatyka\u010de od Mezin\u00e1rodn\u00edho trestn\u00edho soudu je re\u00e1ln\u00e1, a zd\u016fraznil, \u017ee v takov\u00e9m p\u0159\u00edpad\u011b by izraelsk\u00fd kabinet pravd\u011bpodobn\u011b p\u0159ijal ofici\u00e1ln\u00ed rozhodnut\u00ed potrestat Palestinskou samospr\u00e1vu, co\u017e by mohlo v\u00e9st k jej\u00edmu zhroucen\u00ed.<\/li>\n<li>B\u00edl\u00fd d\u016fm a \u00fa\u0159ad izraelsk\u00e9ho premi\u00e9ra to odm\u00edtly komentovat.<\/li>\n<li>Z\u00e1stupci palestinsk\u00e9 samospr\u00e1vy na \u017e\u00e1dost o koment\u00e1\u0159 okam\u017eit\u011b nereagovali.<\/li>\n<\/ul>\n<p>Ot\u00e1zka mo\u017en\u00fdch zatyka\u010d\u016f od Mezin\u00e1rodn\u00edho trestn\u00edho soudu se objevila b\u011bhem telefon\u00e1tu mezi Netanjahuem a prezidentem Bidenem minulou ned\u011bli, ve kter\u00e9m Netanjahu po\u017e\u00e1dal Bidena o pomoc, informoval Axios za\u010d\u00e1tkem tohoto t\u00fddne.<\/p>\n<ul>\n<li>Dva ameri\u010dt\u00ed p\u0159edstavitel\u00e9 uvedli, \u017ee Biden b\u011bhem hovoru Netanjahuovi \u0159ekl, \u017ee zpr\u00e1va izraelsk\u00e9 televize Channel 12, \u017ee USA daly ICC \u201ezelenou\u201c k vyd\u00e1n\u00ed zatyka\u010d\u016f na izraelsk\u00e9 politiky, je fale\u0161n\u00e1.<\/li>\n<li>Biden v telefon\u00e1tu zd\u016fraznil, \u017ee USA odm\u00edtaj\u00ed vy\u0161et\u0159ov\u00e1n\u00ed ICC proti Izraeli.<\/li>\n<\/ul>\n<p>Sou\u010dasn\u00fd stav: Dva ameri\u010dt\u00ed p\u0159edstavitel\u00e9 uvedli, \u017ee Bidenova administrativa soukrom\u011b \u0159ekla p\u0159edstavitel\u016fm ICC, \u017ee zatyka\u010de na izraelsk\u00e9 v\u016fdce by byly chybou a USA by takovou akci nepodpo\u0159ily.<\/p>\n<ul>\n<li>\u201ePotichu povzbuzujeme ICC, aby to ned\u011blal. Tohle v\u0161echno vyhod\u00ed do pov\u011bt\u0159\u00ed. &#8222;Izrael podnikne odvetu proti palestinsk\u00e9 samospr\u00e1v\u011b,&#8220; \u0159ekl americk\u00fd \u010dinitel.<\/li>\n<li>\u00da\u0159edn\u00edk dodal, \u017ee a\u010dkoli je \u017ealobce ICC pod tlakem, aby vydal takov\u00e9 zatyka\u010de, Bidenova administrativa nev\u011b\u0159\u00ed, \u017ee tento krok je tak bezprost\u0159edn\u00ed, jak se Izraelci domn\u00edvaj\u00ed.<\/li>\n<\/ul>\n<p>Mezi \u0159\u00e1dky: V \u00fater\u00fd byl mluv\u010d\u00ed B\u00edl\u00e9ho domu John Kirby b\u011bhem br\u00edfinku dot\u00e1z\u00e1n na hrozby republik\u00e1nsk\u00fdch z\u00e1konod\u00e1rc\u016f, \u017ee schv\u00e1l\u00ed legislativu proti ICC, o \u010dem\u017e informoval Axios.<\/p>\n<ul>\n<li>Kirby \u0159ekl, \u017ee USA jsou proti vy\u0161et\u0159ov\u00e1n\u00ed ICC v Izraeli, ale zd\u016fraznily, \u017ee jsou tak\u00e9 proti hrozb\u00e1m a zastra\u0161ov\u00e1n\u00ed soudc\u016f soudu.<\/li>\n<li>Izraelsk\u00e9 p\u0159edstavitele Kirbyho koment\u00e1\u0159e znepokojily a zeptali se B\u00edl\u00e9ho domu, zda to znamen\u00e1 zm\u011bnu v postoji USA. B\u00edl\u00fd d\u016fm uvedl, \u017ee k \u017e\u00e1dn\u00e9 zm\u011bn\u011b nedo\u0161lo.<\/li>\n<\/ul>\n<\/div>\n<\/div>\n<div class=\"elementor-element elementor-element-8c57238 quelle dc-has-condition dc-condition-empty elementor-widget elementor-widget-heading\" data-id=\"8c57238\" data-element_type=\"widget\" data-widget_type=\"heading.default\">\n<div class=\"elementor-widget-container\">\n<h3 class=\"elementor-heading-title elementor-size-default\"><span style=\"font-size: 10pt;\"><a href=\"https:\/\/www.axios.com\/2024\/05\/01\/us-israel-palestinian-authority-icc-arrest-warrant\" target=\"_blank\" rel=\"nofollow noopener\">ZDROJ<\/a><\/span><\/h3>\n<p>&nbsp;<\/p>\n<\/div>\n<\/div>\n","protected":false},"excerpt":{"rendered":"<p>Izrael varuje USA p\u0159ed odvetou proti palestinsk\u00e9 samospr\u00e1v\u011b, pokud ICC vyd\u00e1 zatyka\u010de Izraelsk\u00e1 vl\u00e1da varovala&#8230;<\/p>\n","protected":false},"author":2,"featured_media":38297,"comment_status":"closed","ping_status":"closed","sticky":false,"template":"","format":"standard","meta":[],"categories":[7],"tags":[4625,107,2064,2746],"_links":{"self":[{"href":"https:\/\/www.infokuryr.cz\/n\/wp-json\/wp\/v2\/posts\/52914"}],"collection":[{"href":"https:\/\/www.infokuryr.cz\/n\/wp-json\/wp\/v2\/posts"}],"about":[{"href":"https:\/\/www.infokuryr.cz\/n\/wp-json\/wp\/v2\/types\/post"}],"author":[{"embeddable":true,"href":"https:\/\/www.infokuryr.cz\/n\/wp-json\/wp\/v2\/users\/2"}],"replies":[{"embeddable":true,"href":"https:\/\/www.infokuryr.cz\/n\/wp-json\/wp\/v2\/comments?post=52914"}],"version-history":[{"count":0,"href":"https:\/\/www.infokuryr.cz\/n\/wp-json\/wp\/v2\/posts\/52914\/revisions"}],"wp:featuredmedia":[{"embeddable":true,"href":"https:\/\/www.infokuryr.cz\/n\/wp-json\/wp\/v2\/media\/38297"}],"wp:attachment":[{"href":"https:\/\/www.infokuryr.cz\/n\/wp-json\/wp\/v2\/media?parent=52914"}],"wp:term":[{"taxonomy":"category","embeddable":true,"href":"https:\/\/www.infokuryr.cz\/n\/wp-json\/wp\/v2\/categories?post=52914"},{"taxonomy":"post_tag","embeddable":true,"href":"https:\/\/www.infokuryr.cz\/n\/wp-json\/wp\/v2\/tags?post=52914"}],"curies":[{"name":"wp","href":"https:\/\/api.w.org\/{rel}","templated":true}]}}