{"id":52912,"date":"2024-05-03T00:33:56","date_gmt":"2024-05-02T22:33:56","guid":{"rendered":"https:\/\/www.infokuryr.cz\/n\/?p=52912"},"modified":"2024-05-02T15:17:52","modified_gmt":"2024-05-02T13:17:52","slug":"cnn-srovnani-univerzitnich-demonstrantu-s-nacisty-v-dechberoucim-segmentu-propagandy","status":"publish","type":"post","link":"https:\/\/www.infokuryr.cz\/n\/2024\/05\/03\/cnn-srovnani-univerzitnich-demonstrantu-s-nacisty-v-dechberoucim-segmentu-propagandy\/","title":{"rendered":"CNN: Srovn\u00e1n\u00ed univerzitn\u00edch demonstrant\u016f s nacisty v dechberouc\u00edm segmentu propagandy"},"content":{"rendered":"<div id=\"fb-root\"><\/div>\n<div class=\"elementor-element elementor-element-1fb4c2c elementor-widget elementor-widget-theme-post-content\" data-id=\"1fb4c2c\" data-element_type=\"widget\" data-widget_type=\"theme-post-content.default\">\n<div class=\"elementor-widget-container\">\n<p><strong>Propaganda funguje pouze tehdy, kdy\u017e nev\u00edte, \u017ee se to d\u011bje v\u00e1m, tak\u017ee douf\u00e1m, \u017ee to z\u016fstane zamaskovan\u00e9, aby to v\u0161ichni vid\u011bli.<\/strong><\/p>\n<p><span>V jednom z nejd\u011bsiv\u011bj\u0161\u00edch kousk\u016f propagandy, jakou jsem kdy v \u017eivot\u011b vid\u011bl, m\u011bla moder\u00e1torka CNN Dana Bashov\u00e1 ve st\u0159edu k\u00e1z\u00e1n\u00ed s ohn\u011bm a s\u00edrou, ve kter\u00e9m p\u0159irovnala demonstranty proti genocid\u011b na univerzit\u011b k hn\u011bd\u00fdm ko\u0161il\u00edm nacistick\u00e9ho N\u011bmecka na obranu fa\u0161isty. policejn\u00ed z\u00e1sah proti stejn\u00fdm demonstrant\u016fm.<\/span><\/p>\n<p><span>Po p\u0159ehr\u00e1n\u00ed klipu sionistick\u00e9ho aktivisty Eli Tsivese teatr\u00e1ln\u011b prohla\u0161uj\u00edc\u00edho, \u017ee ho demonstranti v kampusu na UCLA zadr\u017eeli v jeho u\u010debn\u011b, Bash v\u00e1\u017en\u011b \u0159ekl: \u201eOp\u011bt, to, co jste pr\u00e1v\u011b vid\u011bli, je rok 2024 v Los Angeles. P\u0159ipom\u00edn\u00e1 to t\u0159ic\u00e1t\u00e1 l\u00e9ta v Evrop\u011b a j\u00e1 \u0159\u00edk\u00e1m \u201aTo nen\u00ed lehkov\u00e1\u017enost\u2018. Strach mezi \u017didy v t\u00e9to zemi je v tuto chv\u00edli hmatateln\u00fd.<\/span><\/p>\n<p><span>Podle novin\u00e1\u0159e Jeremyho Lindenfelda \u2013 kter\u00fd je shodou okolnost\u00ed \u017did \u2013 Tsivesovi nebyl odep\u0159en ani p\u0159\u00edstup do jeho t\u0159\u00eddy, pouze p\u0159\u00edstup do t\u00e1bora demonstrant\u016f, kter\u00fdm se pohodln\u011b rozhodl cestou tam proj\u00edt. Dana Bash se o tom nezmi\u0148uje a m\u00edsto toho to prezentuje jako stra\u0161liv\u00fd \u00fatok na \u017didy, kter\u00fd by mohl brzy vy\u00fastit v jejich nalo\u017een\u00ed do vlak\u016f do t\u00e1bor\u016f smrti.<\/span><\/p>\n<div class=\"twitter-tweet twitter-tweet-rendered\"><iframe id=\"twitter-widget-0\" class=\"\" title=\"X p\u0159\u00edsp\u011bvek\" src=\"https:\/\/platform.twitter.com\/embed\/Tweet.html?dnt=false&amp;embedId=twitter-widget-0&amp;features=eyJ0ZndfdGltZWxpbmVfbGlzdCI6eyJidWNrZXQiOltdLCJ2ZXJzaW9uIjpudWxsfSwidGZ3X2ZvbGxvd2VyX2NvdW50X3N1bnNldCI6eyJidWNrZXQiOnRydWUsInZlcnNpb24iOm51bGx9LCJ0ZndfdHdlZXRfZWRpdF9iYWNrZW5kIjp7ImJ1Y2tldCI6Im9uIiwidmVyc2lvbiI6bnVsbH0sInRmd19yZWZzcmNfc2Vzc2lvbiI6eyJidWNrZXQiOiJvbiIsInZlcnNpb24iOm51bGx9LCJ0ZndfZm9zbnJfc29mdF9pbnRlcnZlbnRpb25zX2VuYWJsZWQiOnsiYnVja2V0Ijoib24iLCJ2ZXJzaW9uIjpudWxsfSwidGZ3X21peGVkX21lZGlhXzE1ODk3Ijp7ImJ1Y2tldCI6InRyZWF0bWVudCIsInZlcnNpb24iOm51bGx9LCJ0ZndfZXhwZXJpbWVudHNfY29va2llX2V4cGlyYXRpb24iOnsiYnVja2V0IjoxMjA5NjAwLCJ2ZXJzaW9uIjpudWxsfSwidGZ3X3Nob3dfYmlyZHdhdGNoX3Bpdm90c19lbmFibGVkIjp7ImJ1Y2tldCI6Im9uIiwidmVyc2lvbiI6bnVsbH0sInRmd19kdXBsaWNhdGVfc2NyaWJlc190b19zZXR0aW5ncyI6eyJidWNrZXQiOiJvbiIsInZlcnNpb24iOm51bGx9LCJ0ZndfdXNlX3Byb2ZpbGVfaW1hZ2Vfc2hhcGVfZW5hYmxlZCI6eyJidWNrZXQiOiJvbiIsInZlcnNpb24iOm51bGx9LCJ0ZndfdmlkZW9faGxzX2R5bmFtaWNfbWFuaWZlc3RzXzE1MDgyIjp7ImJ1Y2tldCI6InRydWVfYml0cmF0ZSIsInZlcnNpb24iOm51bGx9LCJ0ZndfbGVnYWN5X3RpbWVsaW5lX3N1bnNldCI6eyJidWNrZXQiOnRydWUsInZlcnNpb24iOm51bGx9LCJ0ZndfdHdlZXRfZWRpdF9mcm9udGVuZCI6eyJidWNrZXQiOiJvbiIsInZlcnNpb24iOm51bGx9fQ%3D%3D&amp;frame=false&amp;hideCard=false&amp;hideThread=false&amp;id=1785725450527842512&amp;lang=de&amp;origin=https%3A%2F%2Funcutnews.ch%2Fcnn-vergleich-von-demonstranten-an-den-unis-mit-nazis-und-das-in-einem-atemberaubenden-propaganda-segment%2F&amp;sessionId=9a013d38310b0cca30181b6a70a96b4b5d130d28&amp;theme=light&amp;widgetsVersion=2615f7e52b7e0%3A1702314776716&amp;width=550px\" frameborder=\"0\" scrolling=\"no\" allowfullscreen=\"allowfullscreen\" data-tweet-id=\"1785725450527842512\" data-mce-fragment=\"1\"><\/iframe><\/div>\n<p><span>Bash uk\u00e1zal cit\u00e1t od starosty New Yorku Erica Adamse, kter\u00fd \u0159ekl: \u201eExistuje hnut\u00ed, kter\u00e9 chce radikalizovat mlad\u00e9 lidi, a j\u00e1 nebudu \u010dekat, a\u017e to skon\u010d\u00ed,\u201c jako by to pat\u0159ilo k povinnostem starosta ve Spojen\u00fdch st\u00e1tech Je sou\u010d\u00e1st\u00ed Spojen\u00fdch st\u00e1t\u016f, aby se zabr\u00e1nilo \u0161\u00ed\u0159en\u00ed radik\u00e1ln\u00edch politick\u00fdch n\u00e1zor\u016f.<\/span><\/p>\n<p><span>&#8222;Volaj\u00ed po p\u0159\u00edm\u011b\u0159\u00ed,&#8220; \u0159\u00edk\u00e1 Bash. &#8222;No, 6. \u0159\u00edjna bylo p\u0159\u00edm\u011b\u0159\u00ed, den p\u0159edt\u00edm, ne\u017e terorist\u00e9 Hamasu brut\u00e1ln\u011b zavra\u017edili v\u00edce ne\u017e tis\u00edc lid\u00ed v Izraeli a vzali stovky rukojm\u00ed.&#8220;<\/span><\/p>\n<p><span>To je nehor\u00e1zn\u00e1 propagandistick\u00e1 le\u017e. Izraelsk\u00e9 s\u00edly b\u011b\u017en\u011b vra\u017edily Palestince v Gaze a na Z\u00e1padn\u00edm b\u0159ehu v t\u00fddnech a m\u011bs\u00edc\u00edch p\u0159ed \u00fatokem ze 7. \u0159\u00edjna. 6. \u0159\u00edjna 2023 The New Arab publikoval \u010dl\u00e1nek nazvan\u00fd \u201eRok 2023 je pro palestinsk\u00e9 d\u011bti \u201anejsmrteln\u011bj\u0161\u00edm rokem\u2018, \u0159\u00edkaj\u00ed skupiny pro lidsk\u00e1 pr\u00e1va\u201c v Defense of Children International \u2013 Palestine a byly citov\u00e1ny dal\u0161\u00ed zdroje.<\/span><\/p>\n<p><span>\u201eV tuto hodinu promluv\u00edm s americko-izraelskou rodinou, jej\u00ed\u017e syn je od toho hrozn\u00e9ho dne, kter\u00fd n\u00e1s p\u0159ivedl do t\u00e9to situace, st\u00e1le dr\u017een v zajet\u00ed Hamasu,\u201c \u0159ekl Bash a dodal: \u201eSly\u0161\u00edte, \u017ee propalestin\u0161t\u00ed demonstranti ne mluvit o tom. My ano.&#8220;<\/span><\/p>\n<p><span>Ach ano, jak odv\u00e1\u017en\u00e1 a novin\u00e1\u0159sk\u00e1 bez\u00fahonnost od v\u00e1s mluv\u00ed o izraelsk\u00fdch rukojm\u00edch, Dano. Nen\u00ed to tak, \u017ee bychom o tom nesly\u0161eli ka\u017ed\u00fd den v imperi\u00e1ln\u00edch m\u00e9di\u00edch posledn\u00edch sedm m\u011bs\u00edc\u016f, zat\u00edmco v\u00e1le\u010dn\u00fd stroj dodan\u00fd Spojen\u00fdmi st\u00e1ty zabil mnohon\u00e1sobn\u011b v\u00edce Palestinc\u016f.<\/span><\/p>\n<div class=\"twitter-tweet twitter-tweet-rendered\"><iframe id=\"twitter-widget-1\" class=\"\" title=\"X p\u0159\u00edsp\u011bvek\" src=\"https:\/\/platform.twitter.com\/embed\/Tweet.html?dnt=false&amp;embedId=twitter-widget-1&amp;features=eyJ0ZndfdGltZWxpbmVfbGlzdCI6eyJidWNrZXQiOltdLCJ2ZXJzaW9uIjpudWxsfSwidGZ3X2ZvbGxvd2VyX2NvdW50X3N1bnNldCI6eyJidWNrZXQiOnRydWUsInZlcnNpb24iOm51bGx9LCJ0ZndfdHdlZXRfZWRpdF9iYWNrZW5kIjp7ImJ1Y2tldCI6Im9uIiwidmVyc2lvbiI6bnVsbH0sInRmd19yZWZzcmNfc2Vzc2lvbiI6eyJidWNrZXQiOiJvbiIsInZlcnNpb24iOm51bGx9LCJ0ZndfZm9zbnJfc29mdF9pbnRlcnZlbnRpb25zX2VuYWJsZWQiOnsiYnVja2V0Ijoib24iLCJ2ZXJzaW9uIjpudWxsfSwidGZ3X21peGVkX21lZGlhXzE1ODk3Ijp7ImJ1Y2tldCI6InRyZWF0bWVudCIsInZlcnNpb24iOm51bGx9LCJ0ZndfZXhwZXJpbWVudHNfY29va2llX2V4cGlyYXRpb24iOnsiYnVja2V0IjoxMjA5NjAwLCJ2ZXJzaW9uIjpudWxsfSwidGZ3X3Nob3dfYmlyZHdhdGNoX3Bpdm90c19lbmFibGVkIjp7ImJ1Y2tldCI6Im9uIiwidmVyc2lvbiI6bnVsbH0sInRmd19kdXBsaWNhdGVfc2NyaWJlc190b19zZXR0aW5ncyI6eyJidWNrZXQiOiJvbiIsInZlcnNpb24iOm51bGx9LCJ0ZndfdXNlX3Byb2ZpbGVfaW1hZ2Vfc2hhcGVfZW5hYmxlZCI6eyJidWNrZXQiOiJvbiIsInZlcnNpb24iOm51bGx9LCJ0ZndfdmlkZW9faGxzX2R5bmFtaWNfbWFuaWZlc3RzXzE1MDgyIjp7ImJ1Y2tldCI6InRydWVfYml0cmF0ZSIsInZlcnNpb24iOm51bGx9LCJ0ZndfbGVnYWN5X3RpbWVsaW5lX3N1bnNldCI6eyJidWNrZXQiOnRydWUsInZlcnNpb24iOm51bGx9LCJ0ZndfdHdlZXRfZWRpdF9mcm9udGVuZCI6eyJidWNrZXQiOiJvbiIsInZlcnNpb24iOm51bGx9fQ%3D%3D&amp;frame=false&amp;hideCard=false&amp;hideThread=false&amp;id=1785575610469007471&amp;lang=de&amp;origin=https%3A%2F%2Funcutnews.ch%2Fcnn-vergleich-von-demonstranten-an-den-unis-mit-nazis-und-das-in-einem-atemberaubenden-propaganda-segment%2F&amp;sessionId=9a013d38310b0cca30181b6a70a96b4b5d130d28&amp;theme=light&amp;widgetsVersion=2615f7e52b7e0%3A1702314776716&amp;width=550px\" frameborder=\"0\" scrolling=\"no\" allowfullscreen=\"allowfullscreen\" data-tweet-id=\"1785575610469007471\" data-mce-fragment=\"1\"><\/iframe><\/div>\n<p><span>\u201eV UCLA se proizraelsk\u00e9 a propalestinsk\u00e9 skupiny navz\u00e1jem napadaly a h\u00e1zely v\u0161echno: d\u0159ev\u011bnou paletu, oh\u0148ostroje, parkovac\u00ed ku\u017eely a dokonce i sk\u00fatr,\u201c \u0159\u00edk\u00e1 Bash.<\/span><\/p>\n<p><span>Dal\u0161\u00ed le\u017e. Z koluj\u00edc\u00edch z\u00e1b\u011br\u016f je naprosto jasn\u00e9, \u017ee n\u00e1sil\u00ed poch\u00e1z\u00ed v\u00fdhradn\u011b od sionistick\u00fdch protidemonstrant\u016f, s videi proizraelsk\u00fdch hrdlo\u0159ez\u016f, kte\u0159\u00ed odpaluj\u00ed oh\u0148ostroje a h\u00e1zej\u00ed l\u00e1hve s chemik\u00e1liemi do t\u00e1bora, soust\u0159ed\u011bn\u00e1 na jednu le\u017e\u00edc\u00ed na zemi Demonstranti sp\u011bchaj\u00ed a ude\u0159\u00ed ho klacky a bourat \u010d\u00e1sti t\u00e1bora za zp\u011bvu \u201eDruh\u00e1 nakba\u201c.<\/span><\/p>\n<p><span>Pozd\u011bji ve stejn\u00e9m vys\u00edl\u00e1n\u00ed Stephanie Elamov\u00e1 ze CNN vyvrac\u00ed Bashovu le\u017e z obou stran t\u00edm, \u017ee n\u011bkter\u00e9 z t\u011bchto z\u00e1b\u011br\u016f komentuje slovy: \u201eZ videa to vypad\u00e1, \u017ee lid\u00e9 z t\u00e9to strany minulou noc rozbili t\u00e1bor propalestinsk\u00e9 strany a h\u00e1zeli p\u0159edm\u011bty. v. Tak\u00e9 to vypad\u00e1, \u017ee z druh\u00e9 strany byl pou\u017eit pep\u0159ov\u00fd sprej nebo n\u011bco podobn\u00e9ho.\u201c<\/span><\/p>\n<p><span>Je t\u0159eba poznamenat, \u017ee Dana Bash p\u0159evzala sv\u00e9 p\u0159\u00edjmen\u00ed po sv\u00e9m prvn\u00edm man\u017eelovi Jeremy Bashovi, kter\u00fd pozd\u011bji slou\u017eil jako n\u00e1\u010deln\u00edk \u0161t\u00e1bu v CIA a Pentagonu. Tato \u017eena je \u00fapln\u00e1 ba\u017eina.<\/span><\/p>\n<p><span>Za zm\u00ednku tak\u00e9 stoj\u00ed, \u017ee zam\u011bstnanci CNN ned\u00e1vno prozradili Guardianu, \u017ee na n\u011b byl vyv\u00edjen n\u00e1tlak, aby zakryli \u00fatok v Gaze s extr\u00e9mn\u011b proizraelskou zaujatost\u00ed, a tento tlak p\u0159ipisovali nov\u00e9mu gener\u00e1ln\u00edmu \u0159editeli s\u00edt\u011b Marku Thompsonovi.<\/span><\/p>\n<p><span>Co se m\u011b t\u00fd\u010de, pova\u017euji za skv\u011bl\u00e9, \u017ee imperi\u00e1ln\u00ed m\u00e9dia d\u00e1vaj\u00ed tak jasn\u011b najevo svou propagandistickou povahu, a douf\u00e1m, \u017ee budou i nad\u00e1le vystavovat z\u00e1padn\u00ed mainstream skute\u010dnosti, \u017ee prim\u00e1rn\u00edm \u00fa\u010delem t\u011bchto m\u00e9di\u00ed je prosazovat informa\u010dn\u00ed z\u00e1jmy USA. a jeho spojenci.<\/span><\/p>\n<p><span>Propaganda funguje pouze tehdy, kdy\u017e nev\u00edte, \u017ee se to d\u011bje v\u00e1m, a douf\u00e1m, \u017ee to bude i nad\u00e1le zatemn\u011bno, aby to v\u0161ichni vid\u011bli.<\/span><\/p>\n<p><em>Caitlin Johnstoneov\u00e1<\/em><\/p>\n<\/div>\n<\/div>\n<div class=\"elementor-element elementor-element-8c57238 quelle dc-has-condition dc-condition-empty elementor-widget elementor-widget-heading\" data-id=\"8c57238\" data-element_type=\"widget\" data-widget_type=\"heading.default\">\n<div class=\"elementor-widget-container\">\n<h3 class=\"elementor-heading-title elementor-size-default\"><span style=\"font-size: 10pt;\"><a href=\"https:\/\/caitlinjohnstone.com.au\/2024\/05\/02\/cnn-compares-campus-protesters-to-nazis-in-stunning-propaganda-segment\/\" target=\"_blank\" rel=\"nofollow noopener\">ZDROJ<\/a><\/span><\/h3>\n<p>&nbsp;<\/p>\n<\/div>\n<\/div>\n","protected":false},"excerpt":{"rendered":"<p>Propaganda funguje pouze tehdy, kdy\u017e nev\u00edte, \u017ee se to d\u011bje v\u00e1m, tak\u017ee douf\u00e1m, \u017ee to&#8230;<\/p>\n","protected":false},"author":2,"featured_media":52913,"comment_status":"closed","ping_status":"closed","sticky":false,"template":"","format":"standard","meta":[],"categories":[7],"tags":[667,7236,293],"_links":{"self":[{"href":"https:\/\/www.infokuryr.cz\/n\/wp-json\/wp\/v2\/posts\/52912"}],"collection":[{"href":"https:\/\/www.infokuryr.cz\/n\/wp-json\/wp\/v2\/posts"}],"about":[{"href":"https:\/\/www.infokuryr.cz\/n\/wp-json\/wp\/v2\/types\/post"}],"author":[{"embeddable":true,"href":"https:\/\/www.infokuryr.cz\/n\/wp-json\/wp\/v2\/users\/2"}],"replies":[{"embeddable":true,"href":"https:\/\/www.infokuryr.cz\/n\/wp-json\/wp\/v2\/comments?post=52912"}],"version-history":[{"count":0,"href":"https:\/\/www.infokuryr.cz\/n\/wp-json\/wp\/v2\/posts\/52912\/revisions"}],"wp:featuredmedia":[{"embeddable":true,"href":"https:\/\/www.infokuryr.cz\/n\/wp-json\/wp\/v2\/media\/52913"}],"wp:attachment":[{"href":"https:\/\/www.infokuryr.cz\/n\/wp-json\/wp\/v2\/media?parent=52912"}],"wp:term":[{"taxonomy":"category","embeddable":true,"href":"https:\/\/www.infokuryr.cz\/n\/wp-json\/wp\/v2\/categories?post=52912"},{"taxonomy":"post_tag","embeddable":true,"href":"https:\/\/www.infokuryr.cz\/n\/wp-json\/wp\/v2\/tags?post=52912"}],"curies":[{"name":"wp","href":"https:\/\/api.w.org\/{rel}","templated":true}]}}