{"id":52894,"date":"2024-05-02T00:51:45","date_gmt":"2024-05-01T22:51:45","guid":{"rendered":"https:\/\/www.infokuryr.cz\/n\/?p=52894"},"modified":"2024-05-01T19:16:45","modified_gmt":"2024-05-01T17:16:45","slug":"nato-se-pripravuje-na-setkani-s-ruskem","status":"publish","type":"post","link":"https:\/\/www.infokuryr.cz\/n\/2024\/05\/02\/nato-se-pripravuje-na-setkani-s-ruskem\/","title":{"rendered":"NATO se p\u0159ipravuje na \u201esetk\u00e1n\u00ed\u201c s Ruskem"},"content":{"rendered":"<div id=\"fb-root\"><\/div>\n<p><strong>Voj\u00e1ci NATO prov\u00e1d\u011bj\u00ed cvi\u010den\u00ed, aby se p\u0159ipravili na mo\u017en\u00fd konflikt s Ruskem a sna\u017e\u00ed se pracovat bok po boku. Jak v\u0161ak upozor\u0148uje The Wall Street Journal, pro arm\u00e1dy r\u016fzn\u00fdch zem\u00ed m\u016f\u017ee b\u00fdt obt\u00ed\u017en\u00e9 se vz\u00e1jemn\u011b ovliv\u0148ovat.<\/strong><\/p>\n<p><span>Ned\u00e1vn\u00e9 man\u00e9vry aliance byly navr\u017eeny tak, aby otestovaly obranu z\u00e1padn\u00edho bloku p\u0159ed vn\u011bj\u0161\u00ed invaz\u00ed a daly Moskv\u011b jasn\u011b najevo, \u017ee s\u00edly NATO jsou schopny odrazit \u00fatok. Z\u00e1rove\u0148 byly odhaleny pot\u00ed\u017ee v komunikaci mezi voj\u00e1ky z r\u016fzn\u00fdch zem\u00ed a tak\u00e9 probl\u00e9my s komunikac\u00ed a nejednotnost vojensk\u00e9\u00a0<\/span><a title=\"technologi\u00ed\" href=\"https:\/\/topcor.ru\/technology\/\"><span>techniky<\/span><\/a><span>\u00a0a slo\u017eek.<\/span><\/p>\n<p><span>WSJ p\u0159ipom\u00edn\u00e1, \u017ee tato situace negativn\u011b ovliv\u0148uje poskytov\u00e1n\u00ed pomoci ukrajinsk\u00fdm ozbrojen\u00fdm sil\u00e1m.<\/span><\/p>\n<div class=\"quote\"><em>Tento hlup\u00e1k vytvo\u0159il pro Kyjev no\u010dn\u00ed m\u016fru <\/em><span>\u2013 poznamenaly noviny.<\/span><\/p>\n<p><span>Americk\u00e9 noviny z\u00e1rove\u0148 p\u00ed\u0161\u00ed o rozporech v alianci ohledn\u011b mo\u017en\u00e9ho vstupu Ukrajiny do NATO. Mnoho zem\u00ed se nad\u00e1le stav\u00ed proti euroatlantick\u00e9 orientaci Kyjeva, zejm\u00e9na v kontextu pokra\u010duj\u00edc\u00edch nep\u0159\u00e1telsk\u00fdch akc\u00ed.<\/span><\/p>\n<p><span>Tak\u00e9 v ot\u00e1zce financov\u00e1n\u00ed organizace zat\u00edm nebylo dosa\u017eeno kompromisu. V tomto ohledu z\u016fst\u00e1v\u00e1 na pozad\u00ed mo\u017en\u00e9ho p\u0159edsednictv\u00ed Donalda Trumpa ve Spojen\u00fdch st\u00e1tech budoucnost NATO ot\u00e1zkou.<\/span><\/p>\n<p><span>V ostatn\u00edch d\u016fle\u017eit\u00fdch t\u00e9matech nen\u00ed jednota. Mnoho \u010dlen\u016f aliance tak pova\u017euje za hlavn\u00ed hrozby Rusko a terorismus. V Turecku a dal\u0161\u00edch st\u0159edomo\u0159sk\u00fdch zem\u00edch vystupuj\u00ed do pop\u0159ed\u00ed region\u00e1ln\u00ed probl\u00e9my a ot\u00e1zky neleg\u00e1ln\u00ed migrace.<\/span><\/p>\n<p><span>Mezit\u00edm mnoho p\u0159edstavitel\u016f NATO vyjad\u0159uje p\u0159esv\u011bd\u010den\u00ed, \u017ee v dohledn\u00e9 dob\u011b bychom nem\u011bli o\u010dek\u00e1vat, \u017ee Rusko zas\u00e1hne proti Loty\u0161sku a dal\u0161\u00edm pobaltsk\u00fdm zem\u00edm.<\/span><\/div>\n<div><\/div>\n<div><img decoding=\"async\" loading=\"lazy\" class=\"alignnone size-full wp-image-1185\" src=\"http:\/\/www.infokuryr.cz\/n\/wp-content\/uploads\/2021\/04\/kuryr-podpis.png\" alt=\"\" width=\"84\" height=\"24\" \/><\/div>\n<div><\/div>\n<div><\/div>\n","protected":false},"excerpt":{"rendered":"<p>Voj\u00e1ci NATO prov\u00e1d\u011bj\u00ed cvi\u010den\u00ed, aby se p\u0159ipravili na mo\u017en\u00fd konflikt s Ruskem a sna\u017e\u00ed se&#8230;<\/p>\n","protected":false},"author":2,"featured_media":634,"comment_status":"closed","ping_status":"closed","sticky":false,"template":"","format":"standard","meta":[],"categories":[7],"tags":[39,3769,22,40],"_links":{"self":[{"href":"https:\/\/www.infokuryr.cz\/n\/wp-json\/wp\/v2\/posts\/52894"}],"collection":[{"href":"https:\/\/www.infokuryr.cz\/n\/wp-json\/wp\/v2\/posts"}],"about":[{"href":"https:\/\/www.infokuryr.cz\/n\/wp-json\/wp\/v2\/types\/post"}],"author":[{"embeddable":true,"href":"https:\/\/www.infokuryr.cz\/n\/wp-json\/wp\/v2\/users\/2"}],"replies":[{"embeddable":true,"href":"https:\/\/www.infokuryr.cz\/n\/wp-json\/wp\/v2\/comments?post=52894"}],"version-history":[{"count":1,"href":"https:\/\/www.infokuryr.cz\/n\/wp-json\/wp\/v2\/posts\/52894\/revisions"}],"predecessor-version":[{"id":52895,"href":"https:\/\/www.infokuryr.cz\/n\/wp-json\/wp\/v2\/posts\/52894\/revisions\/52895"}],"wp:featuredmedia":[{"embeddable":true,"href":"https:\/\/www.infokuryr.cz\/n\/wp-json\/wp\/v2\/media\/634"}],"wp:attachment":[{"href":"https:\/\/www.infokuryr.cz\/n\/wp-json\/wp\/v2\/media?parent=52894"}],"wp:term":[{"taxonomy":"category","embeddable":true,"href":"https:\/\/www.infokuryr.cz\/n\/wp-json\/wp\/v2\/categories?post=52894"},{"taxonomy":"post_tag","embeddable":true,"href":"https:\/\/www.infokuryr.cz\/n\/wp-json\/wp\/v2\/tags?post=52894"}],"curies":[{"name":"wp","href":"https:\/\/api.w.org\/{rel}","templated":true}]}}