{"id":52892,"date":"2024-05-02T00:48:49","date_gmt":"2024-05-01T22:48:49","guid":{"rendered":"https:\/\/www.infokuryr.cz\/n\/?p=52892"},"modified":"2024-05-01T19:11:14","modified_gmt":"2024-05-01T17:11:14","slug":"petr-hannig-i-velice-vyznamni-politici-byli-muzikanty","status":"publish","type":"post","link":"https:\/\/www.infokuryr.cz\/n\/2024\/05\/02\/petr-hannig-i-velice-vyznamni-politici-byli-muzikanty\/","title":{"rendered":"Petr Hannig: I velice v\u00fdznamn\u00ed politici byli muzikanty"},"content":{"rendered":"<div id=\"fb-root\"><\/div>\n<p><strong>Ob\u010das se setk\u00e1v\u00e1m s\u00a0n\u00e1zorem, \u017ee pro\u010d se jako hudebn\u00edk sna\u017e\u00edm dok\u00e1zat n\u011bco v\u00a0politice. V\u011bt\u0161inou m\u00e1 takov\u00e1 ot\u00e1zka ur\u010dit\u00fd podt\u00f3n:\u00a0<em>\u00bbHraj si, a do politiky nelez\u00ab.<\/em><\/strong><\/p>\n<p>Ov\u0161em takov\u00fd n\u00e1zor je zcela scestn\u00fd. Pr\u00e1v\u011b obory, kter\u00e9 jsem studoval j\u00e1, jsou pro v\u00fdkon politick\u00e9 praxe naprosto prioritn\u00ed a u\u017eite\u010dn\u00e9. Vystudoval jsem nejd\u0159\u00edve na Konzervato\u0159i v Praze hru na varhany. Jako varhan\u00edk mus\u00edte zapojit v\u0161echny kon\u010detiny do hry a je\u0161t\u011b nejv\u00edc ze v\u0161ech n\u00e1stroj\u016f zapojit mozek, proto\u017ee sledujete t\u0159i hudebn\u00ed osnovy. Nav\u00edc nesta\u010d\u00ed jenom hr\u00e1t, ale je\u0161t\u011b mus\u00edte registrovat, to jest vytahovat a zand\u00e1vat jednotliv\u00e9 rejst\u0159\u00edky. Prost\u011b sou\u010dasn\u011b mus\u00edte \u0159e\u0161it v\u017edy n\u011bkolik v\u011bc\u00ed. A to by m\u011bl um\u011bt politik.<\/p>\n<p>D\u00e1le jsem vystudoval dirigov\u00e1n\u00ed. Dirigov\u00e1n\u00ed je je\u0161t\u011b slo\u017eit\u011bj\u0161\u00ed. Sledujete n\u011bkolik notov\u00fdch osnov, mus\u00edte b\u00fdt v\u016fd\u010d\u00ed typ, aby v\u00e1s orchestr akceptoval. Nebo\u0165 orchestr je velice citliv\u00e9 t\u011bleso a b\u00fdv\u00e1 mnohdy velice z\u00e1ke\u0159n\u00e9. Jakmile si nech\u00e1te orchestr p\u0159er\u016fst p\u0159es hlavu, tak to lidov\u011b \u0159e\u010deno mus\u00edte zabalit. Prost\u011b mus\u00edte, na rozd\u00edl od sou\u010dasn\u00e9ho \u00bbdirigenta vl\u00e1dy\u00ab, m\u00edt v\u00a0o\u010d\u00edch orchestru st\u00e1le vysok\u00e9 preference.<\/p>\n<p>Skladatel je n\u011bco jako architekt. Kdy\u017e architekt \u0161patn\u011b navrhne d\u016fm, tak mu spadne. Kdy\u017e skladatel neum\u00ed komponovat d\u00edlo, kter\u00e9 dr\u017e\u00ed pohromad\u011b, tak se lid\u00e9 v\u00a0s\u00e1le unud\u00ed k\u00a0smrti.<\/p>\n<p>Tyto t\u0159i hudebn\u00ed profese zaru\u010duj\u00ed pro toho, kdo je vystudoval a kdo je um\u00ed dokonale, \u017ee se dok\u00e1\u017ee v\u017edy velmi rychle zorientovat v nastal\u00fdch situac\u00edch. Nav\u00edc podstata hudebn\u00edho my\u0161len\u00ed je i pro politiku velmi u\u017eite\u010dn\u00e1, proto\u017ee v ur\u010dit\u00fdch momentech, kter\u00e9 jsou d\u016fle\u017eit\u00e9 pro veden\u00ed lodi zvan\u00e9 st\u00e1t, dok\u00e1\u017ee ten, kdo je srdcem hudebn\u00edk, okam\u017eit\u011b improvizovat v prosp\u011bch ob\u010dan\u016f. Co\u017e rozhodn\u011b ti, co studovali politologii, naprosto postr\u00e1daj\u00ed.<\/p>\n<p>Mnoz\u00ed z\u00a0v\u00e1s mne zn\u00e1te jako hitmakera, \u010dili autora hudby popul\u00e1rn\u00ed s\u00a0hity, kter\u00e9 se prod\u00e1valy ve statis\u00edc\u00edch, jako nap\u0159.\u00a0<em>Citronov\u00e1 holka\u00a0<\/em>v\u00a0pod\u00e1n\u00ed V\u00edt\u011bzslava V\u00e1vry (\u010dtvrt milionu prodan\u00fdch nosi\u010d\u016f), \u010di\u00a0<em>Neposlu\u0161n\u00e9 tenisky,<\/em>\u00a0kter\u00e9 vyst\u0159elily na v\u00fdslun\u00ed popularity Lucii B\u00edlou. Oba dva hity se st\u00e1le hraj\u00ed v\u00a0r\u00e1di\u00edch. \u010cili \u017eij\u00ed des\u00edtky let s\u00a0n\u00e1mi. Ov\u0161em o architektu\u0159e kompozice v\u00e1m tyto dv\u011b p\u00edsn\u011b v\u00a0podstat\u011b nic nepov\u00ed. Tak\u017ee zde uvedu prvn\u00ed sv\u011btov\u00e9 art rockov\u00e9 album M\u011bsto Er, jeho\u017e jsem byl tv\u016frcem, respektive tv\u016frcem t\u00e9 slo\u017eky, kter\u00e1 katapultovala toto album na pozici prvn\u00ed kompozice sv\u00e9ho druhu ve sv\u011btov\u00e9m kontextu. Poprv\u00e9 jsem pou\u017eil v\u00a0rockov\u00e9 hudb\u011b tak zvanou dvan\u00e1ctit\u00f3novou \u0159adu, aleatoriku a dal\u0161\u00ed naprosto revolu\u010dn\u00ed prvky v\u00a0rockov\u00e9 hudb\u011b. Album vzniklo v\u00a0roce\u00a01970. Zde je uk\u00e1zka.<\/p>\n<figure class=\"wp-block-embed is-type-video is-provider-youtube wp-block-embed-youtube wp-embed-aspect-16-9 wp-has-aspect-ratio\">\n<div class=\"wp-block-embed__wrapper\"><iframe loading=\"lazy\" title=\"Michal Prokop &amp; Framus 5 \u200e- M\u011bsto Er (1971) FULL ALBUM\" src=\"https:\/\/www.youtube.com\/embed\/h-aSkZ_I5hg?feature=oembed\" width=\"100%\" height=\"392\" frameborder=\"0\" allowfullscreen=\"allowfullscreen\" data-mce-fragment=\"1\"><\/iframe><\/div>\n<\/figure>\n<p>A nab\u00edz\u00edm tak\u00e9 mou symfonii provedenou ve Dvo\u0159\u00e1kov\u011b s\u00edni Domu um\u011blc\u016f v\u00a0roce\u00a01979. Symfonick\u00fd orchestr hlavn\u00edho m\u011bsta Prahy FOK dirigoval Mario Klemens.<\/p>\n<figure class=\"wp-block-embed is-type-video is-provider-youtube wp-block-embed-youtube wp-embed-aspect-16-9 wp-has-aspect-ratio\">\n<div class=\"wp-block-embed__wrapper\"><iframe loading=\"lazy\" title=\"Petr Hannig, Symfonie\" src=\"https:\/\/www.youtube.com\/embed\/gd-00fyPmYs?feature=oembed\" width=\"100%\" height=\"392\" frameborder=\"0\" allowfullscreen=\"allowfullscreen\" data-mce-fragment=\"1\"><\/iframe><\/div>\n<\/figure>\n<p>Tak\u017ee tolik o m\u00e9 osob\u011b. A te\u010f k\u00a0tomu, co p\u00ed\u0161u v nadpisu. M\u00e1lokdo si uv\u011bdomuje, \u017ee zakladatelem novodob\u00e9ho Polska byl v\u00a0roce\u00a01918 hudebn\u00edk, Ignacy Jan Pederewski, vynikaj\u00edc\u00ed klav\u00edrista, dirigent a skladatel, kter\u00fd ve Spojen\u00fdch st\u00e1tech vyjednal d\u00edky sv\u00e9 pozici sv\u011btov\u011b uzn\u00e1van\u00e9ho um\u011blce samostatnost pro Polsko a stal se prvn\u00edm polsk\u00fdm premi\u00e9rem v\u00a0novodob\u00e9 historii.<\/p>\n<p>Takt\u00e9\u017e hudebn\u00edkem byl prvn\u00ed prezident Litvy po rozpadu SSSR Vitautas Lansbergis. Ten vymyslel ten slavn\u00fd lidsk\u00fd \u0159et\u011bz lid\u00ed z\u00a0Pobaltsk\u00fdch republik a m\u00edrovou cestou t\u00edm vyjednal samostatnost nejen pro Litvu, ale v\u00a0podstat\u011b i pro Loty\u0161sko a Estonsko. A mohl bych jmenovat dal\u0161\u00ed v\u00fdznamn\u00e9 sv\u011btov\u00e9 politiky, kte\u0159\u00ed byli p\u016fvodn\u011b hudebn\u00edky.<\/p>\n<p>\u010cili hudebn\u00ed minulost nen\u00ed pro politika z\u00e1t\u011b\u017e\u00ed, ale naopak p\u0159\u00ednosem.<\/p>\n<p><strong>Petr Hannig, p\u0159edseda Rozumn\u00fdch v\u00a0Alianci za nez\u00e1vislost \u010cR \u2013 proti p\u0159ijet\u00ed eura!<\/strong><\/p>\n<p><a href=\"https:\/\/stranapro.cz\/\"><img decoding=\"async\" loading=\"lazy\" class=\"wp-image-40286 aligncenter\" src=\"http:\/\/www.infokuryr.cz\/n\/wp-content\/uploads\/2023\/11\/12pro-300x87.png\" alt=\"\" width=\"886\" height=\"257\" srcset=\"https:\/\/www.infokuryr.cz\/n\/wp-content\/uploads\/2023\/11\/12pro-300x87.png 300w, https:\/\/www.infokuryr.cz\/n\/wp-content\/uploads\/2023\/11\/12pro.png 366w\" sizes=\"(max-width: 886px) 100vw, 886px\" \/><\/a><\/p>\n<p>&nbsp;<\/p>\n","protected":false},"excerpt":{"rendered":"<p>Ob\u010das se setk\u00e1v\u00e1m s\u00a0n\u00e1zorem, \u017ee pro\u010d se jako hudebn\u00edk sna\u017e\u00edm dok\u00e1zat n\u011bco v\u00a0politice. V\u011bt\u0161inou m\u00e1&#8230;<\/p>\n","protected":false},"author":2,"featured_media":33742,"comment_status":"closed","ping_status":"closed","sticky":false,"template":"","format":"standard","meta":[],"categories":[6],"tags":[4757,1503,122,5135],"_links":{"self":[{"href":"https:\/\/www.infokuryr.cz\/n\/wp-json\/wp\/v2\/posts\/52892"}],"collection":[{"href":"https:\/\/www.infokuryr.cz\/n\/wp-json\/wp\/v2\/posts"}],"about":[{"href":"https:\/\/www.infokuryr.cz\/n\/wp-json\/wp\/v2\/types\/post"}],"author":[{"embeddable":true,"href":"https:\/\/www.infokuryr.cz\/n\/wp-json\/wp\/v2\/users\/2"}],"replies":[{"embeddable":true,"href":"https:\/\/www.infokuryr.cz\/n\/wp-json\/wp\/v2\/comments?post=52892"}],"version-history":[{"count":1,"href":"https:\/\/www.infokuryr.cz\/n\/wp-json\/wp\/v2\/posts\/52892\/revisions"}],"predecessor-version":[{"id":52893,"href":"https:\/\/www.infokuryr.cz\/n\/wp-json\/wp\/v2\/posts\/52892\/revisions\/52893"}],"wp:featuredmedia":[{"embeddable":true,"href":"https:\/\/www.infokuryr.cz\/n\/wp-json\/wp\/v2\/media\/33742"}],"wp:attachment":[{"href":"https:\/\/www.infokuryr.cz\/n\/wp-json\/wp\/v2\/media?parent=52892"}],"wp:term":[{"taxonomy":"category","embeddable":true,"href":"https:\/\/www.infokuryr.cz\/n\/wp-json\/wp\/v2\/categories?post=52892"},{"taxonomy":"post_tag","embeddable":true,"href":"https:\/\/www.infokuryr.cz\/n\/wp-json\/wp\/v2\/tags?post=52892"}],"curies":[{"name":"wp","href":"https:\/\/api.w.org\/{rel}","templated":true}]}}