{"id":52885,"date":"2024-05-02T00:43:24","date_gmt":"2024-05-01T22:43:24","guid":{"rendered":"https:\/\/www.infokuryr.cz\/n\/?p=52885"},"modified":"2024-05-01T18:51:51","modified_gmt":"2024-05-01T16:51:51","slug":"rakusan-umi-lhat-lepe-nez-danuse-zaznel-hlas-lidu-na-debate-stanu-dvoji-metr-a-losovacka","status":"publish","type":"post","link":"https:\/\/www.infokuryr.cz\/n\/2024\/05\/02\/rakusan-umi-lhat-lepe-nez-danuse-zaznel-hlas-lidu-na-debate-stanu-dvoji-metr-a-losovacka\/","title":{"rendered":"&#8222;Raku\u0161an um\u00ed lh\u00e1t l\u00e9pe ne\u017e Danu\u0161e,&#8220; zazn\u011bl hlas lidu na debat\u011b STANu. Dvoj\u00ed metr. A losova\u010dka"},"content":{"rendered":"<div id=\"fb-root\"><\/div>\n<p><span style=\"font-size: 14pt;\"><strong> V\u00edte, \u017ee na p\u0159edvolebn\u00edch debat\u00e1ch hnut\u00ed STAN se fal\u0161uj\u00ed d\u011bjiny? V\u00edte, \u017ee zazn\u011blo, cituji: \u201e\u017ee chud\u00e1k Bandera sed\u011bl v n\u011bmeck\u00e9m v\u011bzen\u00ed!? V\u00edte, \u017ee podle \u00fa\u010dastn\u00edk\u016f Debat bez cenzury um\u00ed V\u00edt Raku\u0161an na rozd\u00edl od Danu\u0161e Nerudov\u00e9 alespo\u0148 lh\u00e1t a Nerudov\u00e1 m\u00e1 pr\u00fd jednodu\u0161\u0161\u00ed mozek? A v\u00edte, co je hlavn\u00ed? P\u0159ece v\u011bd\u011bt, kde jsou ty mikiny. Poj\u010fme na to.<\/strong><\/span><\/p>\n<p>&nbsp;<\/p>\n<p><iframe loading=\"lazy\" title=\"&quot;Raku\u0161an um\u00ed lh\u00e1t l\u00e9pe ne\u017e Danu\u0161e,&quot; zazn\u011bl hlas lidu na debat\u011b STANu. Dvoj\u00ed metr. A losova\u010dka\" width=\"640\" height=\"360\" src=\"https:\/\/www.youtube.com\/embed\/3kez8Gzc7_E?start=1&#038;feature=oembed\" frameborder=\"0\" allow=\"accelerometer; autoplay; clipboard-write; encrypted-media; gyroscope; picture-in-picture; web-share\" referrerpolicy=\"strict-origin-when-cross-origin\" allowfullscreen><\/iframe><\/p>\n<p><span style=\"font-size: 14pt;\"><strong> V\u0161echna videa, rozhovory a podcasty na jednom m\u00edst\u011b:\u00a0<a href=\"http:\/\/www.abybylojasno.cz\">http:\/\/www.abybylojasno.cz<\/a><\/strong><\/span><\/p>\n<p>&nbsp;<\/p>\n<p><a href=\"https:\/\/stranapro.cz\/\"><img decoding=\"async\" loading=\"lazy\" class=\"wp-image-40286 aligncenter\" src=\"http:\/\/www.infokuryr.cz\/n\/wp-content\/uploads\/2023\/11\/12pro-300x87.png\" alt=\"\" width=\"810\" height=\"235\" srcset=\"https:\/\/www.infokuryr.cz\/n\/wp-content\/uploads\/2023\/11\/12pro-300x87.png 300w, https:\/\/www.infokuryr.cz\/n\/wp-content\/uploads\/2023\/11\/12pro.png 366w\" sizes=\"(max-width: 810px) 100vw, 810px\" \/><\/a><\/p>\n<p>&nbsp;<\/p>\n<p>&nbsp;<\/p>\n","protected":false},"excerpt":{"rendered":"<p>V\u00edte, \u017ee na p\u0159edvolebn\u00edch debat\u00e1ch hnut\u00ed STAN se fal\u0161uj\u00ed d\u011bjiny? V\u00edte, \u017ee zazn\u011blo, cituji: \u201e\u017ee&#8230;<\/p>\n","protected":false},"author":2,"featured_media":52886,"comment_status":"closed","ping_status":"closed","sticky":false,"template":"","format":"standard","meta":[],"categories":[6],"tags":[416,4014,1032,889],"_links":{"self":[{"href":"https:\/\/www.infokuryr.cz\/n\/wp-json\/wp\/v2\/posts\/52885"}],"collection":[{"href":"https:\/\/www.infokuryr.cz\/n\/wp-json\/wp\/v2\/posts"}],"about":[{"href":"https:\/\/www.infokuryr.cz\/n\/wp-json\/wp\/v2\/types\/post"}],"author":[{"embeddable":true,"href":"https:\/\/www.infokuryr.cz\/n\/wp-json\/wp\/v2\/users\/2"}],"replies":[{"embeddable":true,"href":"https:\/\/www.infokuryr.cz\/n\/wp-json\/wp\/v2\/comments?post=52885"}],"version-history":[{"count":1,"href":"https:\/\/www.infokuryr.cz\/n\/wp-json\/wp\/v2\/posts\/52885\/revisions"}],"predecessor-version":[{"id":52887,"href":"https:\/\/www.infokuryr.cz\/n\/wp-json\/wp\/v2\/posts\/52885\/revisions\/52887"}],"wp:featuredmedia":[{"embeddable":true,"href":"https:\/\/www.infokuryr.cz\/n\/wp-json\/wp\/v2\/media\/52886"}],"wp:attachment":[{"href":"https:\/\/www.infokuryr.cz\/n\/wp-json\/wp\/v2\/media?parent=52885"}],"wp:term":[{"taxonomy":"category","embeddable":true,"href":"https:\/\/www.infokuryr.cz\/n\/wp-json\/wp\/v2\/categories?post=52885"},{"taxonomy":"post_tag","embeddable":true,"href":"https:\/\/www.infokuryr.cz\/n\/wp-json\/wp\/v2\/tags?post=52885"}],"curies":[{"name":"wp","href":"https:\/\/api.w.org\/{rel}","templated":true}]}}