{"id":5284,"date":"2021-10-09T07:36:58","date_gmt":"2021-10-09T05:36:58","guid":{"rendered":"http:\/\/www.infokuryr.cz\/n\/?p=5284"},"modified":"2021-10-09T07:36:58","modified_gmt":"2021-10-09T05:36:58","slug":"na-americke-stredni-skole-nekdo-napsal-na-zachode-rasisticke-poznamky","status":"publish","type":"post","link":"https:\/\/www.infokuryr.cz\/n\/2021\/10\/09\/na-americke-stredni-skole-nekdo-napsal-na-zachode-rasisticke-poznamky\/","title":{"rendered":"Na americk\u00e9 st\u0159edn\u00ed \u0161kole n\u011bkdo napsal na z\u00e1chod\u011b rasistick\u00e9 pozn\u00e1mky&#8230;"},"content":{"rendered":"<div id=\"fb-root\"><\/div>\n<h1 class=\"entry-title\"><span style=\"font-size: 14pt;\">Na americk\u00e9 st\u0159edn\u00ed \u0161kole n\u011bkdo napsal na z\u00e1chod\u011b rasistick\u00e9 pozn\u00e1mky. Po\u0159\u00e1daly se protirasistick\u00e9 demonstrace, barevn\u00ed studenti na\u0159\u00edkali nad rasismem, \u0159editel psal rodi\u010d\u016fm\u2026 jen\u017ee pak chytli pachatele<\/span><\/h1>\n<p>Na americk\u00e9 st\u0159edn\u00ed \u0161kole Parkway Central v Chesterfieldu ve st\u00e1t\u011b Missouri\u00a0<strong>se objevily na chlapeck\u00fdch z\u00e1chodech rasistick\u00e9 n\u00e1pisy \u201eHOPE ALL BLACK PEOPLE DIE\u201d a \u201cN****R.\u201d\u00a0 (douf\u00e1m, \u017ee v\u0161ichni \u010dern\u00ed zem\u0159ou a negr).<\/strong>\u00a0\u0160kola z<strong>a\u010dala okam\u017eit\u011b po\u0159\u00e1dat protirasistick\u00e9 demonstrace, kde se odsuzoval rasismus b\u00edl\u00fdch nad\u0159azenc\u016f a barevn\u00ed studenti ve\u0159ejn\u011b b\u011bdovali, jak jsou st\u00e1le ter\u010dem rasismu a jak se boj\u00ed do \u0161koly chodit. \u0158editel \u0161koly psal rodi\u010d\u016fm v\u00fdchovn\u00fd dopis, jak maj\u00ed bojovat proti rasismu u nich doma. M\u00edstn\u00ed media si rovn\u011b\u017e p\u0159ih\u0159\u00e1la pol\u00edv\u010di\u010dku.<\/strong><\/p>\n<p>Jen\u017ee pak byl dopaden pachatel a z n\u011bj se\u00a0<a href=\"https:\/\/www.dailymail.co.uk\/news\/article-10042489\/Black-student-wrote-N-word-graffiti-led-walk-Missouri-high-school.html?ito=social-twitter_mailonline\">vyklubal \u010dern\u00fd student<\/a>. Tak se okam\u017eit\u011b cel\u00e1 z\u00e1le\u017eitost za\u010dala potichu zametat pod koberec. Zkr\u00e1tka na v\u0161echno se nepomysl\u00ed ani p\u0159i p\u0159\u00edprav\u011b podobn\u00fdch ta\u0161ka\u0159ic a pak je z toho trapn\u00e1 ostuda.<\/p>\n<p>Podobn\u00e9 fra\u0161ky zn\u00e1me i u n\u00e1s doma.\u00a0<strong>Vymy\u0161len\u00e9 \u00fatoky \u00fadajn\u00fdch b\u00edl\u00fdch neonacist\u016f na \u010desk\u00e9 muslimky. Nebo v\u00edt\u011bzstv\u00ed v<a href=\"https:\/\/www.denik.cz\/knihy\/vietnamskou-spisovatelkou-je20091127.html\">ietnamsk\u00e9 studentky Lam Pham<\/a>\u00a0Thi a jej\u00ed knihy B\u00edlej k\u016f\u0148, \u017elutej drak v liter\u00e1rn\u00ed sout\u011b\u017ei.<\/strong>\u00a0Kniha l\u00ed\u010dila nelehk\u00fd \u017eivot neboh\u00e9 tvrd\u011b pracuj\u00edc\u00ed a studuj\u00edc\u00ed vietnamsk\u00e9 studenty v rasistick\u00e9m malom\u011bstsk\u00e9m P\u00edsku. Kniha<strong>\u00a0d\u00edky t\u00e9matu a p\u016fvodu autorky vyhr\u00e1la hlavn\u00ed cenu Magnesia litera.<\/strong>\u00a0Probl\u00e9m nastal, k<strong>dy\u017e se uk\u00e1zalo, \u017ee jde o recesi a skute\u010dn\u00fdm autorem je jiho\u010desk\u00fd recesista Jan Camp\u00edrek, kter\u00fd si cht\u011bl ud\u011blat legraci z multikulturalismu.<\/strong><\/p>\n<p><a href=\"https:\/\/ceskavec.com\/2021\/10\/na-americke-stredni-skole-nekdo-napsal-na-zachode-rasisticke-poznamky-poradaly-se-protirasisticke-demonstrace-barevni-studenti-narikali-nad-rasismem-reditel-psal-rodicum-jenze-pak-chytli-pachate\">David B.<\/a><\/p>\n<p>&nbsp;<\/p>\n","protected":false},"excerpt":{"rendered":"<p>Na americk\u00e9 st\u0159edn\u00ed \u0161kole n\u011bkdo napsal na z\u00e1chod\u011b rasistick\u00e9 pozn\u00e1mky. Po\u0159\u00e1daly se protirasistick\u00e9 demonstrace, barevn\u00ed&#8230;<\/p>\n","protected":false},"author":2,"featured_media":706,"comment_status":"closed","ping_status":"closed","sticky":false,"template":"","format":"standard","meta":[],"categories":[7],"tags":[93,37],"_links":{"self":[{"href":"https:\/\/www.infokuryr.cz\/n\/wp-json\/wp\/v2\/posts\/5284"}],"collection":[{"href":"https:\/\/www.infokuryr.cz\/n\/wp-json\/wp\/v2\/posts"}],"about":[{"href":"https:\/\/www.infokuryr.cz\/n\/wp-json\/wp\/v2\/types\/post"}],"author":[{"embeddable":true,"href":"https:\/\/www.infokuryr.cz\/n\/wp-json\/wp\/v2\/users\/2"}],"replies":[{"embeddable":true,"href":"https:\/\/www.infokuryr.cz\/n\/wp-json\/wp\/v2\/comments?post=5284"}],"version-history":[{"count":0,"href":"https:\/\/www.infokuryr.cz\/n\/wp-json\/wp\/v2\/posts\/5284\/revisions"}],"wp:featuredmedia":[{"embeddable":true,"href":"https:\/\/www.infokuryr.cz\/n\/wp-json\/wp\/v2\/media\/706"}],"wp:attachment":[{"href":"https:\/\/www.infokuryr.cz\/n\/wp-json\/wp\/v2\/media?parent=5284"}],"wp:term":[{"taxonomy":"category","embeddable":true,"href":"https:\/\/www.infokuryr.cz\/n\/wp-json\/wp\/v2\/categories?post=5284"},{"taxonomy":"post_tag","embeddable":true,"href":"https:\/\/www.infokuryr.cz\/n\/wp-json\/wp\/v2\/tags?post=5284"}],"curies":[{"name":"wp","href":"https:\/\/api.w.org\/{rel}","templated":true}]}}