{"id":5281,"date":"2021-10-09T07:24:31","date_gmt":"2021-10-09T05:24:31","guid":{"rendered":"http:\/\/www.infokuryr.cz\/n\/?p=5281"},"modified":"2021-10-09T07:24:31","modified_gmt":"2021-10-09T05:24:31","slug":"to-ceho-jsme-se-obavali-se-nyni-potvrdilo-z-ockovanych-se-nyni-stali-superroznaseci","status":"publish","type":"post","link":"https:\/\/www.infokuryr.cz\/n\/2021\/10\/09\/to-ceho-jsme-se-obavali-se-nyni-potvrdilo-z-ockovanych-se-nyni-stali-superroznaseci\/","title":{"rendered":"To, \u010deho jsme se ob\u00e1vali, se nyn\u00ed potvrdilo: Z o\u010dkovan\u00fdch se nyn\u00ed stali superrozna\u0161e\u010di"},"content":{"rendered":"<div id=\"fb-root\"><\/div>\n<p>Mezit\u00edm, co se ve \u0160v\u00fdcarsku odehr\u00e1vaj\u00ed bitky mezi klidn\u00fdmi demonstranty a policisty, dost\u00e1vaj\u00ed se na povrch \u00fadern\u00e9 skute\u010dnosti a pravdiv\u00e1 data, kter\u00e1 byla lidstvu tajena.<\/p>\n<p>***** **** ***** ****<\/p>\n<p>[Od Maria Rigoli, advok\u00e1tka]<\/p>\n<p>Hork\u00e1 zpr\u00e1va z tisku! Za\u010d\u00edn\u00e1 se rozpad\u00e1vat.<\/p>\n<p>\u201eB\u00fdval\u00fd m\u00edstop\u0159edseda Evropsk\u00e9 poradn\u00ed skupiny odborn\u00edk\u016f pro o\u010dkov\u00e1n\u00ed Sv\u011btov\u00e9 zdravotnick\u00e9 organizace profesor Christian Perronne v\u010dera prohl\u00e1sil, \u017ee v\u0161ichni o\u010dkovan\u00ed lid\u00e9 mus\u00ed b\u00fdt v zimn\u00edch m\u011bs\u00edc\u00edch v karant\u00e9n\u011b, jinak jim hroz\u00ed v\u00e1\u017en\u00e9 onemocn\u011bn\u00ed.<\/p>\n<p>Perronne je odborn\u00edkem na tropick\u00e9 patologie a nov\u00e9 infek\u010dn\u00ed choroby. Byl p\u0159edsedou technick\u00e9ho v\u00fdboru Vysok\u00e9 rady pro ve\u0159ejn\u00e9 zdrav\u00ed pro p\u0159enosn\u00e9 nemoci.<\/p>\n<div class=\"et_post_meta_wrapper\">Odborn\u00edk na infek\u010dn\u00ed nemoci potvrdil rychle se zhor\u0161uj\u00edc\u00ed situaci v Izraeli a ve Velk\u00e9 Brit\u00e1nii a prohl\u00e1sil: \u201eO\u010dkovan\u00ed lid\u00e9 by m\u011bli b\u00fdt um\u00edst\u011bni do karant\u00e9ny a izolov\u00e1ni od spole\u010dnosti.\u201c<\/div>\n<div class=\"entry-content\">\n<p>Pokra\u010doval: \u201eNeo\u010dkovan\u00ed lid\u00e9 nejsou nebezpe\u010dn\u00ed, o\u010dkovan\u00ed lid\u00e9 jsou nebezpe\u010dn\u00ed pro ostatn\u00ed. V Izraeli \u2013 jsem v kontaktu s mnoha izraelsk\u00fdmi l\u00e9ka\u0159i \u2013 jsou nyn\u00ed velk\u00e9 probl\u00e9my, z\u00e1va\u017en\u00e9 p\u0159\u00edpady v nemocnic\u00edch jsou mezi o\u010dkovan\u00fdmi lidmi, a tak\u00e9 ve Velk\u00e9 Brit\u00e1nii prob\u00edh\u00e1 rozs\u00e1hl\u00fd o\u010dkovac\u00ed program a i tam jsou probl\u00e9my.\u201c<\/p>\n<p>Sou\u010dasn\u00e1 pandemick\u00e1 pracovn\u00ed skupina COVID-19 ve Francii pr\u00fd po obdr\u017een\u00ed zpr\u00e1vy \u201ezcela zpanika\u0159ila\u201c a ob\u00e1vala se pandemie, pokud se bude \u0159\u00eddit pokyny odborn\u00edk\u016f.<\/p>\n<p>Izraelsk\u00fd l\u00e9ka\u0159 Kobi Haviv pro Channel 13 News uvedl: \u201e95 % v\u00e1\u017en\u011b nemocn\u00fdch pacient\u016f je o\u010dkov\u00e1no. Na pln\u011b o\u010dkovan\u00e9 osoby p\u0159ipad\u00e1 85-90 % hospitalizac\u00ed. Otev\u00edr\u00e1me st\u00e1le v\u00edce pobo\u010dek COVID.<\/p>\n<p>\u00da\u010dinnost vakc\u00edn se sni\u017euje nebo zcela miz\u00ed.\u201c<br \/>\nNB \u201c Ka\u017ed\u00e9 dal\u0161\u00ed o\u010dkov\u00e1n\u00ed situaci desetkr\u00e1t zhor\u0161uje!<\/p>\n<p>Informujte pros\u00edm co nejv\u00edce lid\u00ed. Jsem si jist\u00fd, \u017ee se to neobjev\u00ed v medi\u00edch hlavn\u00edho proudu, ale mus\u00edme tuto informaci n\u011bjak roz\u0161\u00ed\u0159it.<br \/>\nTak\u017ee pokud to tak je, v\u0161echny t\u00e1bory budou\u00a0<strong>pro o\u010dkovan\u00e9<\/strong>\u00a0a ne pro neo\u010dkovan\u00e9?<\/p>\n<p><strong>P\u0159eklad z n\u00e1sleduj\u00edc\u00edho rozhovoru:\u00a0<a href=\"https:\/\/www.bitchute.com\/video\/n9indTVBjRZl\/p\" target=\"_blank\" rel=\"noopener\" data-wpel-link=\"external\">bitchute.com\/video\/n9<\/a><\/strong><\/p>\n<p><a href=\"https:\/\/tadesco.org\/to-ceho-jsme-se-obavali-se-nyni-potvrdilo-z-ockovanych-se-nyni-stali-superroznaseci\/\">ZDROJ<\/a><\/p>\n<p>&nbsp;<\/p>\n<\/div>\n","protected":false},"excerpt":{"rendered":"<p>Mezit\u00edm, co se ve \u0160v\u00fdcarsku odehr\u00e1vaj\u00ed bitky mezi klidn\u00fdmi demonstranty a policisty, dost\u00e1vaj\u00ed se na&#8230;<\/p>\n","protected":false},"author":2,"featured_media":1103,"comment_status":"closed","ping_status":"closed","sticky":false,"template":"","format":"standard","meta":[],"categories":[7],"tags":[593],"_links":{"self":[{"href":"https:\/\/www.infokuryr.cz\/n\/wp-json\/wp\/v2\/posts\/5281"}],"collection":[{"href":"https:\/\/www.infokuryr.cz\/n\/wp-json\/wp\/v2\/posts"}],"about":[{"href":"https:\/\/www.infokuryr.cz\/n\/wp-json\/wp\/v2\/types\/post"}],"author":[{"embeddable":true,"href":"https:\/\/www.infokuryr.cz\/n\/wp-json\/wp\/v2\/users\/2"}],"replies":[{"embeddable":true,"href":"https:\/\/www.infokuryr.cz\/n\/wp-json\/wp\/v2\/comments?post=5281"}],"version-history":[{"count":0,"href":"https:\/\/www.infokuryr.cz\/n\/wp-json\/wp\/v2\/posts\/5281\/revisions"}],"wp:featuredmedia":[{"embeddable":true,"href":"https:\/\/www.infokuryr.cz\/n\/wp-json\/wp\/v2\/media\/1103"}],"wp:attachment":[{"href":"https:\/\/www.infokuryr.cz\/n\/wp-json\/wp\/v2\/media?parent=5281"}],"wp:term":[{"taxonomy":"category","embeddable":true,"href":"https:\/\/www.infokuryr.cz\/n\/wp-json\/wp\/v2\/categories?post=5281"},{"taxonomy":"post_tag","embeddable":true,"href":"https:\/\/www.infokuryr.cz\/n\/wp-json\/wp\/v2\/tags?post=5281"}],"curies":[{"name":"wp","href":"https:\/\/api.w.org\/{rel}","templated":true}]}}