{"id":528,"date":"2021-04-08T04:03:42","date_gmt":"2021-04-08T02:03:42","guid":{"rendered":"http:\/\/www.infokuryr.cz\/n\/?p=528"},"modified":"2021-04-08T04:03:42","modified_gmt":"2021-04-08T02:03:42","slug":"mezinarodni-menovy-fond-ocekava-v-roce-2021-rust-cinske-ekonomiky-o-84","status":"publish","type":"post","link":"https:\/\/www.infokuryr.cz\/n\/2021\/04\/08\/mezinarodni-menovy-fond-ocekava-v-roce-2021-rust-cinske-ekonomiky-o-84\/","title":{"rendered":"Mezin\u00e1rodn\u00ed m\u011bnov\u00fd fond o\u010dek\u00e1v\u00e1 v roce 2021 r\u016fst \u010d\u00ednsk\u00e9 ekonomiky o 8,4 %"},"content":{"rendered":"<div id=\"fb-root\"><\/div>\n<p><strong>P\u0159edpokl\u00e1d\u00e1 se, \u017ee \u010d\u00ednsk\u00e1 ekonomika v roce 2021 poroste o 8,4 procenta, v \u00fater\u00fd to uvedl Mezin\u00e1rodn\u00ed m\u011bnov\u00fd fond (MMF).<\/strong><\/p>\n<p><strong>Tento v\u00fdsledek je 0,3 procentn\u00edho bodu nad lednovou predikc\u00ed MMF, podle nejnov\u011bj\u0161\u00ed aktualizace Sv\u011btov\u00e9ho ekonomick\u00e9ho v\u00fdhledu (WEO) vydan\u00e9 na za\u010d\u00e1tku jarn\u00edch setk\u00e1n\u00edch MMF a Sv\u011btov\u00e9 banky.<\/strong><\/p>\n<p>Znamen\u00e1 to nejsiln\u011bj\u0161\u00ed tempo r\u016fstu zem\u011b od roku 2011, proto\u017ee \u201e\u00fa\u010dinn\u00e1 omezuj\u00edc\u00ed opat\u0159en\u00ed, siln\u00e1 ve\u0159ejn\u00e1 investi\u010dn\u00ed reakce a podpora likvidity centr\u00e1ln\u00ed banky usnadnily siln\u00e9 o\u017eiven\u00ed,\u201c podle MMF.<\/p>\n<p>Ro\u010dn\u00ed r\u016fst HDP \u010c\u00edny ve v\u00fd\u0161i 2,3 procenta v roce 2020 ukazuje, \u017ee zem\u011b vedla v\u00fdznamn\u00e9 ekonomiky v pozitivn\u00edm ro\u010dn\u00edm r\u016fstu a stala se jedinou ekonomikou, kter\u00e1 zaznamenala v lo\u0148sk\u00e9m roce r\u016fst.<\/p>\n<p>\u201eMezi rozv\u00edjej\u00edc\u00edmi se trhy a rozv\u00edjej\u00edc\u00edmi se ekonomikami se \u010c\u00edna ji\u017e v roce 2020 vr\u00e1tila k p\u0159ed-epidemick\u00e9mu HDP, zat\u00edmco mnoho dal\u0161\u00edch to neo\u010dek\u00e1v\u00e1 a\u017e do roku 2023,\u201c \u0159ekl MMF a poznamenal, \u017ee jeho progn\u00f3za pro \u010c\u00ednu je mnohem vy\u0161\u0161\u00ed ne\u017e pro jin\u00e9 hlavn\u00ed ekonomiky, v\u010detn\u011b Spojen\u00fdch st\u00e1t\u016f, N\u011bmecka a Francie, i kdy\u017e za Indi\u00ed.<\/p>\n<p>Druh\u00e1 nejv\u011bt\u0161\u00ed ekonomika stanovila sv\u016fj r\u016fst HDP na rok 2021 na v\u00edce ne\u017e 6 %, proto\u017ee jej\u00ed hospod\u00e1\u0159sk\u00e9 o\u017eiven\u00ed nab\u00edr\u00e1 na s\u00edle, s anal\u00fdzou, \u017ee \u201e\u010c\u00edna nechce b\u00fdt vn\u00edm\u00e1na jako zem\u011b, kter\u00e1 se sna\u017e\u00ed \u201edos\u00e1hnout rekordu na trhu\u201c p\u0159i stanovov\u00e1n\u00ed c\u00edle r\u016fstu, a nebude tak\u00e9 cht\u00edt sn\u00ed\u017eit r\u016fst v p\u0159\u00ed\u0161t\u00edm roce, kdy z\u00e1kladn\u00ed efekt bude pravd\u011bpodobn\u011b ustupovat.\u201c<\/p>\n<p>Podle MMF se o\u010dek\u00e1v\u00e1, \u017ee ekonomick\u00fd r\u016fst \u010c\u00edny v p\u0159\u00ed\u0161t\u00edm roce zpomal\u00ed na 5,6 procenta. Ten tak\u00e9 varoval, \u017ee rizikov\u00e9 faktory z doby p\u0159ed Covid-19 jsou i nad\u00e1le relevantn\u00ed. Nap\u0159\u00edklad, \u201enap\u011bt\u00ed mezi Spojen\u00fdmi st\u00e1ty a \u010c\u00ednou z\u016fst\u00e1v\u00e1 zv\u00fd\u0161en\u00e9 na \u010detn\u00fdch front\u00e1ch, v\u010detn\u011b mezin\u00e1rodn\u00edho obchodu, du\u0161evn\u00edho vlastnictv\u00ed a kybernetick\u00e9 bezpe\u010dnosti.\u201c<\/p>\n<p>MMF tak\u00e9 p\u0159edpov\u00edd\u00e1, \u017ee glob\u00e1ln\u00ed ekonomika bude v roce 2021 r\u016fst o 6 procenta, co\u017e je m\u00edra, kter\u00e1 nebyla zaznamenan\u00e1 od 70. let, d\u00edky bezprecedentn\u00ed politick\u00e9 odpov\u011bdi na pandemii Covid-19.<\/p>\n<p><img decoding=\"async\" loading=\"lazy\" class=\"alignnone size-full wp-image-334\" src=\"http:\/\/www.infokuryr.cz\/n\/wp-content\/uploads\/2021\/04\/0.png\" alt=\"\" width=\"84\" height=\"24\" \/><\/p>\n<p>&nbsp;<\/p>\n","protected":false},"excerpt":{"rendered":"<p>P\u0159edpokl\u00e1d\u00e1 se, \u017ee \u010d\u00ednsk\u00e1 ekonomika v roce 2021 poroste o 8,4 procenta, v \u00fater\u00fd to&#8230;<\/p>\n","protected":false},"author":2,"featured_media":529,"comment_status":"closed","ping_status":"closed","sticky":false,"template":"","format":"standard","meta":[],"categories":[7],"tags":[45],"_links":{"self":[{"href":"https:\/\/www.infokuryr.cz\/n\/wp-json\/wp\/v2\/posts\/528"}],"collection":[{"href":"https:\/\/www.infokuryr.cz\/n\/wp-json\/wp\/v2\/posts"}],"about":[{"href":"https:\/\/www.infokuryr.cz\/n\/wp-json\/wp\/v2\/types\/post"}],"author":[{"embeddable":true,"href":"https:\/\/www.infokuryr.cz\/n\/wp-json\/wp\/v2\/users\/2"}],"replies":[{"embeddable":true,"href":"https:\/\/www.infokuryr.cz\/n\/wp-json\/wp\/v2\/comments?post=528"}],"version-history":[{"count":0,"href":"https:\/\/www.infokuryr.cz\/n\/wp-json\/wp\/v2\/posts\/528\/revisions"}],"wp:featuredmedia":[{"embeddable":true,"href":"https:\/\/www.infokuryr.cz\/n\/wp-json\/wp\/v2\/media\/529"}],"wp:attachment":[{"href":"https:\/\/www.infokuryr.cz\/n\/wp-json\/wp\/v2\/media?parent=528"}],"wp:term":[{"taxonomy":"category","embeddable":true,"href":"https:\/\/www.infokuryr.cz\/n\/wp-json\/wp\/v2\/categories?post=528"},{"taxonomy":"post_tag","embeddable":true,"href":"https:\/\/www.infokuryr.cz\/n\/wp-json\/wp\/v2\/tags?post=528"}],"curies":[{"name":"wp","href":"https:\/\/api.w.org\/{rel}","templated":true}]}}