{"id":5278,"date":"2021-10-09T07:16:10","date_gmt":"2021-10-09T05:16:10","guid":{"rendered":"http:\/\/www.infokuryr.cz\/n\/?p=5278"},"modified":"2021-10-09T07:16:10","modified_gmt":"2021-10-09T05:16:10","slug":"polsko-vetovalo-zavedeni-celoevropske-homosexuality","status":"publish","type":"post","link":"https:\/\/www.infokuryr.cz\/n\/2021\/10\/09\/polsko-vetovalo-zavedeni-celoevropske-homosexuality\/","title":{"rendered":"Polsko vetovalo zaveden\u00ed celoevropsk\u00e9 homosexuality"},"content":{"rendered":"<div id=\"fb-root\"><\/div>\n<p>Polsk\u00fd ministr spravedlnosti Zbigniew \u0179iobro vetoval evropsk\u00fd dokument o uzn\u00e1v\u00e1n\u00ed LGBT, homosexu\u00e1ln\u00edch man\u017eelstv\u00edch a adoptov\u00e1n\u00ed jimi d\u011bt\u00ed. To je iniciativa, kter\u00e1 \u00fato\u010d\u00ed na tradi\u010dn\u00ed model rodiny, poru\u0161uje mezin\u00e1rodn\u00ed rezoluce a je v rozporu s \u00dastavou, podle kter\u00e9 je man\u017eelstv\u00ed svazkem mu\u017ee a \u017eeny.<\/p>\n<p><a href=\"https:\/\/www.rp.pl\/prawo-rodzinne\/art18994741-weto-wobec-unijnego-planu-legalizacji-adopcji-dzieci-przez-pary-homoseksualne\">ZDROJ<\/a><\/p>\n<p>&nbsp;<\/p>\n","protected":false},"excerpt":{"rendered":"<p>Polsk\u00fd ministr spravedlnosti Zbigniew \u0179iobro vetoval evropsk\u00fd dokument o uzn\u00e1v\u00e1n\u00ed LGBT, homosexu\u00e1ln\u00edch man\u017eelstv\u00edch a adoptov\u00e1n\u00ed&#8230;<\/p>\n","protected":false},"author":2,"featured_media":1237,"comment_status":"closed","ping_status":"closed","sticky":false,"template":"","format":"standard","meta":[],"categories":[7],"tags":[241,71,31],"_links":{"self":[{"href":"https:\/\/www.infokuryr.cz\/n\/wp-json\/wp\/v2\/posts\/5278"}],"collection":[{"href":"https:\/\/www.infokuryr.cz\/n\/wp-json\/wp\/v2\/posts"}],"about":[{"href":"https:\/\/www.infokuryr.cz\/n\/wp-json\/wp\/v2\/types\/post"}],"author":[{"embeddable":true,"href":"https:\/\/www.infokuryr.cz\/n\/wp-json\/wp\/v2\/users\/2"}],"replies":[{"embeddable":true,"href":"https:\/\/www.infokuryr.cz\/n\/wp-json\/wp\/v2\/comments?post=5278"}],"version-history":[{"count":0,"href":"https:\/\/www.infokuryr.cz\/n\/wp-json\/wp\/v2\/posts\/5278\/revisions"}],"wp:featuredmedia":[{"embeddable":true,"href":"https:\/\/www.infokuryr.cz\/n\/wp-json\/wp\/v2\/media\/1237"}],"wp:attachment":[{"href":"https:\/\/www.infokuryr.cz\/n\/wp-json\/wp\/v2\/media?parent=5278"}],"wp:term":[{"taxonomy":"category","embeddable":true,"href":"https:\/\/www.infokuryr.cz\/n\/wp-json\/wp\/v2\/categories?post=5278"},{"taxonomy":"post_tag","embeddable":true,"href":"https:\/\/www.infokuryr.cz\/n\/wp-json\/wp\/v2\/tags?post=5278"}],"curies":[{"name":"wp","href":"https:\/\/api.w.org\/{rel}","templated":true}]}}