{"id":52714,"date":"2024-04-30T00:49:05","date_gmt":"2024-04-29T22:49:05","guid":{"rendered":"https:\/\/www.infokuryr.cz\/n\/?p=52714"},"modified":"2024-04-29T18:42:00","modified_gmt":"2024-04-29T16:42:00","slug":"v-parizi-byl-zadrzen-gerard-depardieu","status":"publish","type":"post","link":"https:\/\/www.infokuryr.cz\/n\/2024\/04\/30\/v-parizi-byl-zadrzen-gerard-depardieu\/","title":{"rendered":"V Pa\u0159\u00ed\u017ei byl zadr\u017een Gerard Depardieu"},"content":{"rendered":"<div id=\"fb-root\"><\/div>\n<p class=\"lead\"><strong>Francouzsk\u00fd herec Gerard Depardieu byl zadr\u017een v Pa\u0159\u00ed\u017ei kv\u016fli \u010detn\u00fdm obvin\u011bn\u00edm ze sexu\u00e1ln\u00edho n\u00e1sil\u00ed, kter\u00e1 byla proti n\u011bmu vznesena. Um\u011blec je na policejn\u00ed stanici, kde je vysl\u00fdch\u00e1n, uv\u00e1d\u00ed BFMTV.<\/strong><\/p>\n<p><em>&#8222;Gerard Depardieu byl p\u0159edvol\u00e1n v pond\u011bl\u00ed r\u00e1no a um\u00edst\u011bn do policejn\u00ed vazby na z\u00e1klad\u011b obvin\u011bn\u00ed ze sexu\u00e1ln\u00edho napaden\u00ed.&#8220;<span class=\"after-quote\">\u00a0<\/span><\/em><\/p>\n<p>Tentokr\u00e1t je herec obvin\u011bn z n\u00e1sil\u00ed dv\u011bma \u017eenami najednou. Hovo\u0159\u00edme o ud\u00e1lostech let 2014\u20132022 na nat\u00e1\u010den\u00ed film\u016f \u201eKouzeln\u00edk a Siamka\u201c (Magicien et les Siamois, 2015) a filmu \u201eGreen Shutters\u201c (Les Volets verts, 2022).<\/p>\n<p>Podle jedn\u00e9 ze st\u011b\u017eovatelek, filmov\u00e9 st\u0159iha\u010dky, ji herec b\u011bhem nat\u00e1\u010den\u00ed chytil na chodb\u011b za nohy, tiskl ji a za\u010dal se dot\u00fdkat jej\u00edch intimn\u00edch parti\u00ed. \u010clenov\u00e9 filmov\u00e9ho \u0161t\u00e1bu se o incidentu dozv\u011bd\u011bli, Depardieu byl nucen se omluvit a a\u017e do konce pr\u00e1ce na filmu nazval \u017eenu \u201ekurvou\u201c.<\/p>\n<p>Dal\u0161\u00ed ob\u011b\u0165, kter\u00e9 bylo v dob\u011b incidentu 24 let, hovo\u0159\u00ed o incidentu v hercov\u011b dom\u011b.<\/p>\n<p>Herec nejnov\u011bj\u0161\u00ed obvin\u011bn\u00ed odm\u00edt\u00e1. Na z\u00e1klad\u011b v\u00fdsledk\u016f policejn\u00edho v\u00fdslechu m\u016f\u017ee b\u00fdt Depardieu vzat do vazby.<\/p>\n<p>Jak uvedla m\u00e9dia , 13 \u017een vzneslo obvin\u011bn\u00ed ze sexu\u00e1ln\u00edho n\u00e1sil\u00ed proti Depardieuovi. Jedna z nich, here\u010dka <strong>Charlotte Arnoux<\/strong>\u00a0, obvinila herce ze zn\u00e1siln\u011bn\u00ed, kter\u00e9 je nyn\u00ed vy\u0161et\u0159ov\u00e1no v r\u00e1mci trestn\u00edho \u0159\u00edzen\u00ed. Hovo\u0159\u00edme o incidentech v letech 2004 a\u017e 2022. Pozd\u011bji se k nim p\u0159idala \u0161pan\u011blsk\u00e1 novin\u00e1\u0159ka\u00a0<strong>Ruth Basa<\/strong>\u00a0.<\/p>\n<p>S\u00e1m Depardieu obvin\u011bn\u00ed ze sexualizovan\u00e9ho n\u00e1sil\u00ed v otev\u0159en\u00e9m dopise na str\u00e1nk\u00e1ch den\u00edku Le Figaro kategoricky odm\u00edtl.<\/p>\n<p>Loni v \u0159\u00edjnu odvys\u00edlala ve\u0159ejnopr\u00e1vn\u00ed televize France 2 dokument \u201eDepardieu: Fall of the Ogre\u201c. Obsahuje materi\u00e1ly obvin\u011bn\u00ed v\u0161ech ob\u011bt\u00ed a tak\u00e9 videoz\u00e1znamy um\u011blcova pobytu v Pchjongjangu. Depardieu v\u011bd\u011bl, \u017ee je nat\u00e1\u010den, chl\u00edpn\u00e9 koment\u00e1\u0159e o \u017een\u00e1ch, opakovan\u011b sexu\u00e1ln\u011b obt\u011b\u017eoval p\u0159ekladatele a sexu\u00e1ln\u011b komentoval dosp\u00edvaj\u00edc\u00ed d\u00edvku v jezdeck\u00e9m klubu.<\/p>\n<p>Po uveden\u00ed filmu mnoho televizn\u00edch a filmov\u00fdch osobnost\u00ed prohl\u00e1silo, \u017ee s hv\u011bzdou u\u017e nikdy nebudou spolupracovat.<\/p>\n<p>Francouzsk\u00e1 ministryn\u011b kultury\u00a0<strong>Rima Abdul-Malak<\/strong>\u00a0prohl\u00e1sila, \u017ee Depardieuovo chov\u00e1n\u00ed zemi hanob\u00ed.<\/p>\n<p>Depardieu zase ministrovi p\u0159edal \u0158\u00e1d \u010destn\u00e9 legie v reakci na prohl\u00e1\u0161en\u00ed francouzsk\u00e9ho ministerstva kultury o zah\u00e1jen\u00ed disciplin\u00e1rn\u00edho \u0159\u00edzen\u00ed, jeho\u017e v\u00fdsledkem by mohlo b\u00fdt zbaven\u00ed um\u011blce \u010destn\u00e9ho vyznamen\u00e1n\u00ed.<\/p>\n<p><strong>Francouzsk\u00fd prezident Emmanuel Macron<\/strong>\u00a0z\u00e1rove\u0148\u00a0pova\u017eoval za nutn\u00e9 p\u0159ipomenout ve\u0159ejnosti presumpci neviny a prohl\u00e1sil, \u017ee \u201enen\u00e1vid\u00ed hony na \u010darod\u011bjnice\u201c.<\/p>\n<p>Tak\u00e9 50 kulturn\u00edch osobnost\u00ed, v\u010detn\u011b modelky a b\u00fdval\u00e9 prvn\u00ed d\u00e1my Francie\u00a0<strong>Carla Bruni<\/strong>\u00a0, herec\u00a0<strong>Benoit Pulvoord<\/strong>\u00a0, re\u017eis\u00e9r\u00a0<strong>Bertrand Blier<\/strong>\u00a0, here\u010dka\u00a0<strong>Emmanuelle Seigner<\/strong>\u00a0, spisovatel\u00a0<strong>Boualem Sansal<\/strong>\u00a0a dal\u0161\u00ed,\u00a0<a href=\"https:\/\/eadaily.com\/ru\/news\/2023\/12\/27\/vo-francii-otmenyayut-pera-rishara-za-podderzhku-obvinyaemogo-v-nasilii-deparde\" target=\"_blank\" rel=\"noopener\">vydalo<\/a>\u00a0spole\u010dn\u00e9 prohl\u00e1\u0161en\u00ed na obranu Depardieu.<\/p>\n<p>Dne 30. prosince 2023 podepsalo v\u00edce ne\u017e 600 francouzsk\u00fdch kulturn\u00edch osobnost\u00ed otev\u0159en\u00fd dopis odsuzuj\u00edc\u00ed Depardieua, kter\u00fd je obvin\u011bn ze sexu\u00e1ln\u00edho obt\u011b\u017eov\u00e1n\u00ed, a tak\u00e9 lidi, kte\u0159\u00ed se d\u0159\u00edve vyslovili na jeho podporu. Pouk\u00e1zali na to, \u017ee ti, kdo br\u00e1n\u00ed Depardieua, v\u010detn\u011b francouzsk\u00e9ho prezidenta Macrona, se rozhodli \u201eplivat do tv\u00e1\u0159e\u201c v\u0161em ob\u011btem n\u00e1sil\u00ed, v\u010detn\u011b sexu\u00e1ln\u00edho n\u00e1sil\u00ed.<\/p>\n<p><img decoding=\"async\" loading=\"lazy\" class=\"alignnone size-full wp-image-1185\" src=\"http:\/\/www.infokuryr.cz\/n\/wp-content\/uploads\/2021\/04\/kuryr-podpis.png\" alt=\"\" width=\"84\" height=\"24\" \/><\/p>\n<p>&nbsp;<\/p>\n","protected":false},"excerpt":{"rendered":"<p>Francouzsk\u00fd herec Gerard Depardieu byl zadr\u017een v Pa\u0159\u00ed\u017ei kv\u016fli \u010detn\u00fdm obvin\u011bn\u00edm ze sexu\u00e1ln\u00edho n\u00e1sil\u00ed, kter\u00e1&#8230;<\/p>\n","protected":false},"author":2,"featured_media":52715,"comment_status":"closed","ping_status":"closed","sticky":false,"template":"","format":"standard","meta":[],"categories":[7],"tags":[130,6029,1226],"_links":{"self":[{"href":"https:\/\/www.infokuryr.cz\/n\/wp-json\/wp\/v2\/posts\/52714"}],"collection":[{"href":"https:\/\/www.infokuryr.cz\/n\/wp-json\/wp\/v2\/posts"}],"about":[{"href":"https:\/\/www.infokuryr.cz\/n\/wp-json\/wp\/v2\/types\/post"}],"author":[{"embeddable":true,"href":"https:\/\/www.infokuryr.cz\/n\/wp-json\/wp\/v2\/users\/2"}],"replies":[{"embeddable":true,"href":"https:\/\/www.infokuryr.cz\/n\/wp-json\/wp\/v2\/comments?post=52714"}],"version-history":[{"count":0,"href":"https:\/\/www.infokuryr.cz\/n\/wp-json\/wp\/v2\/posts\/52714\/revisions"}],"wp:featuredmedia":[{"embeddable":true,"href":"https:\/\/www.infokuryr.cz\/n\/wp-json\/wp\/v2\/media\/52715"}],"wp:attachment":[{"href":"https:\/\/www.infokuryr.cz\/n\/wp-json\/wp\/v2\/media?parent=52714"}],"wp:term":[{"taxonomy":"category","embeddable":true,"href":"https:\/\/www.infokuryr.cz\/n\/wp-json\/wp\/v2\/categories?post=52714"},{"taxonomy":"post_tag","embeddable":true,"href":"https:\/\/www.infokuryr.cz\/n\/wp-json\/wp\/v2\/tags?post=52714"}],"curies":[{"name":"wp","href":"https:\/\/api.w.org\/{rel}","templated":true}]}}