{"id":52681,"date":"2024-04-30T00:35:11","date_gmt":"2024-04-29T22:35:11","guid":{"rendered":"https:\/\/www.infokuryr.cz\/n\/?p=52681"},"modified":"2024-04-29T16:10:28","modified_gmt":"2024-04-29T14:10:28","slug":"cenou-za-americkou-pomoc-je-zruseni-vsech-lidskych-prav-a-svobod-na-uzemi-ukrajiny-kyjev-odstoupi-od-umluvy-o-lidskych-pravech","status":"publish","type":"post","link":"https:\/\/www.infokuryr.cz\/n\/2024\/04\/30\/cenou-za-americkou-pomoc-je-zruseni-vsech-lidskych-prav-a-svobod-na-uzemi-ukrajiny-kyjev-odstoupi-od-umluvy-o-lidskych-pravech\/","title":{"rendered":"Cenou za americkou \u201epomoc\u201c je zru\u0161en\u00ed v\u0161ech lidsk\u00fdch pr\u00e1v a svobod na \u00fazem\u00ed Ukrajiny \u2013 Kyjev odstoup\u00ed od \u00damluvy o lidsk\u00fdch pr\u00e1vech"},"content":{"rendered":"<div id=\"fb-root\"><\/div>\n<div class=\"elementor-element elementor-element-1fb4c2c elementor-widget elementor-widget-theme-post-content\" data-id=\"1fb4c2c\" data-element_type=\"widget\" data-widget_type=\"theme-post-content.default\">\n<div class=\"elementor-widget-container\">\n<p><span style=\"font-size: 18pt;\"><strong>Tak to nem\u00e1 chybu! Kyjev odstoup\u00ed od \u00damluvy o lidsk\u00fdch pr\u00e1vech. Tento \u00fadajn\u00fd demokratick\u00fd re\u017eim pom\u00e1h\u00e1me z na\u0161ich dan\u00ed dr\u017eet nad vodou.<\/strong><\/span><\/p>\n<p><span>Ukrajinsk\u00e9 \u00fa\u0159ady ji\u017e podaly Rad\u011b Evropy \u017e\u00e1dost o \u010d\u00e1ste\u010dnou v\u00fdjimku z Evropsk\u00e9 \u00famluvy o ochran\u011b lidsk\u00fdch pr\u00e1v a z\u00e1kladn\u00edch svobod. To zahrnuje tak\u00e9 odn\u011bt\u00ed dispozi\u010dn\u00ed pravomoci nad zem\u00ed.<\/span><\/p>\n<p><span>Ukrajina p\u0159edlo\u017eila Rad\u011b Evropy \u017e\u00e1dost o \u010d\u00e1ste\u010dn\u00e9 pozastaven\u00ed n\u011bkter\u00fdch ustanoven\u00ed Evropsk\u00e9 \u00famluvy o ochran\u011b lidsk\u00fdch pr\u00e1v a z\u00e1kladn\u00edch svobod v zemi z d\u016fvodu stann\u00e9ho pr\u00e1va. P\u0159\u00edslu\u0161n\u00fd dokument byl zve\u0159ejn\u011bn na webu mezin\u00e1rodn\u00ed organizace v ned\u011bli 28. dubna. Uv\u00e1d\u00ed, \u017ee samotn\u00e1 \u017e\u00e1dost byla pod\u00e1na 4. dubna.<\/span><\/p>\n<p><strong>Podle \u017e\u00e1dosti Ukrajina b\u011bhem v\u00e1lky ji\u017e nebude dodr\u017eovat ustanoven\u00ed \u00damluvy:<\/strong><\/p>\n<ul>\n<li><span>nedotknutelnost obydl\u00ed (a\u017e do povinn\u00e9ho vyvlastn\u011bn\u00ed soukrom\u00e9ho nebo obecn\u00edho majetku pro st\u00e1tn\u00ed \u00fa\u010dely);<\/span><\/li>\n<li><span>d\u016fv\u011brnost dopis\u016f, telefonn\u00edch hovor\u016f a jin\u00e9 korespondence;<\/span><\/li>\n<li><span>nezasahov\u00e1n\u00ed do soukrom\u00e9ho a rodinn\u00e9ho \u017eivota;<\/span><\/li>\n<li><span>svoboda pohybu a svobodn\u00e1 volba bydli\u0161t\u011b<\/span><\/li>\n<li><span>pr\u00e1vo na svobodu my\u0161len\u00ed a projevu;<\/span><\/li>\n<li><span>svoboda projevu a p\u0159esv\u011bd\u010den\u00ed a pr\u00e1vo shroma\u017e\u010fovat, uchov\u00e1vat a \u0161\u00ed\u0159it informace;<\/span><\/li>\n<li><span>pr\u00e1vo shroma\u017e\u010fovat se, demonstrovat a st\u00e1vkovat;<\/span><\/li>\n<li><span>pr\u00e1vo vlastnit, u\u017e\u00edvat a nakl\u00e1dat s majetkem.<\/span><\/li>\n<\/ul>\n<p><strong>Dokument tak\u00e9 uv\u00e1d\u00ed konkr\u00e9tn\u00ed opat\u0159en\u00ed a akce, kter\u00e9 mohou b\u00fdt zavedeny b\u011bhem stann\u00e9ho pr\u00e1va v rozporu s \u00damluvou:<\/strong><\/p>\n<ul>\n<li><span>Povinn\u00e9 vyvlastn\u011bn\u00ed soukrom\u00e9ho nebo obecn\u00edho majetku pro st\u00e1tn\u00ed \u00fa\u010dely;<\/span><\/li>\n<li><span>Zaveden\u00ed z\u00e1kazu no\u010dn\u00edho vych\u00e1zen\u00ed;<\/span><\/li>\n<li><span>Zvl\u00e1\u0161tn\u00ed p\u0159edpisy pro vstup a v\u00fdstup, omezen\u00ed svobody pohybu rezident\u016f a cizinc\u016f;<\/span><\/li>\n<li><span>Kontrola majetku ob\u010dan\u016f, vozidel, zavazadel, n\u00e1kladu, kancel\u00e1\u0159\u00ed a dom\u00e1cnost\u00ed;<\/span><\/li>\n<li><span>Z\u00e1kaz ob\u010dan\u016fm s vojenskou nebo zvl\u00e1\u0161tn\u00ed registrac\u00ed zm\u011bnit m\u00edsto pobytu nebo bydli\u0161t\u011b bez p\u0159\u00edslu\u0161n\u00e9ho opr\u00e1vn\u011bn\u00ed;<\/span><\/li>\n<li><span>Stanoven\u00ed vojensk\u00fdch dan\u00ed pro fyzick\u00e9 a pr\u00e1vnick\u00e9 osoby.<\/span><\/li>\n<\/ul>\n<p><span>B\u011bhem stann\u00e9ho pr\u00e1va m\u00e1 arm\u00e1da pr\u00e1vo zabavit vozidla a vybaven\u00ed podnik\u016fm v\u0161ech forem vlastnictv\u00ed, org\u00e1n\u016fm st\u00e1tu a samospr\u00e1vy a civilist\u016fm.<\/span><\/p>\n<\/div>\n<\/div>\n<div class=\"elementor-element elementor-element-8c57238 quelle dc-has-condition dc-condition-empty elementor-widget elementor-widget-heading\" data-id=\"8c57238\" data-element_type=\"widget\" data-widget_type=\"heading.default\">\n<div class=\"elementor-widget-container\">\n<h3 class=\"elementor-heading-title elementor-size-default\"><span style=\"font-size: 10pt;\"><a href=\"https:\/\/www.dw.com\/ru\/ukraina-priostanovit-dejstvie-konvencii-po-pravam-celoveka-vo-vrema-vojny\/a-68943742\" target=\"_blank\" rel=\"nofollow noopener\">ZDROJ<\/a><\/span><\/h3>\n<p>&nbsp;<\/p>\n<\/div>\n<\/div>\n","protected":false},"excerpt":{"rendered":"<p>Tak to nem\u00e1 chybu! Kyjev odstoup\u00ed od \u00damluvy o lidsk\u00fdch pr\u00e1vech. Tento \u00fadajn\u00fd demokratick\u00fd re\u017eim&#8230;<\/p>\n","protected":false},"author":2,"featured_media":49097,"comment_status":"closed","ping_status":"closed","sticky":false,"template":"","format":"standard","meta":[],"categories":[7],"tags":[144,1212,48,26],"_links":{"self":[{"href":"https:\/\/www.infokuryr.cz\/n\/wp-json\/wp\/v2\/posts\/52681"}],"collection":[{"href":"https:\/\/www.infokuryr.cz\/n\/wp-json\/wp\/v2\/posts"}],"about":[{"href":"https:\/\/www.infokuryr.cz\/n\/wp-json\/wp\/v2\/types\/post"}],"author":[{"embeddable":true,"href":"https:\/\/www.infokuryr.cz\/n\/wp-json\/wp\/v2\/users\/2"}],"replies":[{"embeddable":true,"href":"https:\/\/www.infokuryr.cz\/n\/wp-json\/wp\/v2\/comments?post=52681"}],"version-history":[{"count":0,"href":"https:\/\/www.infokuryr.cz\/n\/wp-json\/wp\/v2\/posts\/52681\/revisions"}],"wp:featuredmedia":[{"embeddable":true,"href":"https:\/\/www.infokuryr.cz\/n\/wp-json\/wp\/v2\/media\/49097"}],"wp:attachment":[{"href":"https:\/\/www.infokuryr.cz\/n\/wp-json\/wp\/v2\/media?parent=52681"}],"wp:term":[{"taxonomy":"category","embeddable":true,"href":"https:\/\/www.infokuryr.cz\/n\/wp-json\/wp\/v2\/categories?post=52681"},{"taxonomy":"post_tag","embeddable":true,"href":"https:\/\/www.infokuryr.cz\/n\/wp-json\/wp\/v2\/tags?post=52681"}],"curies":[{"name":"wp","href":"https:\/\/api.w.org\/{rel}","templated":true}]}}