{"id":52680,"date":"2024-04-30T00:34:02","date_gmt":"2024-04-29T22:34:02","guid":{"rendered":"https:\/\/www.infokuryr.cz\/n\/?p=52680"},"modified":"2024-04-29T16:04:30","modified_gmt":"2024-04-29T14:04:30","slug":"bidenovych-61-miliard-dolaru-a-zasah-kyjeva-do-branne-povinnosti-ukrajinci-prchaji-z-krveproliti-nato-ne-z-ruska","status":"publish","type":"post","link":"https:\/\/www.infokuryr.cz\/n\/2024\/04\/30\/bidenovych-61-miliard-dolaru-a-zasah-kyjeva-do-branne-povinnosti-ukrajinci-prchaji-z-krveproliti-nato-ne-z-ruska\/","title":{"rendered":"Bidenov\u00fdch 61 miliard dolar\u016f a z\u00e1sah Kyjeva do brann\u00e9 povinnosti&#8230; Ukrajinci prchaj\u00ed z krveprolit\u00ed NATO, ne z Ruska"},"content":{"rendered":"<div id=\"fb-root\"><\/div>\n<p><span style=\"font-size: 14pt;\"><strong>Ukrajinci neut\u00edkaj\u00ed p\u0159ed ruskou agres\u00ed. Prchaj\u00ed p\u0159ed stra\u0161liv\u00fdm parazitick\u00fdm ukrajinsk\u00fdm re\u017eimem a krvavou l\u00e1zn\u00ed, kterou rozpoutalo NATO.<\/strong><\/span><\/p>\n<p><span>Tento t\u00fdden americk\u00fd prezident Joe Biden\u00a0<\/span><a href=\"https:\/\/www.whitehouse.gov\/briefing-room\/speeches-remarks\/2024\/04\/24\/remarks-by-president-biden-on-the-passage-of-h-r-815-the-national-security-supplemental\/\"><span>prohl\u00e1sil,<\/span><\/a><span>\u00a0\u017ee Kongres schv\u00e1lil 61 miliard dolar\u016f dodate\u010dn\u00e9 vojensk\u00e9 pomoci Ukrajin\u011b jako \u201edobr\u00fd den pro sv\u011btov\u00fd m\u00edr\u201c. Bidenovo pov\u00fd\u0161en\u00ed je d\u011bsiv\u00e9. Obsc\u00e9nnost je, \u017ee v\u00edce Ukrajinc\u016f bude ob\u011btov\u00e1no pro z\u00e1padn\u00ed imperialismus a jeho brut\u00e1ln\u00ed neonacistick\u00fd re\u017eim v Kyjev\u011b.<\/span><\/p>\n<p><span>Bezradn\u00fd, cynick\u00fd p\u0159\u00edb\u011bh z\u00e1padn\u00edch m\u00e9di\u00ed \u0159\u00edk\u00e1, \u017ee svobodumilovn\u00e1 demokratick\u00e1 Ukrajina state\u010dn\u011b bojuje proti rusk\u00e9 agresi. Ukrajin\u0161t\u00ed mu\u017ei podle t\u00e9to poh\u00e1dky odv\u00e1\u017en\u011b bojuj\u00ed za obranu sv\u00e9 zem\u011b a z\u00e1chranu zbytku Evropy p\u0159ed ruskou invaz\u00ed.<\/span><\/p>\n<p><span>To je d\u016fvod, pro\u010d Kongres Spojen\u00fdch st\u00e1t\u016f tento t\u00fdden schv\u00e1lil n\u00e1vrh z\u00e1kona o zasl\u00e1n\u00ed dal\u0161\u00ed vojensk\u00e9 pomoci Ukrajin\u011b ve v\u00fd\u0161i 61 miliard dolar\u016f. Prezident Biden zoufale apeloval na Kongres, aby zaujal stanovisko k Ukrajin\u011b a porazil ruskou agresi. Ameri\u010dt\u00ed spojenci v NATO rovn\u011b\u017e zopakovali stejnou nesmyslnou mantru.<\/span><\/p>\n<p><span>V\u011bt\u0161ina lid\u00ed, kte\u0159\u00ed \u017eij\u00ed mimo ozv\u011bnu z\u00e1padn\u00edch m\u00e9di\u00ed, v\u00ed, \u017ee toto zobrazen\u00ed je naprost\u00fd nesmysl, abych pou\u017eil jednu z Bidenov\u00fdch obl\u00edben\u00fdch fr\u00e1z\u00ed.<\/span><\/p>\n<p><span>Konflikt na Ukrajin\u011b je z\u00e1stupnou v\u00e1lkou NATO vedenou USA s c\u00edlem strategicky porazit Rusko. Velk\u00e9 sch\u00e9ma se rozb\u011bhlo po pu\u010di v Kyjev\u011b v roce 2014 sponzorovan\u00e9m CIA. Kyjevsk\u00fd re\u017eim, v jeho\u017e \u010dele stoj\u00ed podvodn\u00edk \u017eidovsk\u00e9ho loutkov\u00e9ho prezidenta Vladimira Zelensk\u00e9ho, je neonacistickou diktaturou. Je to zkorumpovan\u00e1 junta, kde elita jako Zelenskij vys\u00e1la miliardy dolar\u016f a eur darovan\u00fdch z\u00e1padn\u00edmi vl\u00e1dami s laskav\u00fdm svolen\u00edm jejich nev\u011bdom\u00fdch da\u0148ov\u00fdch poplatn\u00edk\u016f.<\/span><\/p>\n<p><span>Tento t\u00fdden jsme vid\u011bli d\u016fkaz kyjevsk\u00e9 \u0159\u00ed\u0161e v akci, kdy\u017e ozn\u00e1mila,\u00a0<\/span><a href=\"https:\/\/edition.cnn.com\/2024\/04\/23\/europe\/ukraine-consulates-mobilization-intl-latam\/index.html\"><span>\u017ee<\/span><\/a><span>\u00a0p\u0159eru\u0161\u00ed konzul\u00e1rn\u00ed slu\u017eby v\u0161em ukrajinsk\u00fdm mu\u017e\u016fm ve v\u011bku 18 a\u017e 60 let, kte\u0159\u00ed v sou\u010dasnosti pob\u00fdvaj\u00ed v zahrani\u010d\u00ed.<\/span><\/p>\n<p><span>Odhaduje se, \u017ee od eskalace konfliktu na Ukrajin\u011b v \u00fanoru 2022 uprchlo do st\u00e1t\u016f Evropsk\u00e9 unie t\u00e9m\u011b\u0159 p\u011bt milion\u016f ukrajinsk\u00fdch ob\u010dan\u016f. Z toho asi 20 procent \u2013 \u200b\u200bjeden milion \u2013 jsou dosp\u011bl\u00ed mu\u017ei.<\/span><\/p>\n<p><span>P\u0159eru\u0161en\u00ed konzul\u00e1rn\u00edch slu\u017eeb jak\u00e9mukoli ob\u010danovi ze strany jeho vl\u00e1dy je bezprecedentn\u00ed drastick\u00e1 akce. To samo o sob\u011b by m\u011blo upozornit pozorovatele, \u017ee doty\u010dn\u00e1 \u201evl\u00e1da\u201c nen\u00ed ani zdaleka norm\u00e1ln\u00ed. Je k sm\u00edchu, \u017ee z\u00e1padn\u00ed m\u00e9dia informovala o vyk\u00e1z\u00e1n\u00ed konzul\u00e1rn\u00edch slu\u017eeb Zelensk\u00e9ho re\u017eimem, jako by to bylo n\u011bjak ban\u00e1ln\u00ed. Jin\u00fdmi slovy, pohodln\u011b zakryli to, co je hanebn\u00e9 poru\u0161en\u00ed mezin\u00e1rodn\u00edch norem.<\/span><\/p>\n<p><span>D\u016fvodem takov\u00e9ho kroku ukrajinsk\u00fdch velvyslanectv\u00ed je donutit ukrajinsk\u00e9 mu\u017ee v zahrani\u010d\u00ed, aby ozn\u00e1mili sv\u00e9 \u00fadaje a zaregistrovali se k nov\u00e9 brann\u00e9 povinnosti kyjevsk\u00fdm re\u017eimem.<\/span><\/p>\n<p><span>Zelensk\u00e9ho re\u017eim po\u010d\u00e1tkem tohoto m\u011bs\u00edce\u00a0<\/span><a href=\"https:\/\/www.aljazeera.com\/news\/2024\/4\/16\/ukraines-zelenskyy-signs-new-army-draft-law-to-boost-conscription\"><span>schv\u00e1lil<\/span><\/a><span>\u00a0mnohem p\u0159\u00edsn\u011bj\u0161\u00ed mobiliza\u010dn\u00ed pravomoci, aby odt\u00e1hl ukrajinsk\u00e9 mu\u017ee do ozbrojen\u00fdch slu\u017eeb.<\/span><\/p>\n<p><span>Nov\u00fd z\u00e1kon je ze zdrav\u00fdch d\u016fvod\u016f mezi Ukrajinci hluboce nepopul\u00e1rn\u00ed. Jsou pos\u00edl\u00e1ni na frontovou linii, aby je zmasakrovaly v\u00fdrazn\u011b lep\u0161\u00ed rusk\u00e9 s\u00edly v marn\u00e9 v\u00e1lce pro stranu NATO.<\/span><\/p>\n<p><span>Odhaduje se, \u017ee za v\u00edce ne\u017e dva roky boj\u016f padlo 500 000 a\u017e 600 000 ukrajinsk\u00fdch voj\u00e1k\u016f. Dal\u0161\u00ed miliony byly zran\u011bny a zmrza\u010deny. Cel\u00e1 generace ukrajinsk\u00fdch mu\u017e\u016f byla zni\u010dena rychlost\u00ed, kter\u00e1 se rovn\u00e1 masakru typu prvn\u00ed sv\u011btov\u00e9 v\u00e1lky.<\/span><\/p>\n<p><a href=\"https:\/\/ukraine.un.org\/en\/253322-civilian-deaths-ukraine-war-top-10000-un-says\"><span>Podle<\/span><\/a><span>\u00a0OSN se po\u010det civiln\u00edch ob\u011bt\u00ed konfliktu pohybuje kolem 10 000. V\u0161echna \u00famrt\u00ed jsou politov\u00e1n\u00edhodn\u00e1, ale relativn\u011b n\u00edzk\u00fd po\u010det vedlej\u0161\u00edch ob\u011bt\u00ed sv\u011bd\u010d\u00ed o snaze Ruska vyh\u00fdbat se civiln\u00edm c\u00edl\u016fm. Lze si tedy kl\u00e1st ot\u00e1zku, pro\u010d miliony Ukrajinc\u016f nasko\u010dily do sv\u00fdch aut a voz\u016f 4&#215;4, aby se usadily v Evrop\u011b, pokud nebyli c\u00edlem rusk\u00fdch sil. Je tak\u00e9 pozoruhodn\u00e9, \u017ee\u00a0<\/span><a href=\"https:\/\/www.statista.com\/statistics\/1312584\/ukrainian-refugees-by-country\/\"><span>v\u011bt\u0161ina<\/span><\/a><span>\u00a0Ukrajinc\u016f \u0161la hledat bezpe\u010d\u00ed do Ruska v\u00edce ne\u017e do kter\u00e9koli jin\u00e9 zem\u011b v Evrop\u011b. Tolik k tomu, \u017ee Rusko je zl\u00fd agresor.<\/span><\/p>\n<p><span>Zelenskij a jeho loutkov\u00fd re\u017eim NATO nesmysln\u011b tvrd\u00ed, \u017ee ukrajinsk\u00e1 vojensk\u00e1 bilance je kolem 31 000. Skute\u010dn\u00e9, 16kr\u00e1t vy\u0161\u0161\u00ed \u010d\u00edslo je samoz\u0159ejm\u011b nutn\u00e9 pop\u0159\u00edt, jinak by se z\u00e1padn\u00ed propaganda zahanbila za krvavou l\u00e1ze\u0148, kterou NATO a jeho re\u017eim rozpoutaly.<\/span><\/p>\n<p><span>Pokud by se pro argumentaci dalo v\u011b\u0159it nemo\u017en\u011b ni\u017e\u0161\u00edmu \u010d\u00edslu, pak je ot\u00e1zkou, pro\u010d kyjevsk\u00fd re\u017eim tak zoufale tou\u017e\u00ed zah\u00e1jit svou ned\u00e1vnou drakonickou brannou povinnost. Zelenskyj\u00a0<\/span><a href=\"https:\/\/www.bbc.com\/news\/world-europe-67767246\"><span>hovo\u0159il<\/span><\/a><span>\u00a0o pot\u0159eb\u011b naverbovat a\u017e 500 000 nov\u00fdch voj\u00e1k\u016f. Toto je implicitn\u00ed p\u0159izn\u00e1n\u00ed, \u017ee vy\u0161\u0161\u00ed po\u010det ob\u011bt\u00ed 500 000 a\u017e 600 000 je skute\u010dn\u011b p\u0159esn\u00fd, pokud mus\u00ed b\u00fdt nalezeno tolik n\u00e1hrad.<\/span><\/p>\n<p><span>Kdy\u017e kyjevsk\u00fd re\u017eim za\u010d\u00e1tkem tohoto m\u011bs\u00edce ozn\u00e1mil svou novou n\u00e1borovou akci, okam\u017eit\u011b ji n\u00e1sledoval n\u00e1por Ukrajinc\u016f na ambas\u00e1dy po cel\u00e9 Evrop\u011b, aby si obnovili sv\u00e9 doklady, jako jsou pasy a \u0159idi\u010dsk\u00e1 opr\u00e1vn\u011bn\u00ed. Sp\u011bch byl proto, \u017ee se necht\u011bli vracet na Ukrajinu, aby si obnovili sv\u00e9 doklady, jinak by byli vystaveni nucen\u00e9 brann\u00e9 povinnosti.<\/span><\/p>\n<p><span>Ji\u017e nyn\u00ed existuje nes\u010detn\u00e9 mno\u017estv\u00ed zpr\u00e1v a vide\u00ed (kter\u00e1 z\u00e1padn\u00ed m\u00e9dia pro jistotu nepokr\u00fdvaj\u00ed) o ukrajinsk\u00fdch mu\u017e\u00edch, kte\u0159\u00ed byli z ulic vytrh\u00e1v\u00e1ni kyjevsk\u00fdmi n\u00e1siln\u00edky za \u00fa\u010delem vojensk\u00e9 slu\u017eby. Mnoho dal\u0161\u00edch se ukrylo v zemi. Objevily se skand\u00e1ly kolem ukrajinsk\u00fdch rodin, kter\u00e9 byly vym\u00e1h\u00e1ny n\u00e1borov\u00fdmi d\u016fstojn\u00edky o tis\u00edce dolar\u016f, aby u\u0161et\u0159ili otce a syny. Tis\u00edce dal\u0161\u00edch riskovaly sv\u00e9 \u017eivoty t\u00edm, \u017ee se pokusily p\u0159eplavat \u0159eky do sousedn\u00edch zem\u00ed.<\/span><\/p>\n<p><span>Je m\u011b\u0159\u00edtkem toho, jak pomstychtiv\u00fd a bezcitn\u00fd je kyjevsk\u00fd re\u017eim, \u017ee nyn\u00ed \u010din\u00ed krajn\u00ed opat\u0159en\u00ed, kdy sv\u00fdm mu\u017esk\u00fdm ob\u010dan\u016fm v zahrani\u010d\u00ed odep\u00edr\u00e1 konzul\u00e1rn\u00ed slu\u017eby. C\u00edlem je spl\u00e1chnout a\u017e jeden milion rekrut\u016f na vra\u017eedn\u00e1 pole pod\u00e9l 1000 kilometr\u016f dlouh\u00e9 frontov\u00e9 linie s Ruskem na v\u00fdchod\u011b zem\u011b.<\/span><\/p>\n<p><span>Zde se p\u0159\u00edb\u011bh z\u00e1padn\u00ed propagandy st\u00e1v\u00e1 absurdn\u00edm. Aby nebyli odvle\u010deni zp\u011bt na Ukrajinu, o\u010dek\u00e1v\u00e1 se, \u017ee mnoz\u00ed z t\u011bch, kte\u0159\u00ed \u017eij\u00ed v zahrani\u010d\u00ed, se z\u0159eknou ob\u010danstv\u00ed. Pokud nemaj\u00ed platn\u00e9 cestovn\u00ed pasy a nemohou si sv\u00e9 doklady obnovit, st\u00e1vaj\u00ed se osobami bez st\u00e1tn\u00ed p\u0159\u00edslu\u0161nosti a nez\u00e1konn\u00fdmi. To znamen\u00e1, \u017ee statis\u00edce Ukrajinc\u016f budou muset nutn\u011b \u017e\u00e1dat o politick\u00fd azyl ve st\u00e1tech Evropsk\u00e9 unie. Stru\u010dn\u011b \u0159e\u010deno, jejich probl\u00e9m spo\u010d\u00edv\u00e1 v tom, \u017ee se nemohou vr\u00e1tit do sv\u00e9 domovsk\u00e9 zem\u011b ze strachu z pron\u00e1sledov\u00e1n\u00ed.<\/span><\/p>\n<p><span>Jak je to sm\u011b\u0161n\u00e9? Spojen\u00e9 st\u00e1ty a jejich evrop\u0161t\u00ed vazalov\u00e9 v\u011bnovali z ve\u0159ejn\u00fdch pen\u011bz a\u017e 300 miliard dolar\u016f na podporu re\u017eimu, jeho\u017e vlastn\u00ed ob\u010dan\u00e9 ve strachu prchaj\u00ed.<\/span><\/p>\n<p><span>Posledn\u00ed utracen\u00ed 61 miliard dolar\u016f ze strany Spojen\u00fdch st\u00e1t\u016f nepom\u016f\u017ee Ukrajin\u011b vyhr\u00e1t z\u00e1stupnou v\u00e1lku \u0159\u00edzenou NATO proti Rusku. Velkorysost pouze prodlou\u017e\u00ed ag\u00f3nii Ukrajiny a podpo\u0159\u00ed zkorumpovan\u00fd neonacistick\u00fd re\u017eim. Ji\u017e nyn\u00ed bylo zabito a\u017e p\u016fl milionu ukrajinsk\u00fdch voj\u00e1k\u016f v marn\u00e9 zlo\u010dinn\u00e9 v\u00e1lce za z\u00e1padn\u00ed imperialistick\u00e9 z\u00e1jmy. Mnoho nez\u00e1visl\u00fdch vojensk\u00fdch analytik\u016f\u00a0<\/span><a href=\"https:\/\/www.theamericanconservative.com\/what-61-billion-for-ukraine-wont-do\/\"><span>se shoduje<\/span><\/a><span>\u00a0, \u017ee kritick\u00fdm nedostatkem je ukrajinsk\u00e1 pracovn\u00ed s\u00edla.<\/span><\/p>\n<p><span>Zelenskij a jeho nohsledi se sna\u017e\u00ed vt\u011bsnat na jatka dal\u0161\u00ed t\u011bla. Washington a evrop\u0161t\u00ed p\u0159isluhova\u010di krm\u00ed vojenskou ma\u0161inerii na zab\u00edjen\u00ed ziskuchtivosti v tandemu s honbou kyjevsk\u00e9ho re\u017eimu po nov\u00e9 potrav\u011b pro d\u011bla.<\/span><\/p>\n<p><span>Je to ohavn\u00e9 a \u010f\u00e1belsk\u00e9. Je to tak\u00e9 \u0161okuj\u00edc\u00ed flagrantn\u00ed \u2013 pokud tomu tak nen\u00ed, spol\u00e9h\u00e1te se na z\u00e1padn\u00ed m\u00e9dia pro sv\u00e9 \u201einformace\u201c.<\/span><\/p>\n<p><span>Pravdou je, \u017ee z\u00e1padn\u00ed ve\u0159ejnost podporuje re\u017eim, p\u0159ed kter\u00fdm se i jej\u00ed ob\u010dan\u00e9 kr\u010d\u00ed ve strachu. Je to dvojit\u00e1 r\u00e1na. Z\u00e1pad dotuje re\u017eim, kter\u00fd zbyte\u010dn\u011b zab\u00edj\u00ed sv\u00e9 lidi, m\u00edsto aby se zapojil do m\u00edrov\u00e9 diplomacie s Ruskem, aby tuto v\u00e1lku ukon\u010dil.<\/span><\/p>\n<p><span>A miliony Ukrajinc\u016f \u017eij\u00ed v evropsk\u00fdch zem\u00edch bez n\u00e1jemn\u00e9ho, \u200b\u200bco\u017e p\u0159edstavuje obrovsk\u00fd tlak na bydlen\u00ed a slu\u017eby pro evropsk\u00e9 ob\u010dany. To v\u0161e proto, \u017ee str\u00fd\u010dek Sam a evrop\u0161t\u00ed ps\u00edci tla\u010d\u00ed zlo\u010dinnou proxy v\u00e1lku.<\/span><\/p>\n<p><span>Ukrajinci neut\u00edkaj\u00ed p\u0159ed ruskou agres\u00ed. Prchaj\u00ed p\u0159ed stra\u0161liv\u00fdm parazitick\u00fdm ukrajinsk\u00fdm re\u017eimem a krvavou l\u00e1zn\u00ed, kterou rozpoutalo NATO.<\/span><\/p>\n<p><a href=\"https:\/\/strategic-culture.su\/news\/2024\/04\/26\/biden-61-billion-and-kievs-conscription-crackdown-ukrainians-fleeing-nato-bloodbath-not-russia\/\">ZDROJ<\/a><\/p>\n<p>&nbsp;<\/p>\n","protected":false},"excerpt":{"rendered":"<p>Ukrajinci neut\u00edkaj\u00ed p\u0159ed ruskou agres\u00ed. Prchaj\u00ed p\u0159ed stra\u0161liv\u00fdm parazitick\u00fdm ukrajinsk\u00fdm re\u017eimem a krvavou l\u00e1zn\u00ed, kterou&#8230;<\/p>\n","protected":false},"author":2,"featured_media":14168,"comment_status":"closed","ping_status":"closed","sticky":false,"template":"","format":"standard","meta":[],"categories":[7],"tags":[72,604,1929,26],"_links":{"self":[{"href":"https:\/\/www.infokuryr.cz\/n\/wp-json\/wp\/v2\/posts\/52680"}],"collection":[{"href":"https:\/\/www.infokuryr.cz\/n\/wp-json\/wp\/v2\/posts"}],"about":[{"href":"https:\/\/www.infokuryr.cz\/n\/wp-json\/wp\/v2\/types\/post"}],"author":[{"embeddable":true,"href":"https:\/\/www.infokuryr.cz\/n\/wp-json\/wp\/v2\/users\/2"}],"replies":[{"embeddable":true,"href":"https:\/\/www.infokuryr.cz\/n\/wp-json\/wp\/v2\/comments?post=52680"}],"version-history":[{"count":0,"href":"https:\/\/www.infokuryr.cz\/n\/wp-json\/wp\/v2\/posts\/52680\/revisions"}],"wp:featuredmedia":[{"embeddable":true,"href":"https:\/\/www.infokuryr.cz\/n\/wp-json\/wp\/v2\/media\/14168"}],"wp:attachment":[{"href":"https:\/\/www.infokuryr.cz\/n\/wp-json\/wp\/v2\/media?parent=52680"}],"wp:term":[{"taxonomy":"category","embeddable":true,"href":"https:\/\/www.infokuryr.cz\/n\/wp-json\/wp\/v2\/categories?post=52680"},{"taxonomy":"post_tag","embeddable":true,"href":"https:\/\/www.infokuryr.cz\/n\/wp-json\/wp\/v2\/tags?post=52680"}],"curies":[{"name":"wp","href":"https:\/\/api.w.org\/{rel}","templated":true}]}}