{"id":52662,"date":"2024-04-29T04:39:13","date_gmt":"2024-04-29T02:39:13","guid":{"rendered":"https:\/\/www.infokuryr.cz\/n\/?p=52662"},"modified":"2024-04-29T04:39:13","modified_gmt":"2024-04-29T02:39:13","slug":"irak-zakazuje-homosexualitu","status":"publish","type":"post","link":"https:\/\/www.infokuryr.cz\/n\/2024\/04\/29\/irak-zakazuje-homosexualitu\/","title":{"rendered":"Ir\u00e1k zakazuje homosexualitu"},"content":{"rendered":"<div id=\"fb-root\"><\/div>\n<p><span style=\"font-size: 18pt;\"><strong>P\u0159edchoz\u00ed z\u00e1kaz vztah\u016f mezi osobami stejn\u00e9ho pohlav\u00ed byl zru\u0161en okupac\u00ed USA v roce 2003<\/strong><\/span><\/p>\n<p><span>Ir\u00e1ck\u00fd parlament schv\u00e1lil z\u00e1kon zakazuj\u00edc\u00ed vztahy mezi osobami stejn\u00e9ho pohlav\u00ed a transgenderismus. Opat\u0159en\u00ed odsoudily USA a Velk\u00e1 Brit\u00e1nie, ale p\u0159edseda parlamentu jej ozna\u010dil za\u00a0<\/span><em><span>\u201enezbytn\u00fd krok k ochran\u011b hodnotov\u00e9 struktury spole\u010dnosti\u201c.<\/span><\/em><\/p>\n<p><span>Z\u00e1konod\u00e1rn\u00fdm sborem v sobotu pro\u0161el novelizovan\u00fd z\u00e1kon o boji proti prostituci a homosexualit\u011b. Podle kopie z\u00e1kona, kterou vid\u011bla agentura Reuters, na\u0159izuje trest odn\u011bt\u00ed svobody na 10 a\u017e 15 let pro ka\u017ed\u00e9ho, kdo je zapojen do homosexu\u00e1ln\u00edch vztah\u016f, na sedm let pro ka\u017ed\u00e9ho, kdo propaguje homosexualitu nebo prostituci, a na jeden a\u017e t\u0159i roky pro ka\u017ed\u00e9ho, kdo zm\u011bn\u00ed sv\u00e9\u00a0<\/span><em><span>\u201ebiologick\u00e9 pohlav\u00ed\u201c<\/span><\/em><span>\u00a0nebo se obl\u00e9k\u00e1 z\u017een\u0161til\u00fdm zp\u016fsobem.<\/span><\/p>\n<p><span>\u00da\u0159aduj\u00edc\u00ed p\u0159edseda ir\u00e1ck\u00e9ho parlamentu Mohsen Al-Mandalawi v prohl\u00e1\u0161en\u00ed uvedl, \u017ee p\u0159ijet\u00ed z\u00e1kona je\u00a0<\/span><em><span>\u201enezbytn\u00fdm krokem k ochran\u011b hodnotov\u00e9 struktury spole\u010dnosti\u201c<\/span><\/em><span>\u00a0a k\u00a0<\/span><em><span>\u201eochran\u011b na\u0161ich d\u011bt\u00ed p\u0159ed vol\u00e1n\u00edm po mravn\u00ed zka\u017eenosti a homosexualit\u011b\u201c.<\/span><\/em><\/p>\n<p><span>Ir\u00e1ck\u00fd trestn\u00ed z\u00e1kon\u00edk z roku 1969 homosexualitu v\u00fdslovn\u011b nekriminalizoval, ale nenab\u00edzel gay\u016fm a lesb\u00e1m \u017e\u00e1dnou ochranu p\u0159ed mimosoudn\u00edm obt\u011b\u017eov\u00e1n\u00edm. Aktualizace z\u00e1kona v 80. letech legalizovala \u201ezab\u00edjen\u00ed ze cti\u201c homosexu\u00e1l\u016f jejich rodinn\u00fdmi p\u0159\u00edslu\u0161n\u00edky, zat\u00edmco dodatek k \u00fastav\u011b z roku 1993 zavedl trest smrti za homosexu\u00e1ln\u00ed \u010diny.<\/span><\/p>\n<p><span>Pot\u00e9, co USA v roce 2003 napadly Ir\u00e1k, okupa\u010dn\u00ed guvern\u00e9r Paul Brenner zru\u0161il trest smrti a vr\u00e1til trestn\u00ed z\u00e1kon\u00edk zp\u011bt na jeho iteraci z roku 1969.<\/span><\/p>\n<p><span>Z\u00e1padn\u00ed m\u00e9dia informovala o n\u00e1r\u016fstu \u00fatok\u016f na homosexu\u00e1ly polici\u00ed a milicemi po \u010d\u00e1ste\u010dn\u00e9m sta\u017een\u00ed americk\u00fdch jednotek v roce 2012, p\u0159esto\u017ee americk\u00e9 ministerstvo zahrani\u010d\u00ed v roce 2019 tvrdilo, \u017ee vycvi\u010dilo ir\u00e1ck\u00e9 bezpe\u010dnostn\u00ed s\u00edly\u00a0<\/span><em><span>\u201eo spr\u00e1vn\u00e9m dodr\u017eov\u00e1n\u00ed lidsk\u00fdch pr\u00e1v\u201c.<\/span><\/em><\/p>\n<p><span>Spojen\u00e9 st\u00e1ty jsou\u00a0<\/span><em><span>\u201ehluboce znepokojeny\u201c<\/span><\/em><span>\u00a0sobotn\u00edm hlasov\u00e1n\u00edm, uvedl mluv\u010d\u00ed ministerstva zahrani\u010d\u00ed Matthew Miller v tiskov\u00e9 zpr\u00e1v\u011b.\u00a0<\/span><em><span>&#8222;Tento dodatek ohro\u017euje ty, kte\u0159\u00ed jsou v ir\u00e1ck\u00e9 spole\u010dnosti nejv\u00edce ohro\u017eeni, a oslabuje schopnost Ir\u00e1ku diverzifikovat svou ekonomiku a p\u0159itahovat zahrani\u010dn\u00ed investice,&#8220;<\/span><\/em><span>\u00a0dodal Miller.<\/span><\/p>\n<p><span>Britsk\u00fd ministr zahrani\u010d\u00ed David Cameron v p\u0159\u00edsp\u011bvku na soci\u00e1ln\u00edch s\u00edt\u00edch ozna\u010dil z\u00e1kon za\u00a0<\/span><em><span>\u201enebezpe\u010dn\u00fd a znepokojuj\u00edc\u00ed\u201c<\/span><\/em><span>\u00a0a uvedl, \u017ee\u00a0<\/span><em><span>\u201enikdo by nem\u011bl b\u00fdt ter\u010dem toho, k\u00fdm je\u201c.<\/span><\/em><\/p>\n<p><span>Bez ohledu na jej\u00ed pr\u00e1vn\u00ed status byla homosexualita mezi konzervativn\u00ed \u0161\u00editskou v\u011bt\u0161inou v Ir\u00e1ku v\u017edy tabu. LGBTQ kultura je n\u011bkter\u00fdmi Ir\u00e1\u010dany vn\u00edm\u00e1na jako nep\u0159\u00e1telsk\u00e1 z\u00e1padn\u00ed ideologie a duhov\u00e9 vlajky \u201ePride\u201c jsou n\u011bkdy p\u00e1leny vedle vlajek z\u00e1padn\u00edch n\u00e1rod\u016f na ir\u00e1ck\u00fdch protestech.<\/span><\/p>\n<p><img decoding=\"async\" loading=\"lazy\" class=\"alignnone size-full wp-image-1185\" src=\"http:\/\/www.infokuryr.cz\/n\/wp-content\/uploads\/2021\/04\/kuryr-podpis.png\" alt=\"\" width=\"84\" height=\"24\" \/><\/p>\n<p>&nbsp;<\/p>\n","protected":false},"excerpt":{"rendered":"<p>P\u0159edchoz\u00ed z\u00e1kaz vztah\u016f mezi osobami stejn\u00e9ho pohlav\u00ed byl zru\u0161en okupac\u00ed USA v roce 2003 Ir\u00e1ck\u00fd&#8230;<\/p>\n","protected":false},"author":2,"featured_media":52663,"comment_status":"closed","ping_status":"closed","sticky":false,"template":"","format":"standard","meta":[],"categories":[7],"tags":[241,267,720,609],"_links":{"self":[{"href":"https:\/\/www.infokuryr.cz\/n\/wp-json\/wp\/v2\/posts\/52662"}],"collection":[{"href":"https:\/\/www.infokuryr.cz\/n\/wp-json\/wp\/v2\/posts"}],"about":[{"href":"https:\/\/www.infokuryr.cz\/n\/wp-json\/wp\/v2\/types\/post"}],"author":[{"embeddable":true,"href":"https:\/\/www.infokuryr.cz\/n\/wp-json\/wp\/v2\/users\/2"}],"replies":[{"embeddable":true,"href":"https:\/\/www.infokuryr.cz\/n\/wp-json\/wp\/v2\/comments?post=52662"}],"version-history":[{"count":0,"href":"https:\/\/www.infokuryr.cz\/n\/wp-json\/wp\/v2\/posts\/52662\/revisions"}],"wp:featuredmedia":[{"embeddable":true,"href":"https:\/\/www.infokuryr.cz\/n\/wp-json\/wp\/v2\/media\/52663"}],"wp:attachment":[{"href":"https:\/\/www.infokuryr.cz\/n\/wp-json\/wp\/v2\/media?parent=52662"}],"wp:term":[{"taxonomy":"category","embeddable":true,"href":"https:\/\/www.infokuryr.cz\/n\/wp-json\/wp\/v2\/categories?post=52662"},{"taxonomy":"post_tag","embeddable":true,"href":"https:\/\/www.infokuryr.cz\/n\/wp-json\/wp\/v2\/tags?post=52662"}],"curies":[{"name":"wp","href":"https:\/\/api.w.org\/{rel}","templated":true}]}}