{"id":52631,"date":"2024-04-29T00:45:04","date_gmt":"2024-04-28T22:45:04","guid":{"rendered":"https:\/\/www.infokuryr.cz\/n\/?p=52631"},"modified":"2024-04-28T16:50:50","modified_gmt":"2024-04-28T14:50:50","slug":"britsky-panovnik-se-znovu-objevi-na-verejnych-akcich","status":"publish","type":"post","link":"https:\/\/www.infokuryr.cz\/n\/2024\/04\/29\/britsky-panovnik-se-znovu-objevi-na-verejnych-akcich\/","title":{"rendered":"Britsk\u00fd panovn\u00edk se znovu objev\u00ed na ve\u0159ejn\u00fdch akc\u00edch"},"content":{"rendered":"<div id=\"fb-root\"><\/div>\n<div class=\"news-text-body\">\n<p class=\"lead\"><strong>Britsk\u00fd panovn\u00edk, kter\u00fd se od za\u010d\u00e1tku roku l\u00e9\u010d\u00ed s rakovinou, se mo\u017en\u00e1 znovu objev\u00ed na ve\u0159ejn\u00fdch akc\u00edch.<\/strong><\/p>\n<p><strong><span>Buckinghamsk\u00fd pal\u00e1c v p\u00e1tek 26. dubna uvedl, \u017ee kr\u00e1l Karel III.,<\/span><\/strong><span>\u00a075\u00a0, se bude moci vr\u00e1tit k ofici\u00e1ln\u00edm vl\u00e1dn\u00edm povinnostem od p\u0159\u00ed\u0161t\u00edho t\u00fddne pot\u00e9, co byli jeho l\u00e9ka\u0159i povzbuzeni dosavadn\u00edmi v\u00fdsledky jeho l\u00e9\u010dby a byli pozitivn\u011b nalad\u011bni na kr\u00e1lovo pokra\u010duj\u00edc\u00ed uzdravov\u00e1n\u00ed.<\/span><\/p>\n<p><span>30. dubna nav\u0161t\u00edv\u00ed centrum pro rakovinu kr\u00e1l Karel III. jako sv\u016fj prvn\u00ed ve\u0159ejn\u00fd program a v n\u00e1sleduj\u00edc\u00edch t\u00fddnech se z\u00fa\u010dastn\u00ed \u0159ady dal\u0161\u00edch ofici\u00e1ln\u00edch akc\u00ed.<\/span><\/p>\n<p><span>Buckinghamsk\u00fd pal\u00e1c ozn\u00e1mil, \u017ee v \u010dervnu kr\u00e1l s man\u017eelkou\u00a0<\/span><strong><span>Camillou<\/span><\/strong><span>\u00a0p\u0159ijme v Lond\u00fdn\u011b japonsk\u00e9ho c\u00edsa\u0159e a jeho man\u017eelku, kte\u0159\u00ed budou v britsk\u00e9m hlavn\u00edm m\u011bst\u011b na st\u00e1tn\u00ed n\u00e1v\u0161t\u011bv\u011b.<\/span><\/p>\n<p><span>5. \u00fanora bylo ozn\u00e1meno, \u017ee britsk\u00e9mu panovn\u00edkovi byl diagnostikov\u00e1n zhoubn\u00fd n\u00e1dor.<\/span><\/p>\n<p><span>V lednu se kr\u00e1l l\u00e9\u010dil se zv\u011bt\u0161enou prostatou a pr\u00e1v\u011b p\u0159i t\u00e9to l\u00e9\u010db\u011b mu diagnostikovali rakovinu. V \u00fanorov\u00e9 zpr\u00e1v\u011b se uv\u00e1d\u00ed, \u017ee l\u00e9ka\u0159i b\u011bhem jeho hospitalizace zaznamenali \u201edal\u0161\u00ed znepokojiv\u00fd probl\u00e9m\u201c a \u017ee n\u00e1sledn\u011b proveden\u00e9 diagnostick\u00e9 testy \u201eodhalily ur\u010ditou formu rakoviny\u201c.<\/span><\/p>\n<p><span id=\"after_incut_1\"><\/span><span>Od t\u00e9 doby se kr\u00e1l Karel III. ne\u00fa\u010dastnil ofici\u00e1ln\u00edch program\u016f pro ve\u0159ejn\u00e9 z\u00e1le\u017eitosti, ale plnil sv\u00e9 povinnosti hlavy st\u00e1tu, dost\u00e1val vl\u00e1dn\u00ed dokumenty a jako obvykle p\u0159ij\u00edmal\u00a0na t\u00fddenn\u00edch audienci premi\u00e9ra\u00a0<\/span><strong><span>Rishi Sunaka .<\/span><\/strong><\/p>\n<p><span>Snacha kr\u00e1le Karla III.,\u00a0<\/span><strong><span>Catherine<\/span><\/strong><span>\u00a0, princezna z Walesu, man\u017eelka syna monarchy, n\u00e1sledn\u00edka tr\u016fnu prince\u00a0<\/span><strong><span>Williama<\/span><\/strong><span>\u00a0, se tak\u00e9 l\u00e9\u010d\u00ed s rakovinou. Sama 42let\u00e1 princezna to ozn\u00e1mila 22. b\u0159ezna. Katherine \u0159ekla, \u017ee po operaci b\u0159icha v lednu l\u00e9ka\u0159i dosp\u011bli k z\u00e1v\u011bru, \u017ee nen\u00ed t\u0159eba dal\u0161\u00ed l\u00e9\u010dby. Operace byla \u00fasp\u011b\u0161n\u00e1, ale testy proveden\u00e9 pot\u00e9 uk\u00e1zaly, \u017ee jde st\u00e1le o rakovinu, \u0159ekla princezna. Dodala, \u017ee j\u00ed l\u00e9ka\u0159i doporu\u010dili preventivn\u00ed chemoterapii.<\/span><\/p>\n<p><span>Princezna Catherine se od V\u00e1noc ne\u00fa\u010dastn\u00ed vl\u00e1dn\u00edch program\u016f. Neexistuj\u00ed \u017e\u00e1dn\u00e9 podrobn\u011bj\u0161\u00ed ofici\u00e1ln\u00ed popisy p\u0159esn\u00e9 povahy jej\u00ed nemoci a Pal\u00e1c zat\u00edm neposkytl \u017e\u00e1dn\u00e9 informace o tom, kdy se princezna Catherine bude moci vr\u00e1tit do ve\u0159ejn\u00e9ho \u017eivota.<\/span><\/p>\n<\/div>\n<p><img decoding=\"async\" loading=\"lazy\" class=\"alignnone size-full wp-image-1185\" src=\"http:\/\/www.infokuryr.cz\/n\/wp-content\/uploads\/2021\/04\/kuryr-podpis.png\" alt=\"\" width=\"84\" height=\"24\" \/><\/p>\n<p>&nbsp;<\/p>\n<p>&nbsp;<\/p>\n","protected":false},"excerpt":{"rendered":"<p>Britsk\u00fd panovn\u00edk, kter\u00fd se od za\u010d\u00e1tku roku l\u00e9\u010d\u00ed s rakovinou, se mo\u017en\u00e1 znovu objev\u00ed na&#8230;<\/p>\n","protected":false},"author":2,"featured_media":49623,"comment_status":"closed","ping_status":"closed","sticky":false,"template":"","format":"standard","meta":[],"categories":[7],"tags":[3291,7218,303,2563],"_links":{"self":[{"href":"https:\/\/www.infokuryr.cz\/n\/wp-json\/wp\/v2\/posts\/52631"}],"collection":[{"href":"https:\/\/www.infokuryr.cz\/n\/wp-json\/wp\/v2\/posts"}],"about":[{"href":"https:\/\/www.infokuryr.cz\/n\/wp-json\/wp\/v2\/types\/post"}],"author":[{"embeddable":true,"href":"https:\/\/www.infokuryr.cz\/n\/wp-json\/wp\/v2\/users\/2"}],"replies":[{"embeddable":true,"href":"https:\/\/www.infokuryr.cz\/n\/wp-json\/wp\/v2\/comments?post=52631"}],"version-history":[{"count":0,"href":"https:\/\/www.infokuryr.cz\/n\/wp-json\/wp\/v2\/posts\/52631\/revisions"}],"wp:featuredmedia":[{"embeddable":true,"href":"https:\/\/www.infokuryr.cz\/n\/wp-json\/wp\/v2\/media\/49623"}],"wp:attachment":[{"href":"https:\/\/www.infokuryr.cz\/n\/wp-json\/wp\/v2\/media?parent=52631"}],"wp:term":[{"taxonomy":"category","embeddable":true,"href":"https:\/\/www.infokuryr.cz\/n\/wp-json\/wp\/v2\/categories?post=52631"},{"taxonomy":"post_tag","embeddable":true,"href":"https:\/\/www.infokuryr.cz\/n\/wp-json\/wp\/v2\/tags?post=52631"}],"curies":[{"name":"wp","href":"https:\/\/api.w.org\/{rel}","templated":true}]}}