{"id":52629,"date":"2024-04-29T00:44:58","date_gmt":"2024-04-28T22:44:58","guid":{"rendered":"https:\/\/www.infokuryr.cz\/n\/?p=52629"},"modified":"2024-04-28T16:47:18","modified_gmt":"2024-04-28T14:47:18","slug":"ruske-ozbrojene-sily-o-vikendu-znicily-munici-a-letadla-na-trech-letistich-ozbrojenych-sil-ukrajiny","status":"publish","type":"post","link":"https:\/\/www.infokuryr.cz\/n\/2024\/04\/29\/ruske-ozbrojene-sily-o-vikendu-znicily-munici-a-letadla-na-trech-letistich-ozbrojenych-sil-ukrajiny\/","title":{"rendered":"Rusk\u00e9 ozbrojen\u00e9 s\u00edly o v\u00edkendu zni\u010dily munici a letadla na t\u0159ech leti\u0161t\u00edch ozbrojen\u00fdch sil Ukrajiny"},"content":{"rendered":"<div id=\"fb-root\"><\/div>\n<p class=\"lead\"><strong>Rusk\u00e1 arm\u00e1da za\u00fato\u010dila na t\u0159i ukrajinsk\u00e1 leti\u0161t\u011b &#8211; Kamenka, Priluki a Starokonstantinov, p\u0159i\u010dem\u017e ni\u010dila hang\u00e1ry \u00fato\u010dn\u00fdmi UAV, stejn\u011b jako sklady s munic\u00ed a letadly.<\/strong><\/p>\n<p><em>\u201eOpera\u010dn\u011b-taktick\u00e9 letectvo, raketov\u00e9 s\u00edly a d\u011blost\u0159electvo uskupen\u00ed vojsk Ozbrojen\u00fdch sil Rusk\u00e9 federace zni\u010dily \u00fato\u010dn\u00fdmi bezpilotn\u00edmi letouny hang\u00e1ry na leti\u0161ti Kamenka v Dn\u011bpropetrovsk\u00e9 oblasti. Krom\u011b toho byly zasa\u017eeny sklady leteck\u00e9 munice a leteck\u00e9ho vybaven\u00ed na leti\u0161t\u00edch Pryluki v \u010cernihovsk\u00e9 oblasti a Starokonstantinov v Chmelnick\u00e9 oblasti,\u201c<span class=\"after-quote\"> &#8211; uv\u00e1d\u00ed zpr\u00e1va rusk\u00e9ho ministerstva obrany.<\/span><\/em><\/p>\n<p>Je t\u0159eba poznamenat, \u017ee nav\u00edc byla zni\u010dena m\u00edsta do\u010dasn\u00e9ho nasazen\u00ed zahrani\u010dn\u00edch \u017eold\u00e1k\u016f, \u017eiv\u00e1 s\u00edla a vojensk\u00e9 vybaven\u00ed ukrajinsk\u00fdch ozbrojen\u00fdch sil ve 121 okresech.<\/p>\n<p><img decoding=\"async\" loading=\"lazy\" class=\"alignnone size-full wp-image-1185\" src=\"http:\/\/www.infokuryr.cz\/n\/wp-content\/uploads\/2021\/04\/kuryr-podpis.png\" alt=\"\" width=\"84\" height=\"24\" \/><\/p>\n<p>&nbsp;<\/p>\n<p>&nbsp;<\/p>\n","protected":false},"excerpt":{"rendered":"<p>Rusk\u00e1 arm\u00e1da za\u00fato\u010dila na t\u0159i ukrajinsk\u00e1 leti\u0161t\u011b &#8211; Kamenka, Priluki a Starokonstantinov, p\u0159i\u010dem\u017e ni\u010dila hang\u00e1ry&#8230;<\/p>\n","protected":false},"author":2,"featured_media":52630,"comment_status":"closed","ping_status":"closed","sticky":false,"template":"","format":"standard","meta":[],"categories":[7],"tags":[806,22,26],"_links":{"self":[{"href":"https:\/\/www.infokuryr.cz\/n\/wp-json\/wp\/v2\/posts\/52629"}],"collection":[{"href":"https:\/\/www.infokuryr.cz\/n\/wp-json\/wp\/v2\/posts"}],"about":[{"href":"https:\/\/www.infokuryr.cz\/n\/wp-json\/wp\/v2\/types\/post"}],"author":[{"embeddable":true,"href":"https:\/\/www.infokuryr.cz\/n\/wp-json\/wp\/v2\/users\/2"}],"replies":[{"embeddable":true,"href":"https:\/\/www.infokuryr.cz\/n\/wp-json\/wp\/v2\/comments?post=52629"}],"version-history":[{"count":0,"href":"https:\/\/www.infokuryr.cz\/n\/wp-json\/wp\/v2\/posts\/52629\/revisions"}],"wp:featuredmedia":[{"embeddable":true,"href":"https:\/\/www.infokuryr.cz\/n\/wp-json\/wp\/v2\/media\/52630"}],"wp:attachment":[{"href":"https:\/\/www.infokuryr.cz\/n\/wp-json\/wp\/v2\/media?parent=52629"}],"wp:term":[{"taxonomy":"category","embeddable":true,"href":"https:\/\/www.infokuryr.cz\/n\/wp-json\/wp\/v2\/categories?post=52629"},{"taxonomy":"post_tag","embeddable":true,"href":"https:\/\/www.infokuryr.cz\/n\/wp-json\/wp\/v2\/tags?post=52629"}],"curies":[{"name":"wp","href":"https:\/\/api.w.org\/{rel}","templated":true}]}}