{"id":52613,"date":"2024-04-29T00:35:02","date_gmt":"2024-04-28T22:35:02","guid":{"rendered":"https:\/\/www.infokuryr.cz\/n\/?p=52613"},"modified":"2024-04-28T15:51:08","modified_gmt":"2024-04-28T13:51:08","slug":"ruska-armada-ukoristila-prvni-tank-abrams-americke-vyroby-americane-jsou-vzteky-bez-sebe","status":"publish","type":"post","link":"https:\/\/www.infokuryr.cz\/n\/2024\/04\/29\/ruska-armada-ukoristila-prvni-tank-abrams-americke-vyroby-americane-jsou-vzteky-bez-sebe\/","title":{"rendered":"Rusk\u00e1 arm\u00e1da uko\u0159istila prvn\u00ed tank Abrams americk\u00e9 v\u00fdroby. Ameri\u010dan\u00e9 jsou vzteky bez sebe"},"content":{"rendered":"<div id=\"fb-root\"><\/div>\n<p><strong>28. dubna rusk\u00e1 arm\u00e1da poprv\u00e9 uko\u0159istila hlavn\u00ed bitevn\u00ed tank M1A1 SA Abrams americk\u00e9 v\u00fdroby z Kyjeva.<\/strong><\/p>\n<p>Uko\u0159ist\u011bn\u00fd tank byl \u00fadajn\u011b z\u00edsk\u00e1n z p\u0159edm\u011bst\u00ed osady Berdychi na severoz\u00e1pad od m\u011bsta Avd\u011bjevka sm\u011brem na Don\u011bck.<\/p>\n<p>Prominentn\u00ed rusk\u00fd novin\u00e1\u0159\u00a0<a href=\"https:\/\/t.me\/SolovievLive\">Vladimir Solovjov<\/a>\u00a0zve\u0159ejnil na sv\u00e9m kan\u00e1lu Telegram video, na kter\u00e9m je vid\u011bt tank, kter\u00fd v\u00e1\u017e\u00ed n\u011bco m\u00e1lo p\u0159es 61 tun, ta\u017een\u00fd dozadu dv\u011bma \u017eenijn\u00edmi vozidly BREM-1 skupiny sil Tsentr. Druh\u00e9 video, kter\u00e9 se pozd\u011bji objevilo online, poskytlo bli\u017e\u0161\u00ed pohled na zachycen\u00fd tank.<\/p>\n<p><iframe loading=\"lazy\" src=\"https:\/\/s2.cdnstatic.space\/wp-content\/uploads\/2024\/04\/IMG_2618.mp4\" width=\"600\" height=\"338\" data-mce-fragment=\"1\"><\/iframe><\/p>\n<p><iframe loading=\"lazy\" src=\"https:\/\/s2.cdnstatic.space\/wp-content\/uploads\/2024\/04\/121111.mp4\" width=\"600\" height=\"338\" data-mce-fragment=\"1\"><\/iframe><\/p>\n<p>Spojen\u00e9 st\u00e1ty b\u011bhem minul\u00e9ho roku dodaly Ukrajin\u011b 31 tank\u016f Abrams a nezn\u00e1m\u00fd po\u010det M1150 Assault Breacher Vehicles (ABV), kter\u00e9 jsou postaveny na stejn\u00e9m podvozku. Rusk\u00e9 zdroje tvrd\u00ed, \u017ee nejm\u00e9n\u011b t\u0159etina t\u011bchto vozidel ji\u017e byla zni\u010dena nebo po\u0161kozena. Za\u010d\u00e1tkem tohoto t\u00fddne bylo ABV zadr\u017eeno tak\u00e9 ruskou arm\u00e1dou.<\/p>\n<p>Ned\u00e1vn\u00e1 zpr\u00e1va The Associated Press odhalila, \u017ee kyjevsk\u00e9 s\u00edly ned\u00e1vno st\u00e1hly v\u0161echny tanky Abrams z fronty v d\u016fsledku nadm\u011brn\u00e9ho pou\u017e\u00edv\u00e1n\u00ed dron\u016f ruskou arm\u00e1dou, co\u017e znesnadnilo provoz tank\u016f bez detekce nebo \u00fatoku.<\/p>\n<p>A\u010dkoli to bylo pro Ukrajinu a USA ostudn\u00e9, ne\u00fasp\u011bch Abramsov\u00fdch nebyl p\u0159ekvapiv\u00fd. Tank byl v minulosti pora\u017een zbran\u011bmi ze sov\u011btsk\u00e9 \u00e9ry jak v Ir\u00e1ku, tak v Jemenu.<\/p>\n<p>Abramsov\u00e9 zajat\u00ed ruskou arm\u00e1dou budou \u00fadajn\u011b vystaveni ve vojensk\u00e9m muzeu na ho\u0159e Poklonnaya v Moskv\u011b. Pozd\u011bji budou ru\u0161t\u00ed specialist\u00e9 tank pravd\u011bpodobn\u011b studovat, aby l\u00e9pe pochopili jeho schopnosti a slabiny.<\/p>\n<p><img decoding=\"async\" loading=\"lazy\" class=\"alignnone size-full wp-image-1185\" src=\"http:\/\/www.infokuryr.cz\/n\/wp-content\/uploads\/2021\/04\/kuryr-podpis.png\" alt=\"\" width=\"84\" height=\"24\" \/><\/p>\n<p>&nbsp;<\/p>\n","protected":false},"excerpt":{"rendered":"<p>28. dubna rusk\u00e1 arm\u00e1da poprv\u00e9 uko\u0159istila hlavn\u00ed bitevn\u00ed tank M1A1 SA Abrams americk\u00e9 v\u00fdroby z&#8230;<\/p>\n","protected":false},"author":2,"featured_media":52614,"comment_status":"closed","ping_status":"closed","sticky":false,"template":"","format":"standard","meta":[],"categories":[7],"tags":[5221,5417,22,3119],"_links":{"self":[{"href":"https:\/\/www.infokuryr.cz\/n\/wp-json\/wp\/v2\/posts\/52613"}],"collection":[{"href":"https:\/\/www.infokuryr.cz\/n\/wp-json\/wp\/v2\/posts"}],"about":[{"href":"https:\/\/www.infokuryr.cz\/n\/wp-json\/wp\/v2\/types\/post"}],"author":[{"embeddable":true,"href":"https:\/\/www.infokuryr.cz\/n\/wp-json\/wp\/v2\/users\/2"}],"replies":[{"embeddable":true,"href":"https:\/\/www.infokuryr.cz\/n\/wp-json\/wp\/v2\/comments?post=52613"}],"version-history":[{"count":1,"href":"https:\/\/www.infokuryr.cz\/n\/wp-json\/wp\/v2\/posts\/52613\/revisions"}],"predecessor-version":[{"id":52615,"href":"https:\/\/www.infokuryr.cz\/n\/wp-json\/wp\/v2\/posts\/52613\/revisions\/52615"}],"wp:featuredmedia":[{"embeddable":true,"href":"https:\/\/www.infokuryr.cz\/n\/wp-json\/wp\/v2\/media\/52614"}],"wp:attachment":[{"href":"https:\/\/www.infokuryr.cz\/n\/wp-json\/wp\/v2\/media?parent=52613"}],"wp:term":[{"taxonomy":"category","embeddable":true,"href":"https:\/\/www.infokuryr.cz\/n\/wp-json\/wp\/v2\/categories?post=52613"},{"taxonomy":"post_tag","embeddable":true,"href":"https:\/\/www.infokuryr.cz\/n\/wp-json\/wp\/v2\/tags?post=52613"}],"curies":[{"name":"wp","href":"https:\/\/api.w.org\/{rel}","templated":true}]}}