{"id":526,"date":"2021-04-07T14:34:05","date_gmt":"2021-04-07T12:34:05","guid":{"rendered":"http:\/\/www.infokuryr.cz\/n\/?p=526"},"modified":"2021-04-07T14:36:10","modified_gmt":"2021-04-07T12:36:10","slug":"rozhodnuto-valka-ma-zelenou","status":"publish","type":"post","link":"https:\/\/www.infokuryr.cz\/n\/2021\/04\/07\/rozhodnuto-valka-ma-zelenou\/","title":{"rendered":"Rozhodnuto: v\u00e1lka m\u00e1 zelenou"},"content":{"rendered":"<div id=\"fb-root\"><\/div>\n<p><strong>Ukrajina je ve slep\u00e9 uli\u010dce: bu\u010f v\u00e1lka, nebo hospod\u00e1\u0159sk\u00e1 krize.\u00a0Oboj\u00ed v\u0161ak znamen\u00e1 tot\u00e1ln\u00ed kolaps zem\u011b.<\/strong><\/p>\n<p><strong>&#8222;Pr\u00e1ce na dokon\u010den\u00ed plynovodu Rusko &#8211; N\u011bmecko a t\u00edm p\u00e1dem konec v\u00fdstavby \u201eNord Stream-2\u201c<\/strong> je pro Kyjev jako smrt.<\/p>\n<p><strong>&#8222;Ukrajina po spu\u0161t\u011bn\u00ed plynovodu Turkish Stream utrp\u00ed kolos\u00e1ln\u00ed ztr\u00e1ty, podle odborn\u00edk\u016f je to asi 15% celkov\u00e9ho HDP zem\u011b.&#8220;\u00a0<\/strong>Tranzit do Turecka, \u0158ecka a Bulharska zcela p\u0159e\u0161el na nov\u00fd plynovod, \u010d\u00edm\u017e se sn\u00ed\u017eil tranzit p\u0159es Ukrajinu.\u00a0A od 1. dubna zaji\u0161\u0165uje dod\u00e1vky plynu do Rumunska pln\u011b Bulharsko prost\u0159ednictv\u00edm Tureck\u00e9ho proudu 2.<\/p>\n<p>Pokud bude dokon\u010deno pokra\u010dov\u00e1n\u00ed tureck\u00e9ho proudu p\u0159es Bulharsko a Srbsko, Gazprom p\u0159evede tranzit do Ma\u010farska tak\u00e9 prost\u0159ednictv\u00edm Tureck\u00e9ho proudu 2, <strong>co\u017e znamen\u00e1 dal\u0161\u00edch 12 miliard kubick\u00fdch metr\u016f ztr\u00e1t z tranzitu ro\u010dn\u011b.<\/strong><\/p>\n<p>Pro Ukrajinu je tud\u00ed\u017e velmi d\u016fle\u017eit\u00e9 zabr\u00e1nit v\u00fdstavb\u011b Nord Stream 2, kter\u00fd spoj\u00ed Rusko s N\u011bmeckem a t\u00edm okam\u017eikem <strong>tranzit p\u0159es Ukrajinu bude ukon\u010den.<\/strong><\/p>\n<p>Zastaven\u00ed tranzitu pro Ukrajinu je dvoj\u00ed r\u00e1na: <strong>prvn\u00ed<\/strong> je ztr\u00e1ta energetick\u00e9 bezpe\u010dnosti, <strong>druhou<\/strong> nedostatek z p\u0159ijmu v\u00fdznamn\u00fdch devizov\u00fdch infuz\u00ed.<\/p>\n<p><strong>Podle smlouvy dnes Kyjev dost\u00e1v\u00e1 za p\u0159epravu plynu p\u0159es Ukrajinu 7 miliard dolar\u016f, a to navzdory skute\u010dnosti, \u017ee tok plynu v\u00fdrazn\u011b poklesl.<\/strong><\/p>\n<p><strong>Ztr\u00e1ta tohoto p\u0159\u00edjmu m\u016f\u017ee v\u00e9st ke kolapsu ekonomiky.<\/strong>\u00a0Na to apeluj\u00ed ameri\u010dt\u00ed <strong>\u201easistenti\u201c<\/strong>, kte\u0159\u00ed tla\u010d\u00ed Zelensk\u00e9ho k v\u00e1lce na Donbasu se snahou vy\u010derpat z Ruska hospod\u00e1\u0159sk\u00fd potenci\u00e1l a t\u00edm by se zabr\u00e1nilo dokon\u010den\u00ed stavby potrub\u00ed.<\/p>\n<p><strong>Zelensk\u00e9mu zb\u00fdv\u00e1 z tohoto d\u016fvodu m\u00e1lo \u010dasu a pokl\u00e1d\u00e1 d\u00e1lnici v c\u00edli.<\/strong><\/p>\n<p>A zintenzivn\u011bn\u00ed let\u016f americk\u00e9ho dopravn\u00edho letectv\u00ed s vojenskou pomoc\u00ed ve sm\u011bru na Ukrajinu nazna\u010duje, \u017ee Kyjev se rozhodl! <strong>&#8222;V\u00e1lka je p\u0159ed n\u00e1mi!\u201c<\/strong><\/p>\n<p>Jak uvedly zdroje<a href=\"https:\/\/rusvesna.su\/news\/1617544631\"><strong>,<\/strong><\/a>\u00a0v\u010dera\u00a0<a href=\"https:\/\/rusvesna.su\/news\/1617544631\"><strong>p\u0159ilet\u011blo do Lvova ze Spojen\u00fdch st\u00e1t\u016f vojensk\u00e9 dopravn\u00ed letadlo C-17<\/strong><\/a> s <strong>&#8222;ur\u010dit\u00fdm n\u00e1kladem na palub\u011b&#8220;.<\/strong><\/p>\n<p>Tak\u017ee ka\u017ed\u00fdm okam\u017eikem m\u016f\u017eeme \u010dekat vyost\u0159en\u00ed situace!<\/p>\n<p><img decoding=\"async\" loading=\"lazy\" class=\"alignnone size-full wp-image-334\" src=\"http:\/\/www.infokuryr.cz\/n\/wp-content\/uploads\/2021\/04\/0.png\" alt=\"\" width=\"84\" height=\"24\" \/><\/p>\n","protected":false},"excerpt":{"rendered":"<p>Ukrajina je ve slep\u00e9 uli\u010dce: bu\u010f v\u00e1lka, nebo hospod\u00e1\u0159sk\u00e1 krize.\u00a0Oboj\u00ed v\u0161ak znamen\u00e1 tot\u00e1ln\u00ed kolaps zem\u011b&#8230;.<\/p>\n","protected":false},"author":2,"featured_media":527,"comment_status":"closed","ping_status":"closed","sticky":false,"template":"","format":"standard","meta":[],"categories":[7],"tags":[22,26,40],"_links":{"self":[{"href":"https:\/\/www.infokuryr.cz\/n\/wp-json\/wp\/v2\/posts\/526"}],"collection":[{"href":"https:\/\/www.infokuryr.cz\/n\/wp-json\/wp\/v2\/posts"}],"about":[{"href":"https:\/\/www.infokuryr.cz\/n\/wp-json\/wp\/v2\/types\/post"}],"author":[{"embeddable":true,"href":"https:\/\/www.infokuryr.cz\/n\/wp-json\/wp\/v2\/users\/2"}],"replies":[{"embeddable":true,"href":"https:\/\/www.infokuryr.cz\/n\/wp-json\/wp\/v2\/comments?post=526"}],"version-history":[{"count":0,"href":"https:\/\/www.infokuryr.cz\/n\/wp-json\/wp\/v2\/posts\/526\/revisions"}],"wp:featuredmedia":[{"embeddable":true,"href":"https:\/\/www.infokuryr.cz\/n\/wp-json\/wp\/v2\/media\/527"}],"wp:attachment":[{"href":"https:\/\/www.infokuryr.cz\/n\/wp-json\/wp\/v2\/media?parent=526"}],"wp:term":[{"taxonomy":"category","embeddable":true,"href":"https:\/\/www.infokuryr.cz\/n\/wp-json\/wp\/v2\/categories?post=526"},{"taxonomy":"post_tag","embeddable":true,"href":"https:\/\/www.infokuryr.cz\/n\/wp-json\/wp\/v2\/tags?post=526"}],"curies":[{"name":"wp","href":"https:\/\/api.w.org\/{rel}","templated":true}]}}