{"id":5255,"date":"2021-10-08T09:52:55","date_gmt":"2021-10-08T07:52:55","guid":{"rendered":"http:\/\/www.infokuryr.cz\/n\/?p=5255"},"modified":"2021-10-08T09:52:55","modified_gmt":"2021-10-08T07:52:55","slug":"johanssonova-prijmout-42-500-afghancu-je-realne","status":"publish","type":"post","link":"https:\/\/www.infokuryr.cz\/n\/2021\/10\/08\/johanssonova-prijmout-42-500-afghancu-je-realne\/","title":{"rendered":"Johanssonov\u00e1: p\u0159ijmout 42.500 Afgh\u00e1nc\u016f je re\u00e1ln\u00e9"},"content":{"rendered":"<div id=\"fb-root\"><\/div>\n<p>Jakkoli komisa\u0159ka EU pro vnitro Ylva Johanssonov\u00e1 u\u017e imigranty tak neh\u00fd\u0159\u00ed, proto\u017ee je stejn\u011b nem\u00e1 po\u0159\u00e1dn\u011b komu udat, nebo\u0165 \u010dasy nez\u0159\u00edzen\u00e9 imigra\u010dn\u00ed politiky v Evrop\u011b ji\u017e minuly, jej\u00ed d\u0159\u00edv\u011bj\u0161\u00ed imigra\u010dn\u00ed apetit se pokusilo nakopnout OSN.<\/p>\n<p>Vysok\u00fd komisa\u0159 OSN pro uprchl\u00edky Fillipo Grandi prohl\u00e1sil, \u017ee v p\u0159\u00ed\u0161t\u00edch 5 letech by bylo zapot\u0159eb\u00ed p\u0159em\u00edstit z Afgh\u00e1nist\u00e1nu 85.000 uprchl\u00edk\u016f, a \u017ee poloviny tohoto sousta by se mohla zhostit EU. Johanssonov\u00e1 na tiskovce prohl\u00e1sila, \u017ee to nen\u00ed nere\u00e1ln\u00e9, a\u010dkoli p\u0159ipustila, \u017ee se nyn\u00ed v Evrop\u011b nikdo nehl\u00e1s\u00ed, proto\u017ee se vol\u00ed \u010di ustavuj\u00ed vl\u00e1dy, a tak z\u00e1le\u017e\u00ed, jak\u00a0 to dopadne.<\/p>\n<p><a href=\"https:\/\/www.7sur7.be\/monde\/l-ue-sollicitee-pour-accueillir-42-000-refugies-afghans-sur-5-ans~a0ac1a97\/\">ZDROJ<\/a><\/p>\n<p>&nbsp;<\/p>\n","protected":false},"excerpt":{"rendered":"<p>Jakkoli komisa\u0159ka EU pro vnitro Ylva Johanssonov\u00e1 u\u017e imigranty tak neh\u00fd\u0159\u00ed, proto\u017ee je stejn\u011b nem\u00e1&#8230;<\/p>\n","protected":false},"author":2,"featured_media":4135,"comment_status":"closed","ping_status":"closed","sticky":false,"template":"","format":"standard","meta":[],"categories":[7],"tags":[1049,41],"_links":{"self":[{"href":"https:\/\/www.infokuryr.cz\/n\/wp-json\/wp\/v2\/posts\/5255"}],"collection":[{"href":"https:\/\/www.infokuryr.cz\/n\/wp-json\/wp\/v2\/posts"}],"about":[{"href":"https:\/\/www.infokuryr.cz\/n\/wp-json\/wp\/v2\/types\/post"}],"author":[{"embeddable":true,"href":"https:\/\/www.infokuryr.cz\/n\/wp-json\/wp\/v2\/users\/2"}],"replies":[{"embeddable":true,"href":"https:\/\/www.infokuryr.cz\/n\/wp-json\/wp\/v2\/comments?post=5255"}],"version-history":[{"count":0,"href":"https:\/\/www.infokuryr.cz\/n\/wp-json\/wp\/v2\/posts\/5255\/revisions"}],"wp:featuredmedia":[{"embeddable":true,"href":"https:\/\/www.infokuryr.cz\/n\/wp-json\/wp\/v2\/media\/4135"}],"wp:attachment":[{"href":"https:\/\/www.infokuryr.cz\/n\/wp-json\/wp\/v2\/media?parent=5255"}],"wp:term":[{"taxonomy":"category","embeddable":true,"href":"https:\/\/www.infokuryr.cz\/n\/wp-json\/wp\/v2\/categories?post=5255"},{"taxonomy":"post_tag","embeddable":true,"href":"https:\/\/www.infokuryr.cz\/n\/wp-json\/wp\/v2\/tags?post=5255"}],"curies":[{"name":"wp","href":"https:\/\/api.w.org\/{rel}","templated":true}]}}