{"id":5254,"date":"2021-10-08T09:50:54","date_gmt":"2021-10-08T07:50:54","guid":{"rendered":"http:\/\/www.infokuryr.cz\/n\/?p=5254"},"modified":"2021-10-08T09:50:54","modified_gmt":"2021-10-08T07:50:54","slug":"australie-bude-deportovat-imigranty-na-ostrov-nauru","status":"publish","type":"post","link":"https:\/\/www.infokuryr.cz\/n\/2021\/10\/08\/australie-bude-deportovat-imigranty-na-ostrov-nauru\/","title":{"rendered":"Austr\u00e1lie bude deportovat imigranty na ostrov Nauru"},"content":{"rendered":"<div id=\"fb-root\"><\/div>\n<p>Jednu z nejpragmati\u010dt\u011bj\u0161\u00edch\u00a0 protiimigrantsk\u00fdch politik a z nejd\u016frazn\u011bj\u0161\u00edch p\u0159\u00edstup\u016f k ochran\u011b hranic v z\u00e1padn\u00edm demokratick\u00e9m sv\u011bt\u011b m\u00e1 Austr\u00e1lie. Ta ji\u017e v\u00edce ne\u017e jedno desetilet\u00ed deportuje nez\u00e1konn\u00e9 naru\u0161itele hranic do Paupui Nov\u00e9 Guineji a na ostrov Nauru. Tato deporta\u010dn\u00ed politika se uk\u00e1zala b\u00fdt tak dalece \u00fa\u010dinnou, \u017ee si Austr\u00e1lie ji\u017e m\u016f\u017ee dovolit ukon\u010dit smlouvu s Papuou Novou Guinej\u00ed na konci roku, a deportovat jen na ostrov Nauru, jak v\u010dera ozn\u00e1mila ministryn\u011b vnitra Austr\u00e1lie, Karen Adrewsov\u00e1.<\/p>\n<p>A\u017e tohoto st\u00e1dia dos\u00e1hne Evropa, bude si moct gratulovat. Zd\u00e1 se, \u017ee v\u011brchu\u0161ce EU u\u017e taky n\u011bco doch\u00e1z\u00ed.<\/p>\n<p><a href=\"https:\/\/www.lavanguardia.com\/internacional\/20211006\/7771398\/australia-termina-acuerdo-refugiados-papua-nueva-guinea.html\">ZDROJ<\/a><\/p>\n<p>&nbsp;<\/p>\n","protected":false},"excerpt":{"rendered":"<p>Jednu z nejpragmati\u010dt\u011bj\u0161\u00edch\u00a0 protiimigrantsk\u00fdch politik a z nejd\u016frazn\u011bj\u0161\u00edch p\u0159\u00edstup\u016f k ochran\u011b hranic v z\u00e1padn\u00edm demokratick\u00e9m&#8230;<\/p>\n","protected":false},"author":2,"featured_media":3221,"comment_status":"closed","ping_status":"closed","sticky":false,"template":"","format":"standard","meta":[],"categories":[7],"tags":[434,119],"_links":{"self":[{"href":"https:\/\/www.infokuryr.cz\/n\/wp-json\/wp\/v2\/posts\/5254"}],"collection":[{"href":"https:\/\/www.infokuryr.cz\/n\/wp-json\/wp\/v2\/posts"}],"about":[{"href":"https:\/\/www.infokuryr.cz\/n\/wp-json\/wp\/v2\/types\/post"}],"author":[{"embeddable":true,"href":"https:\/\/www.infokuryr.cz\/n\/wp-json\/wp\/v2\/users\/2"}],"replies":[{"embeddable":true,"href":"https:\/\/www.infokuryr.cz\/n\/wp-json\/wp\/v2\/comments?post=5254"}],"version-history":[{"count":0,"href":"https:\/\/www.infokuryr.cz\/n\/wp-json\/wp\/v2\/posts\/5254\/revisions"}],"wp:featuredmedia":[{"embeddable":true,"href":"https:\/\/www.infokuryr.cz\/n\/wp-json\/wp\/v2\/media\/3221"}],"wp:attachment":[{"href":"https:\/\/www.infokuryr.cz\/n\/wp-json\/wp\/v2\/media?parent=5254"}],"wp:term":[{"taxonomy":"category","embeddable":true,"href":"https:\/\/www.infokuryr.cz\/n\/wp-json\/wp\/v2\/categories?post=5254"},{"taxonomy":"post_tag","embeddable":true,"href":"https:\/\/www.infokuryr.cz\/n\/wp-json\/wp\/v2\/tags?post=5254"}],"curies":[{"name":"wp","href":"https:\/\/api.w.org\/{rel}","templated":true}]}}