{"id":52531,"date":"2024-04-27T00:46:41","date_gmt":"2024-04-26T22:46:41","guid":{"rendered":"https:\/\/www.infokuryr.cz\/n\/?p=52531"},"modified":"2024-04-27T06:04:51","modified_gmt":"2024-04-27T04:04:51","slug":"viktor-orban-na-konferenci-natcon-v-bruselu-prohlasil-ze-ukrajina-je-protektorat-zapadu","status":"publish","type":"post","link":"https:\/\/www.infokuryr.cz\/n\/2024\/04\/27\/viktor-orban-na-konferenci-natcon-v-bruselu-prohlasil-ze-ukrajina-je-protektorat-zapadu\/","title":{"rendered":"Viktor Orb\u00e1n na konferenci NatCon v Bruselu prohl\u00e1sil, \u017ee Ukrajina je protektor\u00e1t Z\u00e1padu&#8230;"},"content":{"rendered":"<div id=\"fb-root\"><\/div>\n<h4>Viktor Orb\u00e1n na konferenci NatCon v Bruselu prohl\u00e1sil, \u017ee Ukrajina je protektor\u00e1t Z\u00e1padu a Rusko nikdy nedovol\u00ed jej\u00ed vstup do NATO! Volby do EU parlamentu rozhodnou, jestli Evropa p\u016fjde do v\u00e1lky s Ruskem, anebo se poda\u0159\u00ed odstavit od moci euroliber\u00e1ln\u00ed gardu fa\u0161ist\u016f a zelen\u00fdch terorist\u016f! Starosta Bruselu cht\u011bl konferenci zak\u00e1zat, ale soud z\u00e1kaz zru\u0161il jako proti\u00fastavn\u00ed!<\/h4>\n<p>Ma\u010farsk\u00fd premi\u00e9r Viktor Orb\u00e1n nakonec opravdu vystoupil na konferenci NatCon v hotelu Claridge v Bruselu, kde se m\u00edstn\u00ed starosta do posledn\u00ed chv\u00edle sna\u017eil setk\u00e1n\u00ed p\u0159ed\u00e1k\u016f n\u00e1rodn\u00edch a vlasteneck\u00fdch stran p\u0159ed Evropsk\u00fdmi volbami zak\u00e1zat, jak jsme o tom informovali v na\u0161em \u010dl\u00e1nku\u00a0<strong>[<a href=\"https:\/\/aeronet.news\/fasizace-bruselu-v-primem-prenosu-odhalila-policejni-zasah-a-pokus-o-rozpusteni-ohlasene-a-dopredu-povolene-mezinarodni-konference-natcon-mistni-eurosocialisticky-starosta-nechce-orbana-a-ani-farage\/\">1<\/a>]<\/strong>. Nakonec to dopadlo dob\u0159e, proto\u017ee bruselsk\u00fd soud na z\u00e1klad\u011b \u017ealoby po\u0159adatel\u016f konference z\u00e1kaz zru\u0161il jako ne\u00fastavn\u00ed a v hotelu tak mohl vystoupit se sv\u00fdm projevem pr\u00e1v\u011b i Viktor Orb\u00e1n.<\/p>\n<p>Jeho nejz\u00e1sadn\u011bj\u0161\u00ed v\u00fdroky v sest\u0159ihu p\u0159inesla agentura AP a jednalo se opravdu to tvrd\u00e9 zhodnocen\u00ed ma\u010farsk\u00e9 pozice v Evrop\u011b. Je to pozice antimigra\u010dn\u00edho ukotven\u00ed a rovn\u011b\u017e p\u0159esv\u011bd\u010den\u00ed, \u017ee v\u00e1lka na Ukrajin\u011b nem\u00e1 v\u00e1le\u010dn\u00e9ho \u0159e\u0161en\u00ed, co\u017e bohu\u017eel sou\u010dasn\u00fd euroliber\u00e1ln\u00ed establishment v Bruselu nech\u00e1pe, a\u00a0<strong>proto je t\u0159eba v nadch\u00e1zej\u00edc\u00edch volb\u00e1ch zvolit zm\u011bnu a alternativn\u00ed strany, opozi\u010dn\u00ed partaje, kter\u00e9 se postav\u00ed proti migraci, proti v\u00e1lce a proti zelen\u00e9 agend\u011b.<\/strong>\u00a0To jsou z\u00e1sadn\u00ed pil\u00ed\u0159e konceptu\u00e1ln\u00ed boje s globalistick\u00fdm nep\u0159\u00edtelem.<\/p>\n<p>&nbsp;<\/p>\n<div id=\"rumble_v4paab3\">\n<div id=\"vid_v4paab3\" class=\"rumble_v4paab3-Rumble-cls\" tabindex=\"-1\">\n<div class=\"bigPlayUI ctp\">\n<div class='videoWrapper'>\r\n\t            <iframe src='https:\/\/rumble.com\/embed\/pj.v4paab3\/' frameborder='0' allowfullscreen><\/iframe>\r\n\t        <\/div>\n<div class=\"bigPlayUIInner ctp\"><\/div>\n<\/div>\n<\/div>\n<\/div>\n<p>&nbsp;<\/p>\n<p>V podstat\u011b toto jsou 3 hlavn\u00ed bojov\u00e9 \u00fakoly alternativy, a politick\u00e9 strany, kter\u00e9 nemaj\u00ed ve sv\u00e9m programu boj proti t\u011bmto 3 pil\u00ed\u0159\u016fm evropsk\u00e9ho establishmentu, nelze v podstat\u011b br\u00e1t za alternativu. Strany alternativy mus\u00ed m\u00edt jasn\u00fd odpor proti migraci. Stejn\u011b tak alternativn\u00ed strany mus\u00ed cht\u00edt okam\u017eit\u00e9 ukon\u010den\u00ed v\u00e1lky na Ukrajin\u011b a m\u00edrov\u00e9 urovn\u00e1n\u00ed konfliktu, a to zejm\u00e9na na z\u00e1klad\u011b po\u017eadavku na svol\u00e1n\u00ed\u00a0<em>B\u011blov\u011b\u017esk\u00fdch dohod v2.0<\/em>\u00a0s c\u00edlem p\u0159ekreslen\u00ed hranic Ukrajiny v z\u00e1jmu trval\u00e9ho m\u00edru, proto\u017ee hranice v roce 1991 nebyly vyty\u010deny s v\u011bdom\u00edm, \u017ee Ukrajina v n\u00e1sleduj\u00edc\u00edch 30 letech projde mohutnou renacifikac\u00ed a banderizac\u00ed, kter\u00e1 za\u010dne ohro\u017eovat rusk\u00e9 etnikum na Ukrajin\u011b.<\/p>\n<h6><span style=\"font-size: 18pt;\">B\u011blov\u011b\u017esk\u00e9 dohody v2.0<\/span><\/h6>\n<p>Ukrajina se rozhodla neplnit Minsk\u00e9 protokoly po vypuknut\u00ed ob\u010dansk\u00e9 v\u00e1lky na Ukrajin\u011b v \u00fanoru 2014 po proveden\u00ed st\u00e1tn\u00edho p\u0159evratu a svr\u017een\u00ed Viktora Janukovy\u010de z pozice prezidenta. Naopak se rozhodla vstoupit do NATO a t\u00edm ohrozit bezpe\u010dnost Rusk\u00e9 federace. A pouh\u00fdch 5 dn\u00ed p\u0159ed ruskou invaz\u00ed Voldoymyr Zelensk\u00fd v Mnichov\u011b nazna\u010dil, \u017ee\u00a0<strong>pokud Ukrajina neobdr\u017e\u00ed garance od Z\u00e1padu, bude pova\u017eovat Budape\u0161\u0165skou dohodu z roku 1991, na jej\u00edm\u017e z\u00e1klad\u011b se Ukrajina vzdala jadern\u00fdch zbran\u00ed, za mrtvou [<a href=\"https:\/\/href.li\/?https:\/\/kyivindependent.com\/zelenskys-full-speech-at-munich-security-conference\/\" target=\"_blank\" rel=\"nofollow noopener\">2<\/a>].<\/strong><\/p>\n<p>Kyjev je tak hlavn\u00edm vin\u00edkem rusk\u00e9 intervence na Ukrajinu ze dne 24. 2. 2022. Kyjev toti\u017e bezprecedentn\u011b ohrozil bezpe\u010dnost Ruska a svoj\u00ed hrozbu podtrhl p\u0159ijet\u00edm protirusk\u00fdch z\u00e1kon\u016f na sv\u00e9m \u00fazem\u00ed, p\u0159edev\u0161\u00edm pak z\u00e1kon\u016f na z\u00e1kaz rusk\u00e9ho jazyka na \u00fa\u0159adech, ve \u0161kol\u00e1ch a v obchodn\u00edm styku, v\u010detn\u011b z\u00e1kona o eliminaci rusk\u00e9ho tisku.<\/p>\n<figure id=\"attachment_52847\" class=\"wp-caption aligncenter\" style=\"width: 950px;\"><a href=\"https:\/\/aeronet.news\/wp-content\/uploads\/ZelenskyMSC2022.jpg\"><img decoding=\"async\" loading=\"lazy\" class=\"wp-image-52847 \" src=\"https:\/\/aeronet.news\/wp-content\/uploads\/ZelenskyMSC2022.jpg\" sizes=\"(max-width: 1280px) 100vw, 1280px\" srcset=\"https:\/\/aeronet.news\/wp-content\/uploads\/ZelenskyMSC2022.jpg 1280w, https:\/\/aeronet.news\/wp-content\/uploads\/ZelenskyMSC2022-300x169.jpg 300w, https:\/\/aeronet.news\/wp-content\/uploads\/ZelenskyMSC2022-768x432.jpg 768w, https:\/\/aeronet.news\/wp-content\/uploads\/ZelenskyMSC2022-1024x576.jpg 1024w, https:\/\/aeronet.news\/wp-content\/uploads\/ZelenskyMSC2022-700x394.jpg 700w, https:\/\/aeronet.news\/wp-content\/uploads\/ZelenskyMSC2022-635x357.jpg 635w, https:\/\/aeronet.news\/wp-content\/uploads\/ZelenskyMSC2022-859x483.jpg 859w\" alt=\"\" width=\"950\" height=\"535\" \/><\/a><figcaption class=\"wp-caption-text\">Zelensk\u00fd na Mnichovsk\u00e9 bezpe\u010dnostn\u00ed konferenci, 19. \u00fanora 20022, pouh\u00fdch 5 dn\u00ed p\u0159ed vypuknut\u00edm SVO<\/figcaption><\/figure>\n<p>Tyto nep\u0159\u00e1telsk\u00e9 kroky na pokraji vyhl\u00e1\u0161en\u00ed v\u00e1lky byly odpov\u011bzeny Ruskou arm\u00e1dou 24. 2. 2022. Ukrajina pl\u00e1novala rozm\u00edst\u011bn\u00ed americk\u00fdch z\u00e1kladen na Ukrajin\u011b, a to i bez \u010dlenstv\u00ed zem\u011b v NATO, pod z\u00e1minkou rusk\u00fdch hrozeb. Invaze rusk\u00fdch vojsk se tak stala v podstat\u011b pro Rusy nevyhnutelnou. Takov\u00e1 jsou fakta a realita p\u0159\u00ed\u010din konfliktu na Ukrajin\u011b. A Viktor Orb\u00e1n tato fakta zn\u00e1. Pokud nem\u00e1te \u010das na video v\u00fd\u0161e, tady je p\u0159epis.<\/p>\n<h4><span style=\"font-size: 18pt;\">Kl\u00ed\u010dov\u00e9 body z projevu Viktora Orb\u00e1na v Bruselu v hotelu Claridge na konferenci NatCon<\/span><\/h4>\n<p>Smyslem t\u00e9to evropsk\u00e9 lekce je zm\u011bna veden\u00ed. K \u010demu jsou volby? Smyslem voleb je, \u017ee pokud se veden\u00ed uk\u00e1\u017ee jako \u0161patn\u00e9, mus\u00ed b\u00fdt vym\u011bn\u011bno. To je tak jednoduch\u00e9. A toto veden\u00ed Evropsk\u00e9 unie je prost\u011b \u0161patn\u00e9. Selhalo. Tak\u017ee tak to je, to nen\u00ed jenom politick\u00e9 prohl\u00e1\u0161en\u00ed, je to velmi v\u011bcn\u00e9.<\/p>\n<p><em><strong>-Ale j\u00e1 si to velmi dob\u0159e pamatuji.<\/strong><\/em><\/p>\n<p>Mysl\u00edm si, \u017ee n\u00e1rody maj\u00ed pr\u00e1vo rozhodovat o sv\u00e9 vlastn\u00ed budoucnosti. Tak\u017ee pokud by se n\u011bkdo cht\u011bl pokusit vytvo\u0159it sm\u00ed\u0161enou spole\u010dnost, k\u0159es\u0165ansky zalo\u017eenou s muslimsk\u00fdmi komunitami, a jako liber\u00e1lov\u00e9 si mysl\u00ed, \u017ee v\u00fdsledek bude n\u011bco dobr\u00e9ho, tak a\u0165 to ud\u011bl\u00e1. Je to v\u00e1\u0161 osud. Je to va\u0161e budoucnost. Ale n\u00e1s k tomu nenu\u0165te. Tak tomu \u0159\u00edk\u00e1me nab\u00eddka tolerance, co jsem n\u011bkolikr\u00e1t u\u010dinil Bruselu. \u0158ekl jsem: ho\u0161i, m\u016f\u017eete si vytvo\u0159it jak\u00fdkoli migra\u010dn\u00ed syst\u00e9m, ale nenu\u0165te Ma\u010farsko, aby ud\u011blalo tot\u00e9\u017e, proto\u017ee my tomu prost\u011b nev\u011b\u0159\u00edme. Mysl\u00edme si, \u017ee sm\u00ed\u0161en\u00ed obou civilizac\u00ed nepovede k dobr\u00fdm v\u011bcem.<\/p>\n<p><em><strong>-Skoro by se dalo \u0159\u00edct, \u017ee zm\u011bna re\u017eimu v Polsku, kter\u00e9 se mysl\u00edm mnoho lid\u00ed ob\u00e1valo.<\/strong><\/em><\/p>\n<p>Respektujeme pr\u00e1va Ukrajiny, jej\u00ed suverenitu a pr\u00e1vo lid\u00ed vytvo\u0159it si a udr\u017eet vlastn\u00ed st\u00e1t. Tak\u017ee proto je Putinova invaze proti Ukrajin\u011b zcela proti hodnot\u00e1m mezin\u00e1rodn\u00edch vztah\u016f a v\u0161em hodnot\u00e1m, kter\u00e9 v\u0161ichni respektujeme. Tak\u017ee o tom nen\u00ed pochyb. Ale ma\u010farsk\u00fd bod z\u00e1jmu je, \u017ee n\u011bco mus\u00ed b\u00fdt mezi Ruskem a Ma\u010farskem. Tak\u017ee to je \u010d\u00edslo jedna. Tak\u017ee my podporujeme Ukrajinu, aby n\u011bjak\u00fdm zp\u016fsobem p\u0159e\u017eila, co\u017e je zpochyb\u0148ov\u00e1no, proto\u017ee Ukrajina nen\u00ed suver\u00e9nn\u00ed st\u00e1t. Ukrajina je te\u010f jenom protektor\u00e1t Z\u00e1padu. Tak\u017ee bez toho, \u017ee by Ukrajina dost\u00e1vala pen\u00edze a zbran\u011b od Evropsk\u00e9 unie a Spojen\u00fdch st\u00e1t\u016f, by p\u0159estala jako st\u00e1t existovat. Tak\u017ee u\u017e to nen\u00ed suver\u00e9nn\u00ed st\u00e1t.<\/p>\n<p><em><strong>-Jak v\u00edte, mysl\u00edm, \u017ee to nejl\u00e9pe vystihuje nacionalismus.<\/strong><\/em><\/p>\n<p>Ma\u010farsko m\u011blo v\u017edy dobr\u00e9 ekonomick\u00e9 vztahy s Ruskem, tak\u017ee bych se nerad vzdal tohoto druhu spolupr\u00e1ce, proto\u017ee v\u00e1lka mezi Ukrajinou a Ruskem nen\u00ed v\u00e1lkou Ma\u010far\u016f. Je to v\u00e1lka dvou slovansk\u00fdch n\u00e1rod\u016f. Jeden velk\u00fd slovansk\u00fd n\u00e1rod napadl druh\u00fd a vedou v\u00e1lku a my se nechov\u00e1me jako Evropan\u00e9, kte\u0159\u00ed \u0159ekli: \u201e<em>Hm, je to na\u0161e v\u00e1lka, proto\u017ee jde o hodnoty, jde o mezin\u00e1rodn\u00ed \u0159\u00e1d, o cokoli. Tak\u017ee my jsme ve v\u00e1lce. Je to na\u0161e v\u00e1lka, ale ne \u00fapln\u011b, proto\u017ee bychom neradi um\u00edrali, v\u00edte?\u00a0<strong>Tak\u017ee pros\u00edm, Ukrajinci, um\u00edrejte!<\/strong>\u00a0My v\u00e1m d\u00e1me pen\u00edze a d\u00e1me zbran\u011b a bra\u0148te na\u0161e hodnoty, pros\u00edm!<\/em>\u201c Tak\u017ee to nen\u00ed ani tak na\u0161e v\u00e1lka, abychom \u0161li do n\u00ed a riskovali \u017eivot, \u017ee tam budou bojovat, ale prost\u011b v\u00edte, aby si financovali sv\u016fj \u017eivot. Tak\u017ee tenhle p\u0159\u00edstup se mi v\u016fbec nel\u00edb\u00ed.<\/p>\n<p><em><strong>-Putin\u016fv nejbli\u017e\u0161\u00ed spojenec v Evrop\u011b.<\/strong><\/em><\/p>\n<p>A d\u016fvod t\u00e9 v\u00e1lky je velmi jednoduch\u00fd \u2013 jmenuje se \u010dlenstv\u00ed v NATO. A pr\u00e1v\u011b jako zem\u011b, kter\u00e1 byla 45 let okupov\u00e1na Rusy, mohu na z\u00e1klad\u011b osobn\u00edch zku\u0161enost\u00ed \u0159\u00edct, \u017ee Rusov\u00e9 nikdy nedopust\u00ed, aby Ukrajina m\u011bla \u010dlenstv\u00ed v NATO v podob\u011b, v jak\u00e9 je te\u010f. Pro geopolitick\u00e9 my\u0161len\u00ed je to nemo\u017en\u00e9. V\u017edycky budou d\u011blat v\u0161echno pro to, aby m\u011bli n\u011bco mezi ruskou hranic\u00ed a hranic\u00ed zem\u00ed NATO. Mohlo by se to jmenovat Ukrajina. Mohla by to b\u00fdt v\u00e1le\u010dn\u00e1 z\u00f3na, mohlo by se tomu \u0159\u00edkat v\u00e1lka, cokoli, ale n\u00e1razn\u00edkov\u00e1 z\u00f3na mezi NATO a Ukrajinou mus\u00ed existovat.<\/p>\n<p><em><strong>-D\u00edky za tento n\u00e1dhern\u00fd rozhovor, je skv\u011bl\u00e9 v\u00e1s op\u011bt vid\u011bt.<\/strong><\/em><\/p>\n<p>Bohu\u017eel se n\u00e1m neda\u0159\u00ed dodat d\u016fkazy, \u017ee p\u0159\u00edm\u011b\u0159\u00ed a jedn\u00e1n\u00ed by bylo lep\u0161\u00ed ne\u017e pokra\u010dovat ve v\u00e1lce. Jen dod\u00e1v\u00e1me Ukrajinc\u016fm d\u016fkazy, \u017ee v\u00edce um\u00edrejte, v\u00edce bojujte a vyhrajete. Rozhodn\u011b je pravda, \u017ee nemohou vyhr\u00e1t, proto\u017ee to nen\u00ed o hodnot\u00e1ch, nen\u00ed to o m\u00e9m srdci, nen\u00ed to o m\u00e9m filozofick\u00e9m p\u0159esv\u011bd\u010den\u00ed, je to o realit\u011b. Tak\u017ee ta v\u00e1lka nem\u00e1 na boji\u0161ti \u017e\u00e1dn\u00e9 \u0159e\u0161en\u00ed.<\/p>\n<p><em>Viktor Orb\u00e1n<\/em><\/p>\n<h6><span style=\"font-size: 18pt;\">Evropsk\u00e9 volby o v\u00e1lce, anebo m\u00edru<\/span><\/h6>\n<p>Tyto volby do EU parlamentu se budou od v\u0161ech p\u0159edchoz\u00edch z\u00e1sadn\u011b li\u0161it. Opravdu a skute\u010dn\u011b poprv\u00e9 p\u016fjde o osud cel\u00e9 Evropy a o to, jestli Evropa p\u016fjde do v\u00e1lky na Ukrajin\u011b, anebo nov\u00e1 garnitura EU zavel\u00ed k ukon\u010den\u00ed v\u00e1lky na Ukrajin\u011b a k m\u00edrov\u00fdm rozhovor\u016fm. K t\u011bm ale nedojde, pokud nedojde k vytvo\u0159en\u00ed tlaku na Kyjev, aby se nadobro roze\u0161el s odkazem St\u011bpana Bandery a jeho nacistick\u00e9ho odkazu.<\/p>\n<p>To bude vy\u017eadovat mnohem v\u00edce ne\u017e jenom m\u00edrov\u00e9 protokoly. Bude to vy\u017eadovat denacifikaci a p\u0159ev\u00fdchovu jak Ukrajiny, tak i n\u011bkter\u00fdch zem\u00ed Evropy, kter\u00e9 se b\u011bhem ukrajinsk\u00e9 krize propadly do stavu uct\u00edv\u00e1n\u00ed v\u00e1lky, uml\u010dov\u00e1n\u00ed web\u016f a m\u00edrov\u00e9 opozice, a to s c\u00edlem \u0161\u00ed\u0159en\u00ed v\u00e1le\u010dn\u00e9 hysterie a podporov\u00e1n\u00ed a schvalov\u00e1n\u00ed v\u00e1lky na Ukrajin\u011b. Nov\u00fd EU parlament bude muset vy\u010distit vlastn\u00ed struktury od lid\u00ed, kte\u0159\u00ed ze zpronev\u011b\u0159ili m\u00edru a spolupr\u00e1ci mezi n\u00e1rody v Evrop\u011b.<\/p>\n<figure id=\"attachment_53959\" class=\"wp-caption aligncenter\" style=\"width: 738px;\"><a href=\"https:\/\/aeronet.news\/wp-content\/uploads\/EU-Parliament_Vote.jpg\"><img decoding=\"async\" loading=\"lazy\" class=\"wp-image-53959 \" src=\"https:\/\/aeronet.news\/wp-content\/uploads\/EU-Parliament_Vote-1024x614.jpg\" sizes=\"(max-width: 700px) 100vw, 700px\" srcset=\"https:\/\/aeronet.news\/wp-content\/uploads\/EU-Parliament_Vote-1024x614.jpg 1024w, https:\/\/aeronet.news\/wp-content\/uploads\/EU-Parliament_Vote-300x180.jpg 300w, https:\/\/aeronet.news\/wp-content\/uploads\/EU-Parliament_Vote-768x461.jpg 768w, https:\/\/aeronet.news\/wp-content\/uploads\/EU-Parliament_Vote-700x420.jpg 700w, https:\/\/aeronet.news\/wp-content\/uploads\/EU-Parliament_Vote-595x357.jpg 595w, https:\/\/aeronet.news\/wp-content\/uploads\/EU-Parliament_Vote-805x483.jpg 805w, https:\/\/aeronet.news\/wp-content\/uploads\/EU-Parliament_Vote.jpg 1280w\" alt=\"\" width=\"738\" height=\"443\" \/><\/a><figcaption class=\"wp-caption-text\">Evropsk\u00fd parlament<\/figcaption><\/figure>\n<p>Je jasn\u00e9, \u017ee tento \u00fakol se povede naplnit jen v p\u0159\u00edpad\u011b v\u00edt\u011bzstv\u00ed opozi\u010dn\u00edch stran v Evrop\u011b. Ov\u0161em i v takov\u00e9m p\u0159\u00edpad\u011b bude t\u011b\u017ek\u00e9 zm\u011bnit \u0159\u00edzen\u00ed Evropsk\u00e9 komise, kter\u00e1 je nevolen\u00fdm org\u00e1nem, kter\u00fd si obsazuj\u00ed vl\u00e1dy jednotliv\u00fdch zem\u00ed EU sv\u00fdmi prov\u011b\u0159en\u00fdmi k\u00e1dry.\u00a0<strong>Za \u010cesko bude podle koali\u010dn\u00ed smlouvy P\u011btikoalice \u010desk\u00e9ho eurokomisa\u0159e do Komise vyb\u00edrat Pir\u00e1tsk\u00e1 strana. Z principu podstaty vypl\u00fdv\u00e1, \u017ee jenom zm\u011bna EU parlamentu ke zm\u011bn\u011b politiky EU sta\u010dit nemus\u00ed.<\/strong>\u00a0Pokud EU bude po volb\u00e1ch pokra\u010dovat pod kontrolou euroliber\u00e1l\u016f, bude m\u00edt Evropa nakro\u010deno do konfliktu s Ruskem na ukrajinsk\u00e9m boji\u0161ti. Bez evropsk\u00fdch voj\u00e1k\u016f se vlastn\u011b Ukrajina u\u017e objektivn\u011b, vzhledem k vy\u010derp\u00e1n\u00ed mobiliza\u010dn\u00edch ro\u010dn\u00edk\u016f vhodn\u00e9ho v\u011bku, v\u016fbec neobejde.<\/p>\n<p><a href=\"https:\/\/aeronet.news\/viktor-orban-na-konferenci-natcon-v-bruselu-prohlasil-ze-ukrajina-je-protektorat-zapadu-a-rusko-nikdy-nedovoli-jeji-vstup-do-nato-volby-do-eu-parlamentu-rozhodnou-jestli-evropa-pujde-do-valky\/\">-VK- \u0160\u00e9fredaktor AE News<\/a><\/p>\n<p>&nbsp;<\/p>\n<p><a href=\"https:\/\/stranapro.cz\/\"><img decoding=\"async\" loading=\"lazy\" class=\"wp-image-40286 aligncenter\" src=\"http:\/\/www.infokuryr.cz\/n\/wp-content\/uploads\/2023\/11\/12pro-300x87.png\" alt=\"\" width=\"887\" height=\"257\" srcset=\"https:\/\/www.infokuryr.cz\/n\/wp-content\/uploads\/2023\/11\/12pro-300x87.png 300w, https:\/\/www.infokuryr.cz\/n\/wp-content\/uploads\/2023\/11\/12pro.png 366w\" sizes=\"(max-width: 887px) 100vw, 887px\" \/><\/a><\/p>\n<p>&nbsp;<\/p>\n<p>&nbsp;<\/p>\n","protected":false},"excerpt":{"rendered":"<p>Viktor Orb\u00e1n na konferenci NatCon v Bruselu prohl\u00e1sil, \u017ee Ukrajina je protektor\u00e1t Z\u00e1padu a Rusko&#8230;<\/p>\n","protected":false},"author":2,"featured_media":52532,"comment_status":"closed","ping_status":"closed","sticky":false,"template":"","format":"standard","meta":[],"categories":[6],"tags":[1042,439,598,26],"_links":{"self":[{"href":"https:\/\/www.infokuryr.cz\/n\/wp-json\/wp\/v2\/posts\/52531"}],"collection":[{"href":"https:\/\/www.infokuryr.cz\/n\/wp-json\/wp\/v2\/posts"}],"about":[{"href":"https:\/\/www.infokuryr.cz\/n\/wp-json\/wp\/v2\/types\/post"}],"author":[{"embeddable":true,"href":"https:\/\/www.infokuryr.cz\/n\/wp-json\/wp\/v2\/users\/2"}],"replies":[{"embeddable":true,"href":"https:\/\/www.infokuryr.cz\/n\/wp-json\/wp\/v2\/comments?post=52531"}],"version-history":[{"count":0,"href":"https:\/\/www.infokuryr.cz\/n\/wp-json\/wp\/v2\/posts\/52531\/revisions"}],"wp:featuredmedia":[{"embeddable":true,"href":"https:\/\/www.infokuryr.cz\/n\/wp-json\/wp\/v2\/media\/52532"}],"wp:attachment":[{"href":"https:\/\/www.infokuryr.cz\/n\/wp-json\/wp\/v2\/media?parent=52531"}],"wp:term":[{"taxonomy":"category","embeddable":true,"href":"https:\/\/www.infokuryr.cz\/n\/wp-json\/wp\/v2\/categories?post=52531"},{"taxonomy":"post_tag","embeddable":true,"href":"https:\/\/www.infokuryr.cz\/n\/wp-json\/wp\/v2\/tags?post=52531"}],"curies":[{"name":"wp","href":"https:\/\/api.w.org\/{rel}","templated":true}]}}