{"id":5253,"date":"2021-10-08T09:48:21","date_gmt":"2021-10-08T07:48:21","guid":{"rendered":"http:\/\/www.infokuryr.cz\/n\/?p=5253"},"modified":"2021-10-08T09:48:21","modified_gmt":"2021-10-08T07:48:21","slug":"polsky-ustavni-soud-shledal-dotirani-eu-nezakonnym","status":"publish","type":"post","link":"https:\/\/www.infokuryr.cz\/n\/2021\/10\/08\/polsky-ustavni-soud-shledal-dotirani-eu-nezakonnym\/","title":{"rendered":"Polsk\u00fd \u00dastavn\u00ed soud shledal dot\u00edr\u00e1n\u00ed EU nez\u00e1konn\u00fdm"},"content":{"rendered":"<div id=\"fb-root\"><\/div>\n<p>EU se z\u0159ejm\u011b provinila sv\u00fdmi neleg\u00e1ln\u00edmi pretencemi proti Polsku, a bude nam\u00edst\u011b od\u0161kodn\u011bn\u00ed. Polsk\u00fd \u00dastavn\u00ed soud shledal po\u017eadavky EU proti Polsku za hranou jej\u00edch kompetenc\u00ed, a tedy nez\u00e1konn\u00fdmi.<\/p>\n<p>Polsk\u00fd premi\u00e9r Mateusz Morawiecki z v\u00fdroku \u00dastavn\u00edho soudu resumoval: &#8222;M\u00e1me stejn\u00e1 pr\u00e1va jako jin\u00e9 zem\u011b a p\u0159ejeme si, aby byla respektov\u00e1na! Nejsme v EU nezvan\u00fdm hostem, a proto nesouhlas\u00edme, aby s n\u00e1mi bylo zach\u00e1zeno jako druhou kategori\u00ed. (<strong><em>Mamy takie same prawa jak inne pa\u0144stwa. Pragniemy, \u017ceby te prawa by\u0142y respektowane. Nie jeste\u015bmy w Unii Europejskiej nieproszonym go\u015bciem. I dlatego nie zgadzamy si\u0119, by traktowano nas jako kraj drugiej kategorii.<\/em><\/strong>) Chceme spole\u010denstv\u00ed vz\u00e1jemn\u00e9 \u00facty a ne klub rovn\u00fdch a rovn\u011bj\u0161\u00edch. Je to i na\u0161e spole\u010denstv\u00ed a na\u0161e Unie. Takovou Unii chceme a tokovou Unii budeme d\u00e1le vytv\u00e1\u0159et.&#8220;<\/p>\n<p><a href=\"https:\/\/www.eurabia.cz\/Articles\/55719-polsky-ustavni-soud-shledal-dotirani-eu-nezakonnym.aspx\">ZDROJ<\/a><\/p>\n<p>&nbsp;<\/p>\n","protected":false},"excerpt":{"rendered":"<p>EU se z\u0159ejm\u011b provinila sv\u00fdmi neleg\u00e1ln\u00edmi pretencemi proti Polsku, a bude nam\u00edst\u011b od\u0161kodn\u011bn\u00ed. Polsk\u00fd \u00dastavn\u00ed&#8230;<\/p>\n","protected":false},"author":2,"featured_media":4482,"comment_status":"closed","ping_status":"closed","sticky":false,"template":"","format":"standard","meta":[],"categories":[7],"tags":[41,31],"_links":{"self":[{"href":"https:\/\/www.infokuryr.cz\/n\/wp-json\/wp\/v2\/posts\/5253"}],"collection":[{"href":"https:\/\/www.infokuryr.cz\/n\/wp-json\/wp\/v2\/posts"}],"about":[{"href":"https:\/\/www.infokuryr.cz\/n\/wp-json\/wp\/v2\/types\/post"}],"author":[{"embeddable":true,"href":"https:\/\/www.infokuryr.cz\/n\/wp-json\/wp\/v2\/users\/2"}],"replies":[{"embeddable":true,"href":"https:\/\/www.infokuryr.cz\/n\/wp-json\/wp\/v2\/comments?post=5253"}],"version-history":[{"count":0,"href":"https:\/\/www.infokuryr.cz\/n\/wp-json\/wp\/v2\/posts\/5253\/revisions"}],"wp:featuredmedia":[{"embeddable":true,"href":"https:\/\/www.infokuryr.cz\/n\/wp-json\/wp\/v2\/media\/4482"}],"wp:attachment":[{"href":"https:\/\/www.infokuryr.cz\/n\/wp-json\/wp\/v2\/media?parent=5253"}],"wp:term":[{"taxonomy":"category","embeddable":true,"href":"https:\/\/www.infokuryr.cz\/n\/wp-json\/wp\/v2\/categories?post=5253"},{"taxonomy":"post_tag","embeddable":true,"href":"https:\/\/www.infokuryr.cz\/n\/wp-json\/wp\/v2\/tags?post=5253"}],"curies":[{"name":"wp","href":"https:\/\/api.w.org\/{rel}","templated":true}]}}