{"id":5252,"date":"2021-10-08T09:45:17","date_gmt":"2021-10-08T07:45:17","guid":{"rendered":"http:\/\/www.infokuryr.cz\/n\/?p=5252"},"modified":"2021-10-08T09:45:17","modified_gmt":"2021-10-08T07:45:17","slug":"mozna-odpoved-ruska-na-vyhosteni-diplomatu-z-nato","status":"publish","type":"post","link":"https:\/\/www.infokuryr.cz\/n\/2021\/10\/08\/mozna-odpoved-ruska-na-vyhosteni-diplomatu-z-nato\/","title":{"rendered":"Mo\u017en\u00e1 odpov\u011b\u010f Ruska na vyho\u0161t\u011bn\u00ed diplomat\u016f z NATO"},"content":{"rendered":"<div id=\"fb-root\"><\/div>\n<p><strong>Rusk\u00fd den\u00edk Kommersant s odkazem na zdroje p\u00ed\u0161e o tom, jak\u00e9 odvetn\u00e9 kroky m\u016f\u017ee p\u0159ijmout Moskva pot\u00e9, co Severoatlantick\u00e1 aliance vyhostila rusk\u00e9 diplomaty.<\/strong><\/p>\n<p>NATO d\u0159\u00edve informovalo o tom, \u017ee vyhost\u00ed osm pracovn\u00edk\u016f\u00a0zastupitelstv\u00ed Ruska\u00a0p\u0159i alianci, kte\u0159\u00ed maj\u00ed b\u00fdt \u201eneohl\u00e1\u0161en\u00fdmi pracovn\u00edky rusk\u00e9 rozv\u011bdky\u201c. Nav\u00edc celkov\u00fd po\u010det dostupn\u00fdch akreditac\u00ed byl pro Moskvu sn\u00ed\u017een na deset.<\/p>\n<p>Zdroje novin\u00a0tvrd\u00ed, \u017ee odvetn\u00e9 kroky proti NATO jsou nyn\u00ed schvalov\u00e1ny v mezirezortn\u00edm form\u00e1tu. Bylo v\u0161ak ji\u017e p\u0159ijato rozhodnut\u00ed, \u017ee se dotknou Vojensk\u00e9 sty\u010dn\u00e9 mise Severoatlantick\u00e9 aliance v Moskv\u011b, kter\u00e1 \u00fa\u0159aduje pod egidou belgick\u00e9ho velvyslanectv\u00ed.<\/p>\n<p>Den\u00edk zd\u016fraz\u0148uje, \u017ee vojensk\u00e1 spolupr\u00e1ce mezi\u00a0<strong>Ruskem a NATO<\/strong>\u00a0byla zmrazena na z\u00e1klad\u011b rozhodnut\u00ed aliance\u00a0po znovusjednocen\u00ed Ruska s Krymem. Nav\u00edc zased\u00e1n\u00ed Rady Rusko \u2013 NATO neprob\u00edhaj\u00ed ji\u017e p\u0159es dva roky. Proto v misi, kter\u00e1 m\u00e1 zaji\u0161\u0165ovat zejm\u00e9na tyto ot\u00e1zky,\u00a0<em>\u201eje mo\u017en\u00e9 nechat klidn\u011b jednoho \u010dlov\u011bka, bude to sta\u010dit\u201c<\/em>, ozn\u00e1mil jeden ze zdroj\u016f rusk\u00fdch novin.<\/p>\n<p>Zdroje den\u00edku tak\u00e9 nevylou\u010dili, \u017ee i\u00a0samotn\u00e9 Rusko\u00a0se pust\u00ed do uzav\u0159en\u00ed sv\u00e9 mise p\u0159i NATO.<\/p>\n<p>\u201ePokud se aliance nevzpamatuje, klidn\u011b to m\u016f\u017ee doj\u00edt do uzav\u0159en\u00ed na\u0161eho zastupitelstv\u00ed,\u201c uvedl jeden ze zdroj\u016f.<\/p>\n<p>Krom\u011b toho zdroje nedok\u00e1zali odpov\u011bd\u011bt na ot\u00e1zku, jestli se odvetn\u00e1 opat\u0159en\u00ed n\u011bjak dotknout Informa\u010dn\u00edho byra NATO\u00a0v Moskv\u011b.<\/p>\n<p><strong>Rusko &#8211; NATO<\/strong><\/p>\n<p>V NATO\u00a06. \u0159\u00edjna p\u0159ijali rozhodnut\u00ed o zru\u0161en\u00ed akreditace osmi zam\u011bstnanc\u016f zastupitelstv\u00ed RF p\u0159i organizaci. Po\u010det akreditac\u00ed pro rusk\u00e9 diplomaty p\u0159i Severoatlantick\u00e9 alianci \u010din\u00ed dnes tedy 10.<\/p>\n<p>5.\u0159\u00edjna gener\u00e1ln\u00ed tajemn\u00edk aliance Jens Stoltenberg prohl\u00e1sil, \u017ee zem\u011b NATO maj\u00ed udr\u017eovat vztahy s Ruskem, aby nedo\u0161lo k nov\u00e9 studen\u00e9 v\u00e1lce nebo z\u00e1vod\u016fm ve zbrojen\u00ed. Z\u00e1rove\u0148 poznamenal, \u017ee se vztahy mezi NATO a Ruskem nach\u00e1zej\u00ed na nejni\u017e\u0161\u00edm bodu od dob studen\u00e9 v\u00e1lky.<\/p>\n<p>Den p\u0159edt\u00edm p\u0159edseda zahrani\u010dn\u00edho v\u00fdboru Rady federace Grigorij Karasin sd\u011blil, \u017ee Stoltenberg navrhl na jedn\u00e1n\u00edch s rusk\u00fdm ministrem zahrani\u010d\u00ed Sergejem Lavrovem v pr\u016fb\u011bhu zased\u00e1n\u00ed Valn\u00e9ho shrom\u00e1\u017ed\u011bn\u00ed\u00a0OSN v New Yorku\u00a0obnoven\u00ed form\u00e1tu Rusko-NATO. Lavrov ze sv\u00e9 strany navrhl dosa\u017een\u00ed dohod o konkr\u00e9tn\u00edch ot\u00e1zk\u00e1ch, aby v\u0161echno zase neskon\u010dilo bezv\u00fdsledn\u00fdmi \u0159e\u010dmi.<\/p>\n<p><a href=\"https:\/\/cz.sputniknews.com\/20211008\/mozna-odpoved-ruska-na-vyhosteni-diplomatu-z-nato-uzavre-sve-zastupitelstvi-16093964.html\">ZDROJ<\/a><\/p>\n<p>&nbsp;<\/p>\n<p>&nbsp;<\/p>\n<p>&nbsp;<\/p>\n","protected":false},"excerpt":{"rendered":"<p>Rusk\u00fd den\u00edk Kommersant s odkazem na zdroje p\u00ed\u0161e o tom, jak\u00e9 odvetn\u00e9 kroky m\u016f\u017ee p\u0159ijmout&#8230;<\/p>\n","protected":false},"author":2,"featured_media":507,"comment_status":"closed","ping_status":"closed","sticky":false,"template":"","format":"standard","meta":[],"categories":[7],"tags":[39,22],"_links":{"self":[{"href":"https:\/\/www.infokuryr.cz\/n\/wp-json\/wp\/v2\/posts\/5252"}],"collection":[{"href":"https:\/\/www.infokuryr.cz\/n\/wp-json\/wp\/v2\/posts"}],"about":[{"href":"https:\/\/www.infokuryr.cz\/n\/wp-json\/wp\/v2\/types\/post"}],"author":[{"embeddable":true,"href":"https:\/\/www.infokuryr.cz\/n\/wp-json\/wp\/v2\/users\/2"}],"replies":[{"embeddable":true,"href":"https:\/\/www.infokuryr.cz\/n\/wp-json\/wp\/v2\/comments?post=5252"}],"version-history":[{"count":0,"href":"https:\/\/www.infokuryr.cz\/n\/wp-json\/wp\/v2\/posts\/5252\/revisions"}],"wp:featuredmedia":[{"embeddable":true,"href":"https:\/\/www.infokuryr.cz\/n\/wp-json\/wp\/v2\/media\/507"}],"wp:attachment":[{"href":"https:\/\/www.infokuryr.cz\/n\/wp-json\/wp\/v2\/media?parent=5252"}],"wp:term":[{"taxonomy":"category","embeddable":true,"href":"https:\/\/www.infokuryr.cz\/n\/wp-json\/wp\/v2\/categories?post=5252"},{"taxonomy":"post_tag","embeddable":true,"href":"https:\/\/www.infokuryr.cz\/n\/wp-json\/wp\/v2\/tags?post=5252"}],"curies":[{"name":"wp","href":"https:\/\/api.w.org\/{rel}","templated":true}]}}