{"id":52433,"date":"2024-04-26T00:34:08","date_gmt":"2024-04-25T22:34:08","guid":{"rendered":"https:\/\/www.infokuryr.cz\/n\/?p=52433"},"modified":"2024-04-25T18:22:11","modified_gmt":"2024-04-25T16:22:11","slug":"pavel-bem-20-let-po-povodnich-nejsou-hotova-opatreni-jak-to-ze-se-vsechny-stavby-tak-vlecou","status":"publish","type":"post","link":"https:\/\/www.infokuryr.cz\/n\/2024\/04\/26\/pavel-bem-20-let-po-povodnich-nejsou-hotova-opatreni-jak-to-ze-se-vsechny-stavby-tak-vlecou\/","title":{"rendered":"Pavel B\u00e9m: 20 let po povodn\u00edch nejsou hotov\u00e1 opat\u0159en\u00ed. Jak to, \u017ee se v\u0161echny stavby tak vle\u010dou?"},"content":{"rendered":"<div id=\"fb-root\"><\/div>\n<p><strong>Jak to, \u017ee ani 20 let po povodn\u00edch nejsou kompletn\u011b hotov\u00e1 protipovod\u0148ov\u00e1 opat\u0159en\u00ed? Jak se Pavlovi poda\u0159ilo tak rychle postavit tunel Blanka nebo pra\u017esk\u00fd okruh, kdy\u017e se dnes podobn\u00e9 projekty vle\u010dou des\u00edtky let bez nejmen\u0161\u00edho pokroku?<\/strong><\/p>\n<p>O tom a dal\u0161\u00edch t\u00e9matech jsme se bavili v nov\u00e9m podcastu, kde v\u00e1m budu pr\u016fb\u011b\u017en\u011b p\u0159edstavovat zaj\u00edmav\u00e9 hosty a osobnosti. Budu moc r\u00e1d, kdy\u017e si dne\u0161n\u00ed d\u00edl pust\u00edte a nap\u00ed\u0161ete n\u00e1m v\u00e1\u0161 n\u00e1zor nebo post\u0159eh do koment\u00e1\u0159\u016f. Pros\u00edm tak\u00e9 o sd\u00edlen\u00ed. P\u0159edem moc d\u011bkuji!<\/p>\n<p>Pavel B\u00e9m je b\u00fdval\u00fd prim\u00e1tor hlavn\u00edho m\u011bsta Prahy (2002-2010), politik, ale i psychiatr a nad\u0161en\u00fd horolezec.<\/p>\n<p><iframe loading=\"lazy\" title=\"Pavel B\u00e9m: 20 let po povodn\u00edch nejsou hotov\u00e1 opat\u0159en\u00ed. Jak to, \u017ee se v\u0161echny stavby tak vle\u010dou?\" width=\"640\" height=\"360\" src=\"https:\/\/www.youtube.com\/embed\/sHRlpG-SfvA?feature=oembed\" frameborder=\"0\" allow=\"accelerometer; autoplay; clipboard-write; encrypted-media; gyroscope; picture-in-picture; web-share\" referrerpolicy=\"strict-origin-when-cross-origin\" allowfullscreen><\/iframe><\/p>\n<p><span style=\"font-size: 14pt;\"><strong>Ing. Ond\u0159ej Prokop, p\u0159edseda hnut\u00ed ANO v Praze<\/strong><\/span><\/p>\n<p>&nbsp;<\/p>\n<p><a href=\"https:\/\/stranapro.cz\/\"><img decoding=\"async\" loading=\"lazy\" class=\"wp-image-40286 aligncenter\" src=\"http:\/\/www.infokuryr.cz\/n\/wp-content\/uploads\/2023\/11\/12pro-300x87.png\" alt=\"\" width=\"890\" height=\"258\" srcset=\"https:\/\/www.infokuryr.cz\/n\/wp-content\/uploads\/2023\/11\/12pro-300x87.png 300w, https:\/\/www.infokuryr.cz\/n\/wp-content\/uploads\/2023\/11\/12pro.png 366w\" sizes=\"(max-width: 890px) 100vw, 890px\" \/><\/a><\/p>\n<p>&nbsp;<\/p>\n<p>&nbsp;<\/p>\n","protected":false},"excerpt":{"rendered":"<p>Jak to, \u017ee ani 20 let po povodn\u00edch nejsou kompletn\u011b hotov\u00e1 protipovod\u0148ov\u00e1 opat\u0159en\u00ed? Jak se&#8230;<\/p>\n","protected":false},"author":2,"featured_media":47151,"comment_status":"closed","ping_status":"closed","sticky":false,"template":"","format":"standard","meta":[],"categories":[6],"tags":[1503,6313,7199,889],"_links":{"self":[{"href":"https:\/\/www.infokuryr.cz\/n\/wp-json\/wp\/v2\/posts\/52433"}],"collection":[{"href":"https:\/\/www.infokuryr.cz\/n\/wp-json\/wp\/v2\/posts"}],"about":[{"href":"https:\/\/www.infokuryr.cz\/n\/wp-json\/wp\/v2\/types\/post"}],"author":[{"embeddable":true,"href":"https:\/\/www.infokuryr.cz\/n\/wp-json\/wp\/v2\/users\/2"}],"replies":[{"embeddable":true,"href":"https:\/\/www.infokuryr.cz\/n\/wp-json\/wp\/v2\/comments?post=52433"}],"version-history":[{"count":0,"href":"https:\/\/www.infokuryr.cz\/n\/wp-json\/wp\/v2\/posts\/52433\/revisions"}],"wp:featuredmedia":[{"embeddable":true,"href":"https:\/\/www.infokuryr.cz\/n\/wp-json\/wp\/v2\/media\/47151"}],"wp:attachment":[{"href":"https:\/\/www.infokuryr.cz\/n\/wp-json\/wp\/v2\/media?parent=52433"}],"wp:term":[{"taxonomy":"category","embeddable":true,"href":"https:\/\/www.infokuryr.cz\/n\/wp-json\/wp\/v2\/categories?post=52433"},{"taxonomy":"post_tag","embeddable":true,"href":"https:\/\/www.infokuryr.cz\/n\/wp-json\/wp\/v2\/tags?post=52433"}],"curies":[{"name":"wp","href":"https:\/\/api.w.org\/{rel}","templated":true}]}}