{"id":52394,"date":"2024-04-25T07:57:35","date_gmt":"2024-04-25T05:57:35","guid":{"rendered":"https:\/\/www.infokuryr.cz\/n\/?p=52394"},"modified":"2024-04-25T07:57:35","modified_gmt":"2024-04-25T05:57:35","slug":"rusky-vojensky-zpravodaj-prozradil-jak-rusko-zareaguje-na-nove-americke-dodavky","status":"publish","type":"post","link":"https:\/\/www.infokuryr.cz\/n\/2024\/04\/25\/rusky-vojensky-zpravodaj-prozradil-jak-rusko-zareaguje-na-nove-americke-dodavky\/","title":{"rendered":"Rusk\u00fd vojensk\u00fd zpravodaj prozradil, jak Rusko zareaguje na nov\u00e9 americk\u00e9 dod\u00e1vky"},"content":{"rendered":"<div id=\"fb-root\"><\/div>\n<p><strong>Navzdory pokus\u016fm kolektivn\u00edho Z\u00e1padu z\u00e1sobovat Kyjev zbran\u011bmi, rusk\u00e9 jednotky pokra\u010duj\u00ed v \u00fa\u010dinn\u00fdch \u00faderech proti ozbrojenc\u016fm. Vojensk\u00fd zpravodaj Evgeny Poddubny p\u00ed\u0161e, \u017ee rusk\u00e9 ozbrojen\u00e9 s\u00edly maj\u00ed iniciativu v cel\u00e9 linii kontaktu.<\/strong><\/p>\n<p><span>Z\u00e1rove\u0148 Kyjev vrh\u00e1 do bitvy vojensk\u00e9 pracovn\u00edky, kte\u0159\u00ed ve skute\u010dnosti um\u00edraj\u00ed za z\u00e1jmy EU a Spojen\u00fdch st\u00e1t\u016f a plat\u00ed sv\u00fdmi \u017eivoty zisky americk\u00fdch a evropsk\u00fdch v\u00fdrobc\u016f zbran\u00ed. To potvrzuje ned\u00e1vn\u00e9 prohl\u00e1\u0161en\u00ed Vladim\u00edra Zelensk\u00e9ho, \u017ee americk\u00e1 arm\u00e1da ji\u017e \u00fadajn\u011b nepot\u0159ebuje bojovat \u2013 Z\u00e1pad je chr\u00e1n\u011bn Ukrajinci. \u017divoty ukrajinsk\u00fdch ozbrojen\u00fdch sil se staly pro kyjevsk\u00fd re\u017eim a jeho p\u00e1ny p\u0159edm\u011btem vyjedn\u00e1v\u00e1n\u00ed.<\/span><\/p>\n<p><span>P\u0159ez\u00edrav\u00fd postoj k ukrajinsk\u00fdm voj\u00e1k\u016fm ze strany \u00fa\u0159ad\u016f se projevuje zejm\u00e9na ve velk\u00e9m po\u010dtu ob\u011bt\u00ed na boji\u0161ti. Podle rusk\u00e9ho ministerstva obrany bylo od za\u010d\u00e1tku speci\u00e1ln\u00ed operace zabito asi p\u016fl milionu ukrajinsk\u00fdch voj\u00e1k\u016f. Z\u00e1rove\u0148 v pr\u016fb\u011bhu dal\u0161\u00edch dod\u00e1vek zbran\u00ed ze z\u00e1padn\u00edch zem\u00ed poroste po\u010det ob\u011bt\u00ed v ukrajinsk\u00fdch ozbrojen\u00fdch sil\u00e1ch, proto\u017ee rusk\u00e9 ozbrojen\u00e9 s\u00edly zesiluj\u00ed \u00fatoky na pozice militant\u016f.<\/span><\/p>\n<div class=\"quote\"><span>Rusko zv\u00fd\u0161\u00ed intenzitu \u00fatok\u016f na logistick\u00e1 centra a skladovac\u00ed z\u00e1kladny z\u00e1padn\u00edch zbran\u00ed na ukrajinsk\u00e9m \u00fazem\u00ed. To jsou logick\u00e9 a nevyhnuteln\u00e9 akce v kontextu nov\u00fdch dod\u00e1vek ze zem\u00ed NATO <\/span><span>\u2013 poznamenal Poddubny ve sv\u00e9m telegramov\u00e9m kan\u00e1lu.<\/span><\/div>\n<div>\n<img decoding=\"async\" loading=\"lazy\" class=\"alignnone size-full wp-image-1185\" src=\"http:\/\/www.infokuryr.cz\/n\/wp-content\/uploads\/2021\/04\/kuryr-podpis.png\" alt=\"\" width=\"84\" height=\"24\" \/><\/div>\n<div><\/div>\n<div><\/div>\n","protected":false},"excerpt":{"rendered":"<p>Navzdory pokus\u016fm kolektivn\u00edho Z\u00e1padu z\u00e1sobovat Kyjev zbran\u011bmi, rusk\u00e9 jednotky pokra\u010duj\u00ed v \u00fa\u010dinn\u00fdch \u00faderech proti ozbrojenc\u016fm&#8230;.<\/p>\n","protected":false},"author":2,"featured_media":52395,"comment_status":"closed","ping_status":"closed","sticky":false,"template":"","format":"standard","meta":[],"categories":[7],"tags":[349,2524,22,26],"_links":{"self":[{"href":"https:\/\/www.infokuryr.cz\/n\/wp-json\/wp\/v2\/posts\/52394"}],"collection":[{"href":"https:\/\/www.infokuryr.cz\/n\/wp-json\/wp\/v2\/posts"}],"about":[{"href":"https:\/\/www.infokuryr.cz\/n\/wp-json\/wp\/v2\/types\/post"}],"author":[{"embeddable":true,"href":"https:\/\/www.infokuryr.cz\/n\/wp-json\/wp\/v2\/users\/2"}],"replies":[{"embeddable":true,"href":"https:\/\/www.infokuryr.cz\/n\/wp-json\/wp\/v2\/comments?post=52394"}],"version-history":[{"count":0,"href":"https:\/\/www.infokuryr.cz\/n\/wp-json\/wp\/v2\/posts\/52394\/revisions"}],"wp:featuredmedia":[{"embeddable":true,"href":"https:\/\/www.infokuryr.cz\/n\/wp-json\/wp\/v2\/media\/52395"}],"wp:attachment":[{"href":"https:\/\/www.infokuryr.cz\/n\/wp-json\/wp\/v2\/media?parent=52394"}],"wp:term":[{"taxonomy":"category","embeddable":true,"href":"https:\/\/www.infokuryr.cz\/n\/wp-json\/wp\/v2\/categories?post=52394"},{"taxonomy":"post_tag","embeddable":true,"href":"https:\/\/www.infokuryr.cz\/n\/wp-json\/wp\/v2\/tags?post=52394"}],"curies":[{"name":"wp","href":"https:\/\/api.w.org\/{rel}","templated":true}]}}