{"id":52384,"date":"2024-04-25T06:42:17","date_gmt":"2024-04-25T04:42:17","guid":{"rendered":"https:\/\/www.infokuryr.cz\/n\/?p=52384"},"modified":"2024-04-25T06:42:17","modified_gmt":"2024-04-25T04:42:17","slug":"michael-svatos-cesi-a-slovaci-plati-kyjevu-na-valku-nekolikanasobne-vic-nez-americane-a-italove","status":"publish","type":"post","link":"https:\/\/www.infokuryr.cz\/n\/2024\/04\/25\/michael-svatos-cesi-a-slovaci-plati-kyjevu-na-valku-nekolikanasobne-vic-nez-americane-a-italove\/","title":{"rendered":"Michael Svato\u0161: \u010ce\u0161i a Slov\u00e1ci plat\u00ed Kyjevu na v\u00e1lku n\u011bkolikan\u00e1sobn\u011b v\u00edc ne\u017e Ameri\u010dan\u00e9 a Italov\u00e9!"},"content":{"rendered":"<div id=\"fb-root\"><\/div>\n<p><span style=\"color: #993366; font-size: 14pt;\"><strong>\u010ce\u0161i a Slov\u00e1ci plat\u00ed Kyjevu na v\u00e1lku n\u011bkolikan\u00e1sobn\u011b v\u00edc ne\u017e Ameri\u010dan\u00e9 a Italov\u00e9! Italov\u00e9 m\u00edsto toho dramaticky zvy\u0161uj\u00ed st\u00e1tn\u00ed v\u00fddaje na zdravotnictv\u00ed i po\u010dty student\u016f medic\u00edny! Neuv\u011b\u0159iteln\u00e1 \u010d\u00edsla ukazuj\u00ed jak\u00e9 s pomoc\u00ed Fialy d\u011blaj\u00ed z \u010cech\u016f a Slov\u00e1k\u016f hlup\u00e1ky! A Fiala p\u0159itom chce v\u00fddaje na zdravotnictv\u00ed sni\u017eovat!!<\/strong><\/span><\/p>\n<p>Dne\u0161n\u00ed anal\u00fdza je dlouh\u00e1, u\u017e jsem v pohod\u011b. Nejd\u016fle\u017eit\u011bj\u0161\u00ed \u010d\u00edsla jsou na jej\u00edm konci. Zat\u00edmco Italov\u00e9 zvy\u0161uj\u00ed st\u00e1tn\u00ed v\u00fddaje za zdravotnictv\u00ed, aby bylo dost l\u00e9ka\u0159\u016f v chud\u00fdch italsk\u00fdch regionech, Fiala to vid\u00ed obr\u00e1cen\u011b, a aby m\u011bl na v\u00e1lku na Ukrajin\u011b, ni\u010d\u00ed zdravotnictv\u00ed v chud\u00fdch regionech \u010cR!<\/p>\n<p>Ukrajinsk\u00fd ministr zahrani\u010d\u00ed Dmytro Kuleba v posledn\u00edch m\u011bs\u00edc\u00edch p\u0159estal sv\u011bt balamutit,\u00a0<a href=\"https:\/\/censor.net\/en\/news\/3486147\/new_us_military_aid_for_ukraine_is_not_enough_to_defeat_russia_kuleba\">a v\u010dera dokonce p\u0159iznal<\/a>, \u017ee US-pomoc Ukrajin\u011b na por\u00e1\u017eku Ruska sta\u010dit nebude. Z\u00e1pad je podle Kuleby absolutn\u011b neschopn\u00fd zv\u00fd\u0161it v\u00fdrobu zbran\u00ed.\u00a0<em>Zat\u00edmco Putin za posledn\u00ed dva roky uk\u00e1zal cel\u00e9mu sv\u011btu, jak snadno um\u00ed Rusko zbrojn\u00ed produkci rozto\u010dit do obrovsk\u00fdch obr\u00e1tek. Kdy\u017e vid\u00edm, \u010deho dos\u00e1hlo Rusko p\u0159i budov\u00e1n\u00ed sv\u00e9 obrann\u00e9 pr\u016fmyslov\u00e9 z\u00e1kladny za dva roky v\u00e1lky, a \u010deho dos\u00e1hl Z\u00e1pad, mysl\u00edm, \u017ee na stran\u011b Z\u00e1padu je n\u011bco \u0161patn\u011b. Z\u00e1pad si mus\u00ed uv\u011bdomit, \u017ee s \u00e9rou m\u00edru v Evrop\u011b je konec. Rusko dnes vyr\u00e1b\u00ed 10 kr\u00e1t v\u00edce \u00fadern\u00fdch raket, ne\u017e je cel\u00e9 protivzdu\u0161n\u00e1 kapacita Ukrajiny.<\/em>\u00a0<a href=\"https:\/\/www.theguardian.com\/world\/2024\/apr\/24\/west-defence-era-of-peace-in-europe-over-ukraine-dmytro-kuleba\">\u0158ekl v\u010dera Kuleba<\/a>, a do\u017eadoval se vytvo\u0159en\u00ed jednotn\u00e9 protirusk\u00e9 fronty cel\u00e9ho Z\u00e1padu, kter\u00e1 jedin\u00e1 m\u016f\u017ee Putina porazit.<\/p>\n<p>Kuleba v\u010dera lhostejn\u00fdm hlasem p\u0159iznal v\u0161em obyvatel\u016fm Z\u00e1padu: \u017de\u00a0<a href=\"https:\/\/www.theguardian.com\/us-news\/2024\/apr\/24\/biden-signs-foreign-aid-ukraine-israel\">61 miliard USD od Washingtonu<\/a>.\u00a0 \u017de\u00a0<a href=\"https:\/\/eu-solidarity-ukraine.ec.europa.eu\/index_en\">18 miliard EUR od Bruselu<\/a>. \u017de\u00a0<a href=\"https:\/\/www.imf.org\/en\/News\/Articles\/2023\/12\/11\/pr23433-ukraine-2023-article-iv-consultation-and-the-second-review-under-the-eff-arrangement\">16 miliard USD od washingtonsk\u00e9ho MMF<\/a>.\u00a0 \u017de dal\u0161\u00ed a dal\u0161\u00ed des\u00edtky miliard EUR, GBP, USD, a dal\u0161\u00edch valut ze zem\u00ed cel\u00e9ho Z\u00e1padu, Kyjevu letos na por\u00e1\u017eku Moskvy sta\u010dit nebudou. Suma, za kterou Kyjev vede v\u00e1lku s Ruskem, a prohr\u00e1vaj\u00ed ji, dosahuje astronomick\u00fdch 200 miliard USD ro\u010dn\u011b. A v\u0161echny ty pen\u00edze mus\u00ed zem\u011b Z\u00e1padu vyt\u00e1hnout z pen\u011b\u017eenek sv\u00fdch ob\u010dan\u016f. A p\u0159esto to na na por\u00e1\u017eku Ruska sta\u010dit nebude, jak p\u0159iznal Kuleba.\u00a0Vznik\u00e1 tak ot\u00e1zka, m\u016f\u017ee si Z\u00e1pad v\u016fbec dovolit tyto stovky miliard zbyte\u010dn\u011b vyhazovat, kdy\u017e Kyjev v\u00e1lku stejn\u011b prohr\u00e1v\u00e1?<\/p>\n<p>V\u0161ichni z\u00e1padn\u00ed globalist\u00e9 loni z \u010cR a jej\u00edch ob\u010dan\u016f\u00a0<a href=\"https:\/\/finex.cz\/loupez-za-bileho-dne-zahranicni-firmy-odvedly-z-cr-na-dividendach-pres-300-miliard-korun\/\">vy\u017ed\u00edmali na dividend\u00e1ch 300 miliard CZK<\/a>, co\u017e \u010din\u00ed jen cel\u00fdch 12.7 miliardy USD, neboli 6,7% v\u00fddaj\u016f Z\u00e1padu na ukrajinskou v\u00e1lku.\u00a0<a href=\"https:\/\/www.mpsv.cz\/documents\/20142\/4895582\/Informace+o+vyplacen%C3%BDch+d%C3%A1vk%C3%A1ch+v+listopadu+2023.pdf\/ab54747d-ba35-7b26-9e41-d06198bdc0d7\">Ale z\u00e1rove\u0148 p\u0159edstavuje 45% v\u0161ech v \u010cR vyplacen\u00fdch d\u016fchod\u016f za rok 2023<\/a>! Krom\u011b t\u011bchto, \u010dasto v \u010cR nezdan\u011bn\u00fdch dividend, kter\u00e9 odt\u00e9kaj\u00ed p\u0159es nejr\u016fzn\u011bj\u0161\u00ed da\u0148ov\u00e9 r\u00e1je,<a href=\"https:\/\/finex.cz\/loupez-za-bileho-dne-zahranicni-firmy-odvedly-z-cr-na-dividendach-pres-300-miliard-korun\/\">\u00a0z \u010cR zmizely i dal\u0161\u00ed des\u00edtky a\u017e stovky miliard pomoc\u00ed nejr\u016fzn\u011bj\u0161\u00edch da\u0148ov\u00fdch optimalizac\u00ed<\/a>, typicky mezi zahrani\u010dn\u00ed mate\u0159skou firmou a jej\u00ed levnou \u010deskou montovnou. \u0158\u00edk\u00e1 se tomu loupe\u017e za b\u00edl\u00e9ho dne, a Fiala j\u00ed jen ne\u010dinn\u011b p\u0159ihl\u00ed\u017e\u00ed, a hlasit\u011b h\u00fdk\u00e1, \u017ee je t\u0159eba zvy\u0161ovat v\u00e1le\u010dn\u00e9 v\u00fddaje a pos\u00edlat dal\u0161\u00ed miliardy na Ukrajinu.<\/p>\n<p>Loni nastal d\u011bsiv\u00fd paradox.\u00a0<a href=\"https:\/\/www.novinky.cz\/clanek\/ekonomika-musim-si-odpoustet-hodne-veci-inflace-konecne-opadla-ale-cesi-rekordne-zchudli-40460910\">\u010ce\u0161i rekordn\u011b zchudli<\/a>, ale z\u00e1padn\u00ed spole\u010dnosti podnikaj\u00edc\u00ed v \u010cR rekordn\u011b zbohatly! Podle renomovan\u00e9 zpr\u00e1vy britsk\u00e9\u00a0<a href=\"https:\/\/en.wikipedia.org\/wiki\/Janus_Henderson\">skupiny Janus Henderson<\/a>,\u00a0 na lo\u0148sk\u00e9m rekordn\u00edm toku dividend\u00a0<a href=\"https:\/\/www.janushenderson.com\/corporate\/press-releases\/global-dividends-rose-to-a-new-high-in-2023-with-resurgent-banks-contributing-half-of-global-growth\/\">zbohatly hlavn\u011b tyto zem\u011b US,\u00a0Francie, N\u011bmecko, It\u00e1lie a Kanada<\/a>. I ob\u010dan\u00e9 \u010cR tak p\u0159isp\u011bli ke zbohatnut\u00ed Francie, proto\u017ee francouzsk\u00e1 zpr\u00e1va oslavuje spole\u010dnosti z\u00a0<a href=\"https:\/\/fr.wikipedia.org\/wiki\/CAC_40\">burzovn\u00edho indexu CAC-40<\/a>, kter\u00e9 Francii vyd\u011blaly 145 miliard EUR, a\u00a0<a href=\"https:\/\/www.latribune.fr\/economie\/international\/en-france-et-dans-le-monde-les-dividendes-verses-aux-actionnaires-n-ont-jamais-ete-aussi-eleves-992781.html\">kter\u00e9 nikdy nevyd\u011blaly v\u00edce<\/a>.\u00a0Sou\u010d\u00e1st\u00ed indexu CAC-40 je i v \u010cR nechvaln\u011b zn\u00e1m\u00e1\u00a0<a href=\"https:\/\/fr.wikipedia.org\/wiki\/Veolia\">Veolia<\/a>. Kde jsou \u010dasy,\u00a0<a href=\"https:\/\/archiv.hn.cz\/c1-66177760-voda-patri-obcim-premier-babis-planuje-pujcky-na-odkup-vodaren-souhlasi-s-nim-i-opozice\">kdy\u017e Babi\u0161 pl\u00e1noval<\/a>, \u017ee\u00a0<a href=\"https:\/\/www.e15.cz\/domaci\/nevyhodnych-vodovodnich-smluv-se-nezbavime-tvrdi-prazska-radni-plaminkova-1238742\">nev\u00fdhodn\u00e9 smlouvy<\/a>, kter\u00fdmi Veolia plundrovala \u010desk\u00e9 vod\u00e1rny, vykoup\u00ed, a voda bude zase pat\u0159it do \u010desk\u00fdch rukou.<\/p>\n<h3><span style=\"font-size: 18pt;\">Prvn\u00ed z\u00e1v\u011br dne\u0161n\u00ed anal\u00fdzy: \u010ce\u0161i plat\u00ed za v\u00e1lku na Ukrajin\u011b dvakr\u00e1t, jednou Kyjevu, podruh\u00e9 Z\u00e1padu! A proto rekordn\u011b chudnou! Z\u00e1pad p\u0159itom plat\u00ed Kyjevu m\u00ed\u0148 ne\u017e \u010ce\u0161i!<\/span><\/h3>\n<p>Pod\u00edv\u00e1me-li se na USA, Brit\u00e1nii, Kanadu, Francii a It\u00e1lii, kter\u00e9 na vys\u00e1v\u00e1n\u00ed dividend z \u010cR, SR a z cel\u00e9ho sv\u011bta nejv\u00edc zbohatly, kolik plat\u00ed Kyjevu na jeho v\u00e1lku s Putinem ve srovn\u00e1n\u00ed s \u010cR a Slovenskem, proto\u010d\u00ed se n\u00e1m vzteky panenky. (<a href=\"https:\/\/www.ifw-kiel.de\/topics\/war-against-ukraine\/ukraine-support-tracker\/\">\u00dadaje jsou za roky 2022 a\u017e 2024, podle renomovan\u00e9ho Kielsk\u00e9ho institutu<\/a>.)<\/p>\n<ul>\n<li>USA\u00a0 \u00a0 \u00a0 \u00a0 \u00a0 \u00a0 \u00a0 \u00a0 \u00a0 \u00a0 \u00a0 \u00a0 \u00a0 pod\u00edl v\u00fddaj\u016f na HDP\u00a0 =\u00a0 0.32%<\/li>\n<li>Kanada\u00a0 \u00a0 \u00a0 \u00a0 \u00a0 \u00a0 \u00a0 \u00a0 \u00a0 \u00a0 pod\u00edl v\u00fddaj\u016f na HDP\u00a0 =\u00a0 0.32%<\/li>\n<li>Velk\u00e1 Brit\u00e1nie\u00a0 \u00a0 \u00a0 \u00a0 pod\u00edl v\u00fddaj\u016f na HDP\u00a0 =\u00a0 0.5%<\/li>\n<li>Francie\u00a0 \u00a0 \u00a0 \u00a0 \u00a0 \u00a0 \u00a0 \u00a0 \u00a0 \u00a0 pod\u00edl v\u00fddaj\u016f na HDP\u00a0 =\u00a0 0.67%<\/li>\n<li>It\u00e1lie\u00a0 \u00a0 \u00a0 \u00a0 \u00a0 \u00a0 \u00a0 \u00a0 \u00a0 \u00a0 \u00a0 \u00a0 pod\u00edl v\u00fddaj\u016f na HDP\u00a0 =\u00a0 0.67%<\/li>\n<li>\u010cesk\u00e1 republika\u00a0 \u00a0 pod\u00edl v\u00fddaj\u016f na HDP\u00a0 =\u00a0 1.05%<\/li>\n<li>Slovensko\u00a0 \u00a0 \u00a0 \u00a0 \u00a0 \u00a0 \u00a0 \u00a0pod\u00edl v\u00fddaj\u016f na HDP\u00a0 =\u00a0 1.44%<\/li>\n<\/ul>\n<p>Dvoj\u00ed platby \u010cR jsou naprosto d\u011bsiv\u00e9: 1.05% \u010desk\u00e9ho HDP vyplacen\u00e9ho Ukrajin\u011b p\u0159edstavuje<a href=\"https:\/\/www.mfcr.cz\/cs\/rozpoctova-politika\/makroekonomika\/makroekonomicka-predikce\/2024\/makroekonomicka-predikce-leden-2024-54583\">\u00a0podle \u00fadaj\u016f samotn\u00e9ho Fialova finan\u010dn\u00edho \u0161arlat\u00e1na Stanjury<\/a>\u00a0sumu 77.2 miliardy CZK. 300 miliard CZK vyplacen\u00fdch z\u00e1padn\u00edm konglomer\u00e1t\u016fm podnikaj\u00edc\u00edm v \u010cR p\u0159edstavuje podle Stanjury 4.1% \u010desk\u00e9ho HDP. Celkov\u011b tak 5.15% \u010desk\u00e9ho HDP odt\u00e9k\u00e1 do zahrani\u010d\u00ed! A jak vid\u00edte v tabulce naho\u0159e, \u010cR ze kter\u00e9 dividendy odt\u00e9kaj\u00ed na Z\u00e1pad, plat\u00ed na Ukrajinskou v\u00e1lku 3-kr\u00e1t v\u00edce v pom\u011bru ke sv\u00e9mu HDP, ne\u017e USA a Kanada, do kter\u00fdch dividendy p\u0159it\u00e9kaj\u00ed, a dvakr\u00e1t v\u00edce ne\u017e Brit\u00e1nie, It\u00e1lie a Francie, kam tak\u00e9 dividendy te\u010dou! Slovensko je na tom d\u00edky p\u0159edchoz\u00ed vl\u00e1d\u011b \u010caputokrat\u016f je\u0161t\u011b h\u016f\u0159.<\/p>\n<p>Ke 5.15% \u010desk\u00e9ho HDP, kter\u00e9 odte\u010de d\u00edky Fialovi do ciziny, je t\u0159eba p\u0159ipo\u010d\u00edtat +0.5% HDP za zv\u00fd\u0161en\u00e9 zbrojn\u00ed \u00fatraty v\u00e1le\u010dnice \u010cernochov\u00e9 (37 miliard), a\u00a0<a href=\"https:\/\/talk.youradio.cz\/porady\/cau-praho\/uprchlici-dostali-16-miliard-kc-ale-cesi-rekordne-zchudli-nakupy-podrazily-o-30-cau-praho-71\">16 miliard pro Ukrajinsk\u00e9 uprchl\u00edky<\/a>\u00a0(+0.02% HDP). Shrnuto to p\u0159edstavuje 5.67% cel\u00e9ho \u010desk\u00e9ho HDP. Ve\u0161ker\u00e9 vyplacen\u00e9 \u010desk\u00e9 d\u016fchody za rok 2023 p\u0159itom p\u0159edstavuj\u00ed 9.16% HDP. Nen\u00ed pak divu, \u017ee nen\u00ed na d\u016fchody, kdy\u017e se 62% jejich celkov\u00e9 sumy po\u0161le na Z\u00e1pad, po\u0161le do Kyjeva, utrat\u00ed za zv\u00fd\u0161en\u00e9 zbrojn\u00ed n\u00e1klady a za uprchl\u00edky! Tato Fialo-ekonomika drt\u00ed \u010cechy, stejn\u011b jako \u010caputo-ekonomika drtila Slov\u00e1ky, ne\u017e se j\u00ed zbavili.<\/p>\n<p><a href=\"https:\/\/stranapro.cz\/\"><img decoding=\"async\" loading=\"lazy\" class=\"alignnone  wp-image-40285 aligncenter\" src=\"http:\/\/www.infokuryr.cz\/n\/wp-content\/uploads\/2023\/11\/11pro-300x79.png\" alt=\"\" width=\"596\" height=\"157\" srcset=\"https:\/\/www.infokuryr.cz\/n\/wp-content\/uploads\/2023\/11\/11pro-300x79.png 300w, https:\/\/www.infokuryr.cz\/n\/wp-content\/uploads\/2023\/11\/11pro.png 363w\" sizes=\"(max-width: 596px) 100vw, 596px\" \/><\/a><\/p>\n<h3><span style=\"font-size: 18pt;\">Z\u00e1v\u011br druh\u00fd: Aby toho nebylo m\u00e1lo, \u017ee Z\u00e1pad i Kyjev drancuj\u00ed \u010ceskou republiku. Praha vy\u017e\u00edr\u00e1 regiony \u010cR, aby Pir\u00e1ti, TOP-09 a ODS m\u011bly dost voli\u010d\u016f, a mohli pokra\u010dovat ve sv\u00e9m drancov\u00e1n\u00ed \u010cech, Moravy a Slezska.\u00a0<\/span><\/h3>\n<p>\u010cesk\u00e1 republika z\u00edskala z nejv\u011bt\u0161\u00ed spole\u010dn\u00e9 p\u016fj\u010dky EU ve v\u00fd\u0161i 723 miliard EUR (18 bilion\u016f korun) dotaci jen 180 miliard (1%). \u010ce\u0161i dostali jen 16 500 CZK na \u010cecha, kde\u017eto Italov\u00e9 dostali 81 200 CZK na Itala. Dotace z tohoto obrovsk\u00e9ho Recovery Fund m\u011bly sm\u011b\u0159ovat do nejchud\u0161\u00edch region\u016f EU. Nesm\u011b\u0159ovaly. It\u00e1lie, kter\u00e1 dostala nejv\u00edc, je zna\u010dn\u011b bohat\u0161\u00ed ne\u017e \u010cR. I bohat\u0161\u00ed \u0160pan\u011blsko a dal\u0161\u00ed zem\u011b dostaly v\u00edc ne\u017e \u010cR! Ale aby toho nebylo m\u00e1lo, i v \u010cesku se 180 miliard p\u0159id\u011blen\u00fdch korun nebude rozd\u011blovat hlavn\u011b nejchud\u0161\u00edm region\u016fm, le\u010d kupodivu hlavn\u011b nejbohat\u0161\u00ed Praze!\u00a0<a href=\"https:\/\/www.praha.eu\/jnp\/cz\/o_meste\/magistrat\/tiskovy_servis\/tiskove_zpravy\/prazsky_operacni_program_podporil_temer.html\">Jak u\u017e ozn\u00e1mil pir\u00e1t H\u0159\u00edb<\/a>, Praha si z cel\u00e9ho bal\u00edku pro \u010cR vyjednala 9<em>\u00a0miliard korun na opravu n\u00e1m\u011bst\u00ed a rozvoj \u0161kol a digitalizaci. 8 miliard na tramvaje, 3 miliardy na dob\u00edjec\u00ed stanice elektroaut. A 100 dal\u0161\u00edch projekt\u016f si hodl\u00e1 rozd\u011blit n\u011bkolik dal\u0161\u00edch des\u00edtek miliard korun.\u00a0<\/em>Proto\u017ee n\u011bkolik des\u00edtek miliard na vym\u00fd\u0161len\u00e9 projekty je nejm\u00e9n\u011b 30 miliard a p\u0159id\u011blen\u00e9 projekty si rozd\u011blily 20 miliard, zd\u00e1 se \u017ee Praha hodl\u00e1 z cel\u00e9 \u010d\u00e1stky ur\u010den\u00e9 pro \u010cR schlamstnout nejm\u00e9n\u011b 50 miliard! To je nejm\u00e9n\u011b 28%. A p\u0159itom Praha je 3 nejbohat\u0161\u00ed region Evropy, a dotace by nem\u011bla dost\u00e1vat tak\u0159ka \u017e\u00e1dn\u00e9. A p\u0159itom v Praze \u017eije jen 13% \u010cech\u016f!<\/p>\n<p>Jak pra\u017esk\u00e1 kav\u00e1rna nakl\u00e1d\u00e1 s dotacemi ve sv\u016fj prosp\u011bch je kr\u00e1sn\u011b vid\u011bt na srovn\u00e1n\u00ed s It\u00e1li\u00ed. It\u00e1lie dostala z mamut\u00edho fondu Recovery (18 bilion\u016f CZK)\u00a0<a href=\"https:\/\/www.europarl.europa.eu\/RegData\/etudes\/BRIE\/2021\/698847\/EPRS_BRI(2021)698847_EN.pdf\">dotaci ve v\u00fd\u0161i 10.8 % sv\u00e9ho HDP 2019<\/a>, ale \u010cesko jen 3.1% sv\u00e9ho HDP 2019. Dotace se vypo\u010d\u00edt\u00e1valy z HDP roku 2019, a zbytek jejich v\u00fd\u0161e ovlivnili politici. Zat\u00edmco Italov\u00e9, \u0160pan\u011bl\u00e9, Pol\u00e1ci, Portugalci, \u0158ekov\u00e9 a Francouzi, kte\u0159\u00ed dostali mnohem v\u00edc ne\u017e \u010ce\u0161i, dr\u017eeli p\u0159i sob\u011b, Fialov\u00e1 parta podr\u00e1\u017eela v Bruselu Babi\u0161ovi a \u010cSSD p\u0159i vyjedn\u00e1v\u00e1n\u00edch o v\u00fd\u0161i dotace nohy, a\u00a0<a href=\"https:\/\/www.praha.eu\/jnp\/cz\/o_meste\/magistrat\/tiskovy_servis\/tiskove_zpravy\/prazsky_operacni_program_podporil_temer.html\">Pir\u00e1t H\u0159\u00edb se t\u00edm je\u0161t\u011b chlubil<\/a>. Celkov\u00e1 hodnota dotace z Recovery Fund m\u00e1 hodnotu 5.2% cel\u00e9ho HDP EU. Je tak kr\u00e1sn\u011b vid\u011bt, jak Pra\u017e\u0161t\u00ed politici (<a href=\"https:\/\/www.mfcr.cz\/cs\/rozpoctova-politika\/makroekonomika\/makroekonomicka-predikce\/2024\/makroekonomicka-predikce-leden-2024-54583\">p\u0159id\u011bleno jen 3.1% HDP<\/a>) bojem proti Babi\u0161ovi a bonzov\u00e1n\u00edm Bruselu na Babi\u0161e v letech 2018-2021, kdy se o dotaci vyjedn\u00e1valo, vytvo\u0159ili Bruselu podm\u00ednky, aby mazan\u00ed z\u00e1padn\u00ed politici vyu\u017eili neshod \u010desk\u00fdch politik\u016f, a \u010cR nep\u0159id\u011blili spravedliv\u00e9 dotace.<\/p>\n<p>Zat\u00edmco It\u00e1lie ze sv\u00e9 obrovsk\u00e9 dotace Recovery\u00a0<a href=\"https:\/\/www.europarl.europa.eu\/RegData\/etudes\/BRIE\/2021\/698847\/EPRS_BRI(2021)698847_EN.pdf\">p\u0159id\u011blila nap\u0159\u00edmo 40% cel\u00e9 sumy<\/a>\u00a0nejchud\u0161\u00edm italsk\u00fdm region\u016fm<a href=\"https:\/\/en.wikipedia.org\/wiki\/South_Italy\">\u00a0sdru\u017een\u00fdm v dota\u010dn\u00edho regionu NUTS JIH It\u00e1lie<\/a>, ve kter\u00e9m \u017eije jen 23% Ital\u016f! Praha si z mal\u00e9 Recovery dotace pro \u010cR ukousla pro sv\u016fj nejbohat\u0161\u00ed \u010desk\u00fd region NUTS Praha 28% z cel\u00e9 dotace, a\u010dkoli v n\u011bm \u017eije jen 13% ob\u010dan\u016f \u010cR! Italov\u00e9 nav\u00edc do nejchud\u0161\u00edch region\u016f\u00a0<a href=\"https:\/\/en.wikipedia.org\/wiki\/NUTS_statistical_regions_of_Italy\">NUTS Jih It\u00e1lie<\/a>\u00a0sm\u011b\u0159uj\u00ed i dal\u0161\u00ed des\u00edtky miliard ze zbytku dotace, kter\u00e1 je p\u0159id\u011blov\u00e1na podle dota\u010dn\u00edch odv\u011btv\u00ed. V\u00fdsledkem je, \u017ee\u00a0<a href=\"https:\/\/www.michalapetr.com\/map-1888-brusel-1-2-bilionem-czk-z-ukrajinskeho-fondu-financuje-presun-vyroby-oceli-z-ostravska-do-spanelska-italie-francie-a-nemecka-proc-fiala-mlci-je-snad-uz-rozhodnuto-o-valce-s-ruskem-a\/\">Italov\u00e9 za dotace EU z fondu Recovery nap\u0159\u00edklad obnovuj\u00ed zkrachoval\u00e9 hut\u011b<\/a>\u00a0v Tarentu,\u00a0<a href=\"https:\/\/www.praha.eu\/jnp\/cz\/o_meste\/magistrat\/tiskovy_servis\/tiskove_zpravy\/prazsky_operacni_program_podporil_temer.html\">kde\u017eto H\u0159\u00edb za dotace z EU fondu opravuje pra\u017esk\u00e1 n\u00e1m\u011bst\u00ed, tramvajov\u00e9 linky a stav\u00ed dob\u00edjec\u00ed stanice na drah\u00e9 elektromobily<\/a>, a ostravsk\u00e9 huti p\u0159itom krachuj\u00ed, a Fiala s Barto\u0161em se p\u0159itom tv\u00e1\u0159\u00ed jako m\u011bs\u00ed\u010dci na hnoji, proto\u017ee v Ostrav\u011b nebydl\u00ed jejich voli\u010di.<\/p>\n<p>D\u011bsiv\u00e9 budou ov\u0161em d\u016fsledky Fialova p\u0159id\u011blov\u00e1n\u00ed pen\u011bz z dotac\u00ed!\u00a0<a href=\"https:\/\/www.europarl.europa.eu\/RegData\/etudes\/BRIE\/2021\/698847\/EPRS_BRI(2021)698847_EN.pdf\">Zat\u00edmco Italov\u00e9 maj\u00ed p\u0159i p\u0159id\u011blov\u00e1n\u00ed dotac\u00ed z Euro Recovery Fund tyto hlavn\u00ed priority<\/a>\u00a0\u2013 vytv\u00e1\u0159en\u00ed dob\u0159e placen\u00fdch pracovn\u00edch m\u00edst v modern\u00ed ekonomice, rozvoj digit\u00e1ln\u00ed ekonomiky, rozvoj energetiky, rozvoj zdravotnictv\u00ed, rozvoj vzd\u011blanosti, odstra\u0148ov\u00e1n\u00ed b\u00eddy a soci\u00e1ln\u00edch nerovnost\u00ed, a vylep\u0161en\u00ed dopravn\u00ed infrastruktury, hlavn\u011b v nejchud\u0161\u00edch regionech. Tak Fiala na to jde s Pir\u00e1ty opa\u010dn\u011b. Ob\u011b strany vl\u00e1dnou Praze, kde maj\u00ed sv\u00e9 voli\u010de, a tak priorita dotac\u00ed je soust\u0159ed\u011bna na jejich utr\u00e1cen\u00ed v Praze za opravy n\u00e1m\u011bst\u00ed, tramvajov\u00fdch kolej\u00ed, za n\u00e1kup autobus\u016f, na nab\u00edjen\u00ed elektromobil\u016f. Proto\u017ee v \u010cR se d\u00edky Fialov\u011b v\u00e1le\u010dnick\u00e9 politice a drahot\u011b hrout\u00ed zdravotnictv\u00ed, vymysleli Fialov\u00ed spole\u010dn\u011b s Pir\u00e1ty, \u017ee se zlikviduje nemocni\u010dn\u00ed p\u00e9\u010de v chud\u00fdch regionech \u010cR! P\u0159esn\u00fd opak Italsk\u00e9 dota\u010dn\u00ed politiky! Zat\u00edmco Italov\u00e9 investuj\u00ed do nov\u00fdch pracovn\u00edch m\u00edst, Fiala a Pir\u00e1ti investuj\u00ed do pra\u017esk\u00fdch n\u00e1m\u011bst\u00ed!! Italsk\u00e9 dotace maj\u00ed p\u0159in\u00e9st nov\u00e1 pracovn\u00ed m\u00edsta v nejchud\u0161\u00edch regionech It\u00e1lie a vyd\u011blat tak v\u00edce dan\u00ed pro italskou st\u00e1tn\u00ed kasu a d\u016fchodov\u00fd fond. \u010cesk\u00e9 dotace maj\u00ed zvelebit Prahu, aby fialov\u00ed voli\u010di nep\u0159eb\u011bhli k Babi\u0161ovi a zajistili, \u017ee Fiala a Pir\u00e1ti z\u016fstanou u koryt! \u017de \u010cesko zchudne, \u017ee nebudou nov\u00e1 skv\u011ble placen\u00e1 pracovn\u00ed m\u00edsta,\u00a0 jim nevad\u00ed, proto\u017ee maj\u00ed osv\u011bd\u010den\u00fd recept \u2013 vytunelovat zbytek \u010cech, Moravy a Slezska, aby se jejich voli\u010di v Praze m\u011bli l\u00edp. \u017de to zruinuje republiku jim nevad\u00ed, stejn\u011b jako to nevadilo bratislavsk\u00fdm \u010caput\u016fm, kdy\u017e plundrovaly cel\u00fd zbytek Slovenska.<\/p>\n<p>Zat\u00edmco Fiala 23. dubna odm\u00edtnul zvednout platby do \u010desk\u00e9ho ve\u0159ejn\u00e9ho zdravotnictv\u00ed, Italsk\u00e1 premi\u00e9rka Meloni se 20. dubna chlubila, jak zved\u00e1 platby do italsk\u00e9ho zdravotnictv\u00ed!\u00a0 Fialovy platby do zdravotnictv\u00ed\u00a0 letos p\u0159es\u00e1hnou 500 miliard korun, co\u017e p\u0159edstavuje jen 6.5% HDP. Pro srovn\u00e1n\u00ed 5.67% HDP p\u0159edstavuj\u00ed Fialovy platby za v\u00e1lku na Ukrajin\u011b, za zv\u00fd\u0161en\u00ed v\u00e1le\u010dn\u00fdch v\u00fddaj\u016f o 0.5% HDP, za uprchl\u00edky a odtok \u010dasto v \u010cR ani nezdan\u011bn\u00fdch dividend.\u00a0<a href=\"https:\/\/www.ordinemedicifc.it\/2023\/10\/06\/allarme-per-la-sanita-pubblica-crolla-rapporto-tra-spesa-e-pil\/\">Srovn\u00e1n\u00ed v\u00fddaj\u016f na ve\u0159ejn\u00e9 zdravotnictv\u00ed je mezi \u010cR a\u00a0 vysp\u011bl\u00fdmi zem\u011bmi EU ov\u0161em zdrcuj\u00edc\u00ed<\/a>:<\/p>\n<ol>\n<li>N\u011bmecko vyd\u00e1v\u00e1\u00a0 \u00a0 \u00a0 9.9% HDP<\/li>\n<li>Francie vyd\u00e1v\u00e1\u00a0 \u00a0 \u00a0 \u00a0 \u00a09.4% HDP<\/li>\n<li>\u0160v\u00e9dsko vyd\u00e1v\u00e1\u00a0 \u00a0 \u00a0 \u00a0 9.3% HDP<\/li>\n<li>It\u00e1lie vyd\u00e1v\u00e1\u00a0 \u00a0 \u00a0 \u00a0 \u00a0 \u00a0 \u00a0 6.6% HDP<\/li>\n<\/ol>\n<p><img decoding=\"async\" loading=\"lazy\" class=\"wp-image-10380 alignleft\" src=\"https:\/\/www.michalapetr.com\/wp-content\/uploads\/2024\/04\/Roberto_Marti_datisenato_2018.jpg\" alt=\"\" width=\"347\" height=\"463\" aria-describedby=\"caption-attachment-10380\" \/><\/p>\n<p><em><a href=\"https:\/\/it.wikipedia.org\/wiki\/Roberto_Marti\">Fotografie: Roberto Marti<\/a>\u00a0ze strany Lega Salvini prosadil nev\u00eddanou reformu studia medic\u00edny, kter\u00e1 razantn\u011b zv\u00fd\u0161\u00ed po\u010det l\u00e9ka\u0159\u016f, zuba\u0159\u016f a sester v It\u00e1lii! Fiala pl\u00e1nuje prav\u00fd opak!<\/em><\/p>\n<p>Italsk\u00e1 premi\u00e9rka Meloniov\u00e1 se 20. dubna 24 v parlamentu chlubila,\u00a0<a href=\"https:\/\/www.quotidianosanita.it\/governo-e-parlamento\/articolo.php?articolo_id=121703\">\u017ee jej\u00ed vl\u00e1da zv\u00fd\u0161\u00ed letos v\u00fddaje zdravotnictv\u00ed na rekordn\u00ed italskou \u00farove\u0148 6.88%<\/a>, aby It\u00e1lie za\u010dala doh\u00e1n\u011bt nejvysp\u011blej\u0161\u00ed zem\u011b EU, proto\u017ee jej\u00ed zdravotnictv\u00ed je podfinancovan\u00e9, a hroz\u00ed, \u017ee se v chud\u0161\u00edch regionech zhrout\u00ed! Do Meloni se okam\u017eit\u011b pustili opozi\u010dn\u00ed politici, a\u00a0<a href=\"https:\/\/cs.wikipedia.org\/wiki\/Elly_Schleinov%C3%A1\">Elly Schleinov\u00e1<\/a>, \u0161\u00e9fka Demokratick\u00e9 strany za\u010dala razit nov\u00e9 volebn\u00ed heslo italsk\u00e9 opozice \u2013\u00a0<a href=\"https:\/\/www.repubblica.it\/politica\/2024\/04\/24\/news\/schlein_sanita_pd_liste_di_attesa_meloni-422722092\/\">zv\u00fd\u0161\u00edme v\u00fddaje na zdravotnictv\u00ed na 7.5%<\/a>. Fiala chce ud\u011blat s Pir\u00e1ty prav\u00fd opak, sn\u00ed\u017eit v\u00fddaje na \u010desk\u00e9 zdravotnictv\u00ed v pom\u011bru k HDP, zni\u010dit region\u00e1ln\u00ed zdravotnictv\u00ed,\u00a0<a href=\"https:\/\/tn.nova.cz\/zpravodajstvi\/clanek\/550158-male-nemocnice-zuri-chteji-nam-zrusit-oddeleni-pacienti-prijdou-o-peci-tvrdi\">zav\u0159\u00edt region\u00e1ln\u00ed nemocnice<\/a>, a zv\u00fd\u0161it v\u00e1le\u010dn\u00e9 v\u00fddaje! It\u00e1lie m\u016f\u017ee zvy\u0161ovat v\u00fddaje na zdravotnictv\u00ed, proto\u017ee od EU dostala dotace ve v\u00fd\u0161i 3.5 kr\u00e1t vy\u0161\u0161\u00ed ne\u017e \u010cR v pom\u011bru k HDP, plat\u00ed Kyjevu o 44% m\u00e9n\u011b ne\u017e Fiala v pom\u011bru k HDP, a investuje do rozvoje zdravotnictv\u00ed a nov\u00fdch pracovn\u00edch m\u00edst v nejchud\u0161\u00edch regionech, zat\u00edmco Fiala hlavn\u011b zkr\u00e1\u0161luje pra\u017esk\u00e1 n\u00e1m\u011bst\u00ed a tramvaje! Probl\u00e9my \u010desk\u00e9ho zdravotnictv\u00ed \u2013\u00a0<a href=\"https:\/\/www.respekt.cz\/rozhovor\/zdravotnictvi-se-hrouti-z-periferie-system-se-casem-rozpadne\">nedostatek praktick\u00fdch l\u00e9ka\u0159\u016f hlavn\u011b v regionech<\/a>, jsou p\u0159itom stejn\u00e9 jako v It\u00e1lii. Tam hroz\u00ed,\u00a0<a href=\"https:\/\/www.ordinemedicifc.it\/2023\/10\/06\/allarme-per-la-sanita-pubblica-crolla-rapporto-tra-spesa-e-pil\/\">\u017ee zejm\u00e9na v chud\u0161\u00edch regionech odejde do d\u016fchodu bez n\u00e1hrady a\u017e 10% l\u00e9ka\u0159\u016f a sester<\/a>.<\/p>\n<p>Jak ital\u0161t\u00ed politici makaj\u00ed,<a href=\"https:\/\/www.ilsole24ore.com\/art\/medicina-stop-numero-chiuso-senato-adotta-testo-base-AFX5LniD\">\u00a0aby bylo v It\u00e1lii brzy v\u00edce zuba\u0159\u016f, l\u00e9ka\u0159\u016f i veterin\u00e1\u0159\u016f je ve srovn\u00e1n\u00ed s \u010cR nev\u00eddan\u00e9<\/a>! Zat\u00edmco v \u010cR jsou politici ochotn\u00ed se cel\u00e9 dny v parlamentu proh\u00e1dat mezi sebou, kdo je v\u011bt\u0161\u00ed \u0161k\u016fdce n\u00e1roda a Putin\u016fv troll, jen aby nemuseli makat na z\u00e1konech pro lidi. V It\u00e1lii fini\u0161uj\u00ed (24.4) s\u00a0<a href=\"https:\/\/www.ilsole24ore.com\/art\/medicina-stop-numero-chiuso-senato-adotta-testo-base-AFX5LniD\">nev\u00eddanou reformou studia l\u00e9ka\u0159sk\u00fdch profes\u00ed na Univerzit\u00e1ch<\/a>. Podle nov\u00e9 reformy se bude moci ka\u017ed\u00fd italsk\u00fd maturant zapsat ke studiu l\u00e9ka\u0159sk\u00fdch, zdravotnick\u00fdch a veterin\u00e1rn\u00edch obor\u016f beze zkou\u0161ek, a cel\u00fd 1 semestr studia bude nov\u011b koncipov\u00e1n jako sezn\u00e1men\u00ed s oborem a testov\u00e1n\u00ed schopnost\u00ed studenta. Na jeho konci bude zkou\u0161ka, a kdo j\u00ed projde bude moci ve studiu pokra\u010dovat. Italov\u00e9 si od reformy slibuj\u00ed, \u017ee se na l\u00e9ka\u0159sk\u00e9 obory takto dostane v\u00edce student\u016f, a v\u00edce jich \u0161kolu dokon\u010d\u00ed. Kdo zkou\u0161kou na konci prvn\u00edho semestru neprojde, nebo si rozmysl\u00ed studium l\u00e9ka\u0159sk\u00fdch a zdravotnick\u00fdch obor\u016f, bude mu prvn\u00ed semestr zapo\u010d\u00edt\u00e1n a m\u016f\u017ee p\u0159ej\u00edt na jin\u00e9 \u0161koly. Zda se pl\u00e1n jak zv\u00fd\u0161it po\u010det l\u00e9ka\u0159\u016f a zdravotn\u00edk\u016f v It\u00e1lii osv\u011bd\u010d\u00ed se uk\u00e1\u017ee. Ale n\u00e1pad je to ur\u010dit\u011b zaj\u00edmav\u00fd, zejm\u00e9na kdy\u017e se sou\u010dasn\u011b s n\u00edm i navy\u0161uj\u00ed po\u010dty studijn\u00edch m\u00edst. Reformu prosadil p\u0159edseda italsk\u00e9 sen\u00e1tn\u00ed komise Roberto Marti ze strany\u00a0<a href=\"https:\/\/it.wikipedia.org\/wiki\/Lega_per_Salvini_Premier\">Liga Salvini<\/a>. Bude zaj\u00edmav\u00e9 v t\u00e9to souvislosti sledovat, zda p\u0159\u00edtel Salviniho Tomio Okamura najde dost sil, aby podobnou reformu v \u010cR p\u0159edstavil. Letos je\u0161t\u011b v It\u00e1lii budou p\u0159ij\u00edma\u010dky na medic\u00ednu, p\u0159\u00ed\u0161t\u00ed rok u\u017e ne! Jak vid\u00edte, Italov\u00e9 um\u00ed dotace nejen z Bruselu vyrazit, proto\u017ee si p\u0159i jejich z\u00edsk\u00e1v\u00e1n\u00ed jejich politici nepodr\u00e1\u017eej\u00ed nohy, jako \u010ce\u0161i. A rozkr\u00e1dat, stejn\u011b jako \u010ce\u0161i. Ale taky smyslupln\u011b vyu\u017e\u00edt na zv\u00fd\u0161en\u00ed po\u010dt\u016f l\u00e9ka\u0159\u016f, rozvoj zdravotnictv\u00ed v chud\u00fdch regionech a na z\u00e1chranu hut\u00ed. Fiala je op\u011bt nejlep\u0161\u00ed ve smyslu \u00fapln\u00e9 nuly proti Meloniov\u00e9 a Salvinimu a Schleinov\u00e9!<\/p>\n<p><a href=\"https:\/\/www.michalapetr.com\/map-1974-cesi-a-slovaci-plati-kyjevu-na-valku-nekolikanasobne-vic-nez-americane-a-italove-italove-misto-toho-dramaticky-zvysuji-statni-vydaje-na-zdravotnictvi-i-pocty-studentu-mediciny-neuveritelna\/\">Michael Svato\u0161<\/a><\/p>\n<p><img decoding=\"async\" loading=\"lazy\" class=\"alignnone size-full wp-image-27204\" src=\"http:\/\/www.infokuryr.cz\/n\/wp-content\/uploads\/2023\/05\/Michael_Svatos.png\" alt=\"\" width=\"180\" height=\"180\" srcset=\"https:\/\/www.infokuryr.cz\/n\/wp-content\/uploads\/2023\/05\/Michael_Svatos.png 180w, https:\/\/www.infokuryr.cz\/n\/wp-content\/uploads\/2023\/05\/Michael_Svatos-150x150.png 150w\" sizes=\"(max-width: 180px) 100vw, 180px\" \/><\/p>\n<p>&nbsp;<\/p>\n","protected":false},"excerpt":{"rendered":"<p>\u010ce\u0161i a Slov\u00e1ci plat\u00ed Kyjevu na v\u00e1lku n\u011bkolikan\u00e1sobn\u011b v\u00edc ne\u017e Ameri\u010dan\u00e9 a Italov\u00e9! Italov\u00e9 m\u00edsto&#8230;<\/p>\n","protected":false},"author":2,"featured_media":1024,"comment_status":"closed","ping_status":"closed","sticky":false,"template":"","format":"standard","meta":[],"categories":[6],"tags":[1042,670,90,26,365],"_links":{"self":[{"href":"https:\/\/www.infokuryr.cz\/n\/wp-json\/wp\/v2\/posts\/52384"}],"collection":[{"href":"https:\/\/www.infokuryr.cz\/n\/wp-json\/wp\/v2\/posts"}],"about":[{"href":"https:\/\/www.infokuryr.cz\/n\/wp-json\/wp\/v2\/types\/post"}],"author":[{"embeddable":true,"href":"https:\/\/www.infokuryr.cz\/n\/wp-json\/wp\/v2\/users\/2"}],"replies":[{"embeddable":true,"href":"https:\/\/www.infokuryr.cz\/n\/wp-json\/wp\/v2\/comments?post=52384"}],"version-history":[{"count":0,"href":"https:\/\/www.infokuryr.cz\/n\/wp-json\/wp\/v2\/posts\/52384\/revisions"}],"wp:featuredmedia":[{"embeddable":true,"href":"https:\/\/www.infokuryr.cz\/n\/wp-json\/wp\/v2\/media\/1024"}],"wp:attachment":[{"href":"https:\/\/www.infokuryr.cz\/n\/wp-json\/wp\/v2\/media?parent=52384"}],"wp:term":[{"taxonomy":"category","embeddable":true,"href":"https:\/\/www.infokuryr.cz\/n\/wp-json\/wp\/v2\/categories?post=52384"},{"taxonomy":"post_tag","embeddable":true,"href":"https:\/\/www.infokuryr.cz\/n\/wp-json\/wp\/v2\/tags?post=52384"}],"curies":[{"name":"wp","href":"https:\/\/api.w.org\/{rel}","templated":true}]}}