{"id":52382,"date":"2024-04-25T00:48:22","date_gmt":"2024-04-24T22:48:22","guid":{"rendered":"https:\/\/www.infokuryr.cz\/n\/?p=52382"},"modified":"2024-04-25T06:35:24","modified_gmt":"2024-04-25T04:35:24","slug":"migracni-neziskovka-osn-se-sidlem-ve-svycarsku-bude-ve-znojme-a-v-okoli-zaclenovat-uprchliky","status":"publish","type":"post","link":"https:\/\/www.infokuryr.cz\/n\/2024\/04\/25\/migracni-neziskovka-osn-se-sidlem-ve-svycarsku-bude-ve-znojme-a-v-okoli-zaclenovat-uprchliky\/","title":{"rendered":"Migra\u010dn\u00ed neziskovka OSN se s\u00eddlem ve \u0160v\u00fdcarsku bude ve Znojm\u011b a v okol\u00ed za\u010dle\u0148ovat uprchl\u00edky&#8230;"},"content":{"rendered":"<div id=\"fb-root\"><\/div>\n<h4>Migra\u010dn\u00ed neziskovka OSN se s\u00eddlem ve \u0160v\u00fdcarsku bude ve Znojm\u011b a v okol\u00ed za\u010dle\u0148ovat uprchl\u00edky z Ukrajiny a potenci\u00e1ln\u011b v budoucnu i z jin\u00fdch zem\u00ed do regionu! Na radnici to schv\u00e1lila koalice hnut\u00ed ANO a SPD! M\u00edstn\u00ed lid\u00e9 se za\u010dali bou\u0159it a sepisovat petici! Nikdo si pr\u00fd na m\u011bst\u011b nev\u00ed s Ukrajinci rady, a tak to dali na starost OSN!<\/h4>\n<p>Do na\u0161\u00ed redakce u\u017e n\u011bkolik posledn\u00edch t\u00fddn\u016f p\u0159ich\u00e1z\u00ed ze Znojma a z okol\u00ed emaily od na\u0161ich \u010dten\u00e1\u0159\u016f a pros\u00ed n\u00e1s, abychom napsali \u010dl\u00e1nek o tom, co se d\u011bje ve Znojm\u011b na radnici, kterou ovl\u00e1d\u00e1 koalice Hnut\u00ed ANO a SPD.\u00a0<strong>Minul\u00fd rok p\u0159\u00edmo na konci roku 2023 na Silvestra toti\u017e v tichosti veden\u00ed radnice podepsalo [<a href=\"https:\/\/href.li\/?http:\/\/znoj-tyden.cz\/aktualne-zpravodajstvi\/vedeni-znojma-v-cele-s-spd-podepsalo-smlouvu-s-promigrantskou-organizaci\/\" target=\"_blank\" rel=\"nofollow noopener\">1<\/a>] smlouvu s neziskovkou [<a href=\"https:\/\/href.li\/?https:\/\/www.iom.int\/\" target=\"_blank\" rel=\"nofollow noopener\">2<\/a>]\u00a0<em>International Organization for Migration<\/em>\u00a0(IOM)<\/strong>\u00a0na pomoc s integrac\u00ed uprchl\u00edk\u016f ve m\u011bst\u011b a v regionu do m\u00edstn\u00ed populace, proto\u017ee samotn\u00e9 m\u011bsto Znojmo si pr\u00fd s t\u00edm u\u017e nev\u00ed rady.<\/p>\n<p>St\u00e1t pr\u00fd zaplavil m\u011bsto a region migranty z Ukrajiny a potom se na pomoc m\u011bst\u016fm vyka\u0161lal, tak\u017ee m\u011bst\u016fm Ukrajinci z\u016fst\u00e1vaj\u00ed na krku. A proto\u017ee radnice pr\u00fd nemaj\u00ed zku\u0161enosti s migranty, tak se m\u011bsta za\u010d\u00ednaj\u00ed obracet na migra\u010dn\u00ed NGO sektor a organizace zaji\u0161\u0165uj\u00edc\u00ed migra\u010dn\u00ed agendu OSN podle Glob\u00e1ln\u00edho kompaktu a Agendy 2050. Je to stejn\u00e9, jako kdyby v\u00e1m n\u011bkdo kradl pen\u00edze z banky, a proto vy byste se rozhodli po\u017e\u00e1dat o pomoc s ochranou pen\u011bz v bance na mafii a na nejlep\u0161\u00ed lupi\u010de v oboru.<\/p>\n<figure id=\"attachment_59341\" class=\"wp-caption aligncenter\" style=\"width: 769px;\"><a href=\"https:\/\/aeronet.news\/wp-content\/uploads\/ZnojemskyTyden.jpg\"><img decoding=\"async\" loading=\"lazy\" class=\"wp-image-59341 \" src=\"https:\/\/aeronet.news\/wp-content\/uploads\/ZnojemskyTyden.jpg\" sizes=\"(max-width: 1000px) 100vw, 1000px\" srcset=\"https:\/\/aeronet.news\/wp-content\/uploads\/ZnojemskyTyden.jpg 1000w, https:\/\/aeronet.news\/wp-content\/uploads\/ZnojemskyTyden-150x150.jpg 150w, https:\/\/aeronet.news\/wp-content\/uploads\/ZnojemskyTyden-300x300.jpg 300w, https:\/\/aeronet.news\/wp-content\/uploads\/ZnojemskyTyden-768x768.jpg 768w, https:\/\/aeronet.news\/wp-content\/uploads\/ZnojemskyTyden-700x700.jpg 700w, https:\/\/aeronet.news\/wp-content\/uploads\/ZnojemskyTyden-357x357.jpg 357w, https:\/\/aeronet.news\/wp-content\/uploads\/ZnojemskyTyden-483x483.jpg 483w, https:\/\/aeronet.news\/wp-content\/uploads\/ZnojemskyTyden-210x210.jpg 210w\" alt=\"\" width=\"769\" height=\"769\" \/><\/a><figcaption class=\"wp-caption-text\">Znojemsk\u00e9 noviny<\/figcaption><\/figure>\n<p>P\u0159esn\u011b takto by se dal charakterizovat \u0161\u00edlen\u00fd krok SPD ve Znojm\u011b a pr\u00e1v\u011b takto argumentuj\u00ed, pro\u010d se obr\u00e1tili na organizaci, kter\u00e1 prosazuje\u00a0<strong>trvalou a \u0159\u00edzenou migraci p\u0159\u00edmo pod k\u0159\u00eddly OSN<\/strong>. Radnice ve Znojm\u011b se toti\u017e obr\u00e1tila pr\u00e1v\u011b na IOM se s\u00eddlem ve \u0160v\u00fdcarsku, co\u017e je jedna z p\u00e1te\u0159n\u00edch globalistick\u00fdch migra\u010dn\u00edch neziskovek organizovan\u00fdch p\u0159\u00edmo Vysok\u00fdm komisa\u0159em OSN pro migraci pod OSN.<\/p>\n<p>Neziskovka se s\u00eddlem ve \u0160v\u00fdcarsku m\u00e1 s \u010ceskou republikou od roku 1995 podepsanou mezin\u00e1rodn\u00ed smlouvu, kter\u00e1 neziskovce, krom\u011b jin\u00e9ho, zaji\u0161\u0165uje finance a p\u0159\u00edsp\u011bvky z \u010desk\u00e9ho st\u00e1tn\u00edho rozpo\u010dtu, ale rovn\u011b\u017e i trestn\u00ed imunitu a indemnitu, tedy ne\u017ealovatelnost a nest\u00edhatelnost za provoz neziskov\u00fdch aktivit na \u00fazem\u00ed \u010cR, proto\u017ee neziskovka IOM m\u00e1 p\u0159iznan\u00fd diplomatick\u00fd status tzv. mise OSN. To mimo jin\u00e9 znamen\u00e1, \u017ee i kdyby se neziskovka dopustila nap\u0159. pa\u0161ov\u00e1n\u00ed neleg\u00e1ln\u00edch migrant\u016f do \u010cR, nikdo ji nebude moci za toto st\u00edhat, proto\u017ee neziskovka je kryta mezin\u00e1rodn\u00ed diplomatickou imunitou, resp. imunitou mise OSN.<\/p>\n<h6><span style=\"font-size: 18pt;\">Jak se c\u00edt\u00ed voli\u010d SPD ve Znojm\u011b, kdy\u017e vid\u00ed z\u00e1stupce SPD podepisovat smlouvu s nejprofl\u00e1knut\u011bj\u0161\u00ed migra\u010dn\u00ed neziskovkou?<\/span><\/h6>\n<p>S touto neziskovkou podepsaly smlouvy i dal\u0161\u00ed \u010desk\u00e1 m\u011bsta a jejich\u00a0<strong>radnice spole\u010dn\u011b argumentuj\u00ed, \u017ee k podpisu do\u0161lo proto, \u017ee neziskovka IOM m\u00e1 zku\u0161enosti s migrac\u00ed a s integrac\u00ed migrant\u016f, tak\u017ee tuto pr\u00e1ci je lep\u0161\u00ed p\u0159enechat jim.<\/strong>\u00a0Toto je p\u0159\u00edmo citace politik\u016f ze znojemsk\u00e9 radnice, kter\u00e1 se jako p\u0159es kop\u00edr\u00e1k opakuje na jejich profilech na soci\u00e1ln\u00edch s\u00edt\u00edch. V redakci jsme \u00fapln\u011b v \u0161oku, proto\u017ee se znovu ukazuje, \u017ee n\u011bco jin\u00e9ho jsou v\u00fdroky politik\u016f tzv. alternativn\u00ed politick\u00e9 opozice, a n\u011bco jin\u00e9ho je ovoce, tedy plody jejich pr\u00e1ce.<\/p>\n<p>Je sice moc hezk\u00e9, \u017ee Tomio Okamura nat\u00e1\u010d\u00ed videa, ve kter\u00fdch odsuzuje Migra\u010dn\u00ed pakt EU, kter\u00fd tak skand\u00e1ln\u011b vloni podepsal v Bruselu ministr vnitra V\u00edt Raku\u0161an. Ale co si potom voli\u010d SPD m\u00e1 myslet, \u017ee ta sam\u00e1 SPD potom v koalici ve Znojm\u011b s hnut\u00edm ANO podepisuje potichu na Silvestra smlouvu s nejv\u011bt\u0161\u00ed migra\u010dn\u00ed neziskovkou p\u0159\u00edmo pod k\u0159\u00eddly Vysok\u00e9ho komisa\u0159e OSN pro migraci? To si SPD d\u011bl\u00e1 z voli\u010d\u016f kozy? Anebo bl\u00e1zny? Anebo idioty? Anebo naivky? Anebo hlup\u00e1ky? Anebo\u00a0<em>tupellos<\/em>? Anebo u\u017e i nep\u0159\u00e1tele?<\/p>\n<figure id=\"attachment_59342\" class=\"wp-caption aligncenter\" style=\"width: 811px;\"><a href=\"https:\/\/aeronet.news\/wp-content\/uploads\/ZnojemskyTydenClanek.jpg\"><img decoding=\"async\" loading=\"lazy\" class=\"wp-image-59342 \" src=\"https:\/\/aeronet.news\/wp-content\/uploads\/ZnojemskyTydenClanek.jpg\" sizes=\"(max-width: 1000px) 100vw, 1000px\" srcset=\"https:\/\/aeronet.news\/wp-content\/uploads\/ZnojemskyTydenClanek.jpg 1000w, https:\/\/aeronet.news\/wp-content\/uploads\/ZnojemskyTydenClanek-300x225.jpg 300w, https:\/\/aeronet.news\/wp-content\/uploads\/ZnojemskyTydenClanek-768x576.jpg 768w, https:\/\/aeronet.news\/wp-content\/uploads\/ZnojemskyTydenClanek-700x525.jpg 700w, https:\/\/aeronet.news\/wp-content\/uploads\/ZnojemskyTydenClanek-476x357.jpg 476w, https:\/\/aeronet.news\/wp-content\/uploads\/ZnojemskyTydenClanek-644x483.jpg 644w\" alt=\"\" width=\"811\" height=\"608\" \/><\/a><figcaption class=\"wp-caption-text\">\u010cl\u00e1nek z listu Znojemsk\u00fd T\u00fdden<\/figcaption><\/figure>\n<p>Pokud si radnice na Znojm\u011b nev\u00ed rady se 2 000 Ukrajinc\u016f, kter\u00e9 maj\u00ed v regionu, jak si potom porad\u00ed s namakan\u00fdmi Araby a Afri\u010dany, kte\u0159\u00ed se za\u010dnou te\u010f hrnout do Evropy po schv\u00e1len\u00ed Migra\u010dn\u00edho paktu, kter\u00fd obsahuje povinn\u00e9, i kdy\u017e rafinovan\u011b skryt\u00e9, p\u0159erozd\u011blov\u00e1n\u00ed migrant\u016f, a to podle paragrafu 63, odst. 3 Migra\u010dn\u00edho paktu\u00a0<strong>[<a href=\"https:\/\/aeronet.news\/evropsky-parlament-odsouhlasil-migracni-pakt-s-mechanismem-na-povinne-prerozdelovani-uprchliku-zpusobem-kteremu-se-nakonec-nepujde-vyhnout-zname-presny-postup\/\">3<\/a>]\u00a0<\/strong>schv\u00e1len\u00e9ho v EU p\u0159ed 2 t\u00fddny?\u00a0Do redakce jsme dostali citace\u00a0<strong>[<a href=\"https:\/\/href.li\/?https:\/\/www.facebook.com\/monika.gaszczykova\/posts\/pfbid029bTC4ZXPgji3BYJRxJU8DHfhDGQKvKn8X2tyyFsAqKftSiMPVT1xFkCvFz3bdLidl\" target=\"_blank\" rel=\"nofollow noopener\">4<\/a>]<\/strong>\u00a0a v\u00fdroky pan\u00ed Moniky Gaszykov\u00e9, m\u00edstn\u00ed ob\u010dansk\u00e9 aktivistky, kter\u00e1 organizuje petici proti smlouv\u011b s migra\u010dn\u00ed neziskovkou IOM.<\/p>\n<p>Znojmo, 22.4.2024 \u2013\u00a0<em>Pan\u00ed Gaszczykova na ve\u0159ejn\u00e9 sch\u016fzi Zastupitelstva m\u011bsta Znojma, v zastoupen\u00ed v\u00edce jak 500++ ob\u010dan\u016f Znojma, kte\u0159\u00ed odm\u00edtaj\u00ed pro-migra\u010dn\u00ed politiku veden\u00ed m\u011bsta (ANO + SPD), d\u016frazn\u011b sd\u011blila Zastupitelstvu Znojma d\u016fvody p\u0159edan\u00e9 a masivn\u011b podepsan\u00e9 petice ob\u010dany.<\/em><\/p>\n<p><em>Z\u00e1stupci m\u011bsta Znojma toti\u017e za m\u011bsto Znojmo, v tichosti a bez v\u011bdom\u00ed ob\u010dan\u016f, schv\u00e1lili 18.12.2023 a podepsali na Silvestra 31.12. 2023 MEMORANDUM O SPOLUPR\u00c1CI s americkou neZiskovkou, specializovanou na migra\u010dn\u00ed byznys \u2013 tedy \u201cpomoc migrant\u016fm\u201d s ubytov\u00e1n\u00edm, zaji\u0161t\u011bn\u00edm pr\u00e1ce, zdravotn\u00ed p\u00e9\u010de, \u0161koln\u00edch a vzd\u011bl\u00e1vac\u00edch instituc\u00ed, jejich bezpe\u010dnosti atd. Dlu\u017eno dodat, \u017ee tato Mezin\u00e1rodn\u00ed Organizace pro Migraci (IOM) a v\u0161ichni jej\u00ed spolupracovn\u00edci u\u017e\u00edvaj\u00ed mezin\u00e1rodn\u00edho diplomatick\u00e9ho statusu \u2013 imunity a indemnity \u2013 to znamen\u00e1, \u017ee nenesou \u017e\u00e1dnou trestn\u00ed odpov\u011bdnost za svoje kon\u00e1n\u00ed a jsou pr\u00e1vn\u011b neposti\u017eiteln\u00ed.<\/em><\/p>\n<p><em>Aby toho nebylo m\u00e1lo, \u010cR se ji\u017e v roce 1995 smluvn\u011b zav\u00e1zala t\u00e9to organizaci ve Smlouv\u011b \u010cR \u2013 IOM, \u017ee\u00a0<strong>n\u00e1klady na \u010dinnost \u201cdle uv\u00e1\u017een\u00ed organizace\u201d bude financovat z rozpo\u010dtu \u010cesk\u00e9 republiky prost\u0159ednictv\u00edm Ministerstev \u010cR (zahrani\u010d\u00ed, vnitra, \u0161kolstv\u00ed, kultury, atd.)<\/strong>\u00a0a tato \u201cmezin\u00e1rodn\u00ed smlouva\u201d byla schv\u00e1lena a ratifikov\u00e1na Sn\u011bmovnou i Sen\u00e1tem \u010cR a podeps\u00e1na Prezidentem \u010cR a stala se tak Mezin\u00e1rodn\u00ed Smlouvou, kter\u00e1 je sou\u010d\u00e1st\u00ed pr\u00e1vn\u00edho \u0159\u00e1du \u010cR. Takov\u00e1 smlouva je podle \u010dl. 10. \u00daZ \u2013 \u00dastavy \u010cR nad\u0159azena z\u00e1kon\u016fm \u010cesk\u00e9 republiky!<\/em><\/p>\n<p><a href=\"https:\/\/stranapro.cz\/\"><img decoding=\"async\" loading=\"lazy\" class=\"wp-image-40285 aligncenter\" src=\"http:\/\/www.infokuryr.cz\/n\/wp-content\/uploads\/2023\/11\/11pro-300x79.png\" alt=\"\" width=\"657\" height=\"173\" srcset=\"https:\/\/www.infokuryr.cz\/n\/wp-content\/uploads\/2023\/11\/11pro-300x79.png 300w, https:\/\/www.infokuryr.cz\/n\/wp-content\/uploads\/2023\/11\/11pro.png 363w\" sizes=\"(max-width: 657px) 100vw, 657px\" \/><\/a><\/p>\n<p>Znojem\u00e1ci prost\u0159ednictv\u00edm pan\u00ed Moniky Gaszczykov\u00e9 po\u017eaduj\u00ed revokaci rozhodnut\u00ed a schv\u00e1len\u00ed podpisu t\u00e9to pro- migra\u010dn\u00ed smlouvy \u201cMemorandum o spolupr\u00e1ci Znojmo \u2013 IOM\u201d a vyz\u00fdvaj\u00ed veden\u00ed m\u011bsta (ANO + SPD) k okam\u017eit\u00e9 v\u00fdpov\u011bdi t\u00e9to smlouvy. Pikantn\u00ed je i informace, kterou se veden\u00ed Znojma obhajuje \u2013 \u017ee toti\u017e \u201c<strong><em>toto je standartn\u00ed smlouva, kterou u\u017e podepsala mnoh\u00e1 jin\u00e1 m\u011bsta v \u010cR \u2013 nap\u0159. Plze\u0148, \u00dast\u00ed nad Labem, \u010cesk\u00e9 Bud\u011bjovice, Brno.. a dal\u0161\u00ed<\/em><\/strong>\u201d Ot\u00e1zkou je, zda ob\u010dan\u00e9 v\u011bd\u00ed, co za n\u011b a jejich jm\u00e9nem jejich zvolen\u00ed z\u00e1stupci aktivn\u011b upisuj\u00ed, i kdy\u017e je k tomu nikdo nem\u016f\u017ee nutit\u2026<\/p>\n<p>Na\u0161e redakce obdr\u017eela kopii podepsan\u00e9ho memoranda, viz. galerie n\u00ed\u017ee, a m\u016f\u017eeme potvrdit, \u017ee jde o standardn\u00ed a obecnou smlouvu, kter\u00e1 nezmi\u0148uje Ukrajince, ale t\u00fdk\u00e1 se v\u0161ech migrant\u016f obecn\u011b. Tu smlouvu tedy lze aplikovat na p\u00e9\u010di, starost a integraci jak\u00fdchkoliv migrant\u016f ve Znojm\u011b a v okol\u00ed, nejen Ukrajinc\u016f, ale t\u0159eba i Afri\u010dan\u016f, Sy\u0159an\u016f, Maro\u010dan\u016f, Libyjc\u016f, Tunisan\u016f, Nige\u0159an\u016f, Nigerijc\u016f a dal\u0161\u00edch migrant\u016f, kte\u0159\u00ed v \u0159\u00e1dech des\u00edtek tis\u00edc\u016f jsou nyn\u00ed zadr\u017eov\u00e1ni na italsk\u00e9m ostrov\u011b Lampedusa a p\u0159ed dv\u011bma t\u00fddny schv\u00e1len\u00fd Migra\u010dn\u00ed pakt EU m\u00e1 tyto migranty tzv. od\u0161puntovat a rozm\u00edstit do Evropy.<\/p>\n<h6><span style=\"font-size: 18pt;\">Znojemsk\u00e9 chucpe\u2026 a po\u0159\u00e1dn\u011b macat\u00e9!<\/span><\/h6>\n<p>Pr\u00e1v\u011b proto neziskovka IOM te\u010f tyto smlouvy podepisuje, a to nejen se Znojmem, ale se v\u0161emi region\u00e1ln\u00edmi m\u011bsty v \u010cR, jak jsme byli informov\u00e1ni do redakce z dal\u0161\u00edch t\u00e9m\u011b\u0159 20 \u010desk\u00fdch m\u011bst. Naprosto nech\u00e1pu a nerozum\u00edm politice Tomia Okamury.\u00a0<strong>Opravdu, nev\u00edm, jestli tu\u0161\u00ed, jakou \u010dasovanou bombu jeho politici na radnic\u00edch p\u0159ipravuj\u00ed, pokud maj\u00ed odvahu p\u0159ed sv\u00fdmi voli\u010di zvednout ruku pro smlouvy a memoranda s migra\u010dn\u00edmi neziskovkami OSN.<\/strong>\u00a0V jazyce\u00a0<em>jidi\u0161<\/em>\u00a0se takov\u00e9mu chov\u00e1n\u00ed \u0159\u00edk\u00e1\u00a0<em>chucpe<\/em>, tedy nehor\u00e1zn\u00e1 drzost. Kritizovat V\u00edta Raku\u0161ana za podpis Migra\u010dn\u00edho paktu EU, a sou\u010dasn\u011b v koalici s Hnut\u00edm ANO podepisovat ve Znojm\u011b smlouvu s migra\u010dn\u00ed neziskovkou OSN, to je neuv\u011b\u0159iteln\u00e9\u00a0<em>chucpe<\/em>!<\/p>\n<div id=\"td_uid_1_6629ba7f712ca\" class=\"td-slide-on-2-columns\">\n<div class=\"post_galery_slide_1\">\n<div class=\"td-gallery-slide-top\">\n<div class=\"td-gallery-title\"><strong>Memorandum <\/strong><em>(kliknut\u00edm zv\u011bt\u0161\u00edte obr\u00e1zek)<\/em><\/div>\n<div class=\"td-gallery-controls-wrapper\">\n<div class=\"td-gallery-slide-count\"><span class=\"td-gallery-slide-item-focus\">1<\/span>\u00a0of 6<\/div>\n<div class=\"td-gallery-slide-prev-next-but\"><i class=\"td-icon-left doubleSliderPrevButton\"><\/i>\u00a0<i class=\"td-icon-right doubleSliderNextButton\"><\/i><\/div>\n<\/div>\n<\/div>\n<div class=\"td-doubleSlider-1\">\n<div class=\"td-slider\">\n<div class=\"td-slide-item td-item1\">\n<figure class=\"td-slide-galery-figure td-slide-popup-gallery\"><a class=\"slide-gallery-image-link\" title=\"IOM_MemorandumPage2\" href=\"https:\/\/aeronet.news\/wp-content\/uploads\/IOM_MemorandumPage2.jpg\" data-caption=\"\" data-description=\"\"><img decoding=\"async\" loading=\"lazy\" class=\"aligncenter\" src=\"https:\/\/aeronet.news\/wp-content\/uploads\/IOM_MemorandumPage2-268x357.jpg\" alt=\"\" width=\"520\" height=\"693\" \/><\/a><\/figure>\n<\/div>\n<div class=\"td-slide-item td-item2\">\n<figure class=\"td-slide-galery-figure td-slide-popup-gallery\"><a class=\"slide-gallery-image-link\" title=\"IOM_MemorandumPage3\" href=\"https:\/\/aeronet.news\/wp-content\/uploads\/IOM_MemorandumPage3.jpg\" data-caption=\"\" data-description=\"\"><img decoding=\"async\" loading=\"lazy\" class=\"aligncenter\" src=\"https:\/\/aeronet.news\/wp-content\/uploads\/IOM_MemorandumPage3-268x357.jpg\" alt=\"\" width=\"511\" height=\"681\" \/><\/a><\/figure>\n<\/div>\n<div class=\"td-slide-item td-item3\">\n<figure class=\"td-slide-galery-figure td-slide-popup-gallery\"><a class=\"slide-gallery-image-link\" title=\"IOM_MemorandumPage4\" href=\"https:\/\/aeronet.news\/wp-content\/uploads\/IOM_MemorandumPage4.jpg\" data-caption=\"\" data-description=\"\"><img decoding=\"async\" loading=\"lazy\" class=\"aligncenter\" src=\"https:\/\/aeronet.news\/wp-content\/uploads\/IOM_MemorandumPage4-268x357.jpg\" alt=\"\" width=\"504\" height=\"672\" \/><\/a><\/figure>\n<\/div>\n<div class=\"td-slide-item td-item4\">\n<figure class=\"td-slide-galery-figure td-slide-popup-gallery\"><a class=\"slide-gallery-image-link\" title=\"IOM_MemorandumPage5\" href=\"https:\/\/aeronet.news\/wp-content\/uploads\/IOM_MemorandumPage5.jpg\" data-caption=\"\" data-description=\"\"><img decoding=\"async\" loading=\"lazy\" class=\"aligncenter\" src=\"https:\/\/aeronet.news\/wp-content\/uploads\/IOM_MemorandumPage5-268x357.jpg\" alt=\"\" width=\"498\" height=\"664\" \/><\/a><\/figure>\n<\/div>\n<div class=\"td-slide-item td-item5\">\n<figure class=\"td-slide-galery-figure td-slide-popup-gallery\"><a class=\"slide-gallery-image-link\" title=\"IOM_MemorandumPage6\" href=\"https:\/\/aeronet.news\/wp-content\/uploads\/IOM_MemorandumPage6.jpg\" data-caption=\"\" data-description=\"\"><img decoding=\"async\" loading=\"lazy\" class=\"aligncenter\" src=\"https:\/\/aeronet.news\/wp-content\/uploads\/IOM_MemorandumPage6-268x357.jpg\" alt=\"\" width=\"521\" height=\"694\" \/><\/a><\/figure>\n<\/div>\n<div class=\"td-slide-item td-item6\">\n<figure class=\"td-slide-galery-figure td-slide-popup-gallery\"><img decoding=\"async\" loading=\"lazy\" class=\"aligncenter\" src=\"https:\/\/aeronet.news\/wp-content\/uploads\/IOM_MemorandumPage7-268x357.jpg\" alt=\"\" width=\"528\" height=\"703\" \/><\/figure>\n<\/div>\n<\/div>\n<\/div>\n<\/div>\n<\/div>\n<p>To je \u00fapln\u011b to sam\u00e9, jako kdyby Petr Fiala, p\u0159i sv\u00e9 zn\u00e1m\u00e9 rusofobii, v klidu toleroval, \u017ee mu jeho ODS n\u011bkde na radnici n\u011bjak\u00e9ho m\u011bsta podepisuje smlouvu s rusk\u00fdm Gazpromem na dod\u00e1vky v\u00edce rusk\u00e9ho plynu do dan\u00e9ho m\u011bsta! N\u011bco takov\u00e9ho si nedovedu v p\u0159\u00edpad\u011b Fialovy ODS p\u0159edstavit. Ov\u0161em jak je mo\u017en\u00e9, \u017ee v p\u0159\u00edpad\u011b SPD se to d\u011bje za b\u00edl\u00e9ho dne, kdy alternativn\u00ed strana, kter\u00e1 se ozna\u010duje za alternativn\u00ed, toleruje \u010dlen\u016fm sv\u00e9 strany na radnic\u00edch podepisov\u00e1n\u00ed smluv s migra\u010dn\u00ed neziskovkou OSN na integraci uprchl\u00edk\u016f a migrant\u016f ve m\u011bst\u011b a v regionu? A vymlouvat se na to, \u017ee nic se ned\u011bje, proto\u017ee v ostatn\u00edch m\u011bstech \u010cR to radnice d\u011blaj\u00ed stejn\u011b a tak\u00e9 u\u017e to s IOM podepsaly? To jako fakt? To jako v\u00e1\u017en\u011b? Ocitujeme si, co p\u00ed\u0161e\u00a0<strong>[<a href=\"https:\/\/href.li\/?https:\/\/www.loc.gov\/item\/lcwaN0011175\/\" target=\"_blank\" rel=\"nofollow noopener\">5<\/a>]<\/strong>\u00a0Knihovna americk\u00e9ho Kongresu o t\u00e9to neziskovce:<\/p>\n<h4><span style=\"font-size: 18pt;\">Mezin\u00e1rodn\u00ed organizace pro migraci<\/span><\/h4>\n<p>Mezin\u00e1rodn\u00ed organizace pro migraci (IOM) je mezivl\u00e1dn\u00ed organizace, kter\u00e1 poskytuje slu\u017eby a poradenstv\u00ed v oblasti migrace vl\u00e1d\u00e1m a migrant\u016fm, v\u010detn\u011b vnit\u0159n\u011b vys\u00eddlen\u00fdch osob, uprchl\u00edk\u016f a migruj\u00edc\u00edch pracovn\u00edk\u016f. Od z\u00e1\u0159\u00ed 2016 se stala p\u0159idru\u017eenou organizac\u00ed Organizace spojen\u00fdch n\u00e1rod\u016f.<\/p>\n<p>P\u016fvodn\u011b byla zalo\u017eena v roce 1951 jako Mezivl\u00e1dn\u00ed v\u00fdbor pro evropskou migraci (ICEM) s c\u00edlem pomoci p\u0159es\u00eddlit lidi vys\u00eddlen\u00e9 v d\u016fsledku druh\u00e9 sv\u011btov\u00e9 v\u00e1lky. K \u010dervnu 2016 m\u00e1 Mezin\u00e1rodn\u00ed organizace pro migraci 165 \u010dlensk\u00fdch st\u00e1t\u016f a 8 pozorovatelsk\u00fdch st\u00e1t\u016f.<\/p>\n<p><span style=\"font-size: 18pt;\"><strong>Je hlavn\u00ed mezivl\u00e1dn\u00ed organizac\u00ed v oblasti migrace na sv\u011bt\u011b.<\/strong><\/span><\/p>\n<p>Deklarovan\u00fdm posl\u00e1n\u00edm IOM je podporovat hum\u00e1nn\u00ed a spo\u0159\u00e1danou migraci poskytov\u00e1n\u00edm slu\u017eeb a poradenstv\u00ed vl\u00e1d\u00e1m a migrant\u016fm.<\/p>\n<p>IOM se sna\u017e\u00ed pom\u00e1hat a\u00a0<strong>zaji\u0161\u0165ovat \u0159\u00e1dn\u00e9 a hum\u00e1nn\u00ed \u0159\u00edzen\u00ed migrace<\/strong>, podporovat mezin\u00e1rodn\u00ed spolupr\u00e1ci v ot\u00e1zk\u00e1ch migrace, pom\u00e1hat p\u0159i hled\u00e1n\u00ed praktick\u00fdch \u0159e\u0161en\u00ed migra\u010dn\u00edch probl\u00e9m\u016f a poskytovat humanit\u00e1rn\u00ed pomoc migrant\u016fm v nouzi, a\u0165 u\u017e se jedn\u00e1 o uprchl\u00edky, vys\u00eddlen\u00e9 osoby nebo jin\u00e9 osoby bez domova.<\/p>\n<p><strong>\u00dastava IOM v\u00fdslovn\u011b uzn\u00e1v\u00e1 souvislost mezi migrac\u00ed a hospod\u00e1\u0159sk\u00fdm, soci\u00e1ln\u00edm a kulturn\u00edm rozvojem, jako\u017e i\u00a0pr\u00e1vo na voln\u00fd pohyb osob.<\/strong>\u00a0IOM pracuje ve \u010dty\u0159ech \u0161irok\u00fdch oblastech \u0159\u00edzen\u00ed migrace: migrace a rozvoj, usnad\u0148ov\u00e1n\u00ed migrace, regulace migrace a \u0159e\u0161en\u00ed nucen\u00e9 migrace.<\/p>\n<p>Mezi pr\u016f\u0159ezov\u00e9 \u010dinnosti pat\u0159\u00ed podpora mezin\u00e1rodn\u00edho migra\u010dn\u00edho pr\u00e1va, politick\u00e9 diskuse a poradenstv\u00ed, ochrana pr\u00e1v migrant\u016f, zdrav\u00ed migrant\u016f a genderov\u00fd rozm\u011br migrace. Krom\u011b toho IOM \u010dasto organizuje volby pro uprchl\u00edky mimo jejich domovskou zemi, jako tomu bylo v p\u0159\u00edpad\u011b afgh\u00e1nsk\u00fdch voleb v roce 2004 a ir\u00e1ck\u00fdch voleb v roce 2005. IOM \u00fazce spolupracuje s vl\u00e1dn\u00edmi, mezivl\u00e1dn\u00edmi a nevl\u00e1dn\u00edmi partnery.<\/p>\n<h6><span style=\"font-size: 18pt;\">Migra\u010dn\u00ed pakt EU je schv\u00e1len a neziskovky te\u010f ji\u017e chystaj\u00ed smlouvy s m\u011bsty a obcemi nejen v \u010cR. Migrace je globalisty pe\u010dliv\u011b organizovan\u00fd proces<\/span><\/h6>\n<p>Ukrajinsk\u00e1 migra\u010dn\u00ed krize je pouze z\u00e1st\u011brka pro podpisy t\u011bchto memorand mezi radnicemi v \u010cR a organizac\u00ed IOM, proto\u017ee ta skute\u010dn\u00e1 role pro tuto neziskovku je teprve chyst\u00e1na, a to pr\u00e1v\u011b te\u010f po schv\u00e1len\u00ed Migra\u010dn\u00edho paktu EU. Napln\u011bn\u00ed paragrafu 63 odst. 3 Migra\u010dn\u00edho paktu je ot\u00e1zkou chv\u00edle, ne\u017e n\u011bjak\u00e1 velk\u00e1 migra\u010dn\u00ed hostitelsk\u00e1 zem\u011b v EU \u0159ekne, \u017ee u\u017e nem\u016f\u017ee dal\u0161\u00ed migranty p\u0159ijmout a bude po\u017eadovat p\u0159erozd\u011blen\u00ed do zem\u00ed, kter\u00e9 se migrant\u016fm zat\u00edm br\u00e1n\u00ed pomoc\u00ed placen\u00ed odpustk\u016f za ka\u017ed\u00e9ho nep\u0159ijat\u00e9ho migranta. Ten okam\u017eik nastane bu\u010f objektivn\u011b, anebo konceptu\u00e1ln\u011b.<\/p>\n<figure id=\"attachment_59343\" class=\"wp-caption aligncenter\" style=\"width: 801px;\"><a href=\"https:\/\/aeronet.news\/wp-content\/uploads\/IOM_UsnadneniMigraceSample.jpg\"><img decoding=\"async\" loading=\"lazy\" class=\"wp-image-59343 \" src=\"https:\/\/aeronet.news\/wp-content\/uploads\/IOM_UsnadneniMigraceSample.jpg\" sizes=\"(max-width: 799px) 100vw, 799px\" srcset=\"https:\/\/aeronet.news\/wp-content\/uploads\/IOM_UsnadneniMigraceSample.jpg 799w, https:\/\/aeronet.news\/wp-content\/uploads\/IOM_UsnadneniMigraceSample-240x300.jpg 240w, https:\/\/aeronet.news\/wp-content\/uploads\/IOM_UsnadneniMigraceSample-768x960.jpg 768w, https:\/\/aeronet.news\/wp-content\/uploads\/IOM_UsnadneniMigraceSample-700x875.jpg 700w, https:\/\/aeronet.news\/wp-content\/uploads\/IOM_UsnadneniMigraceSample-286x357.jpg 286w, https:\/\/aeronet.news\/wp-content\/uploads\/IOM_UsnadneniMigraceSample-386x483.jpg 386w\" alt=\"\" width=\"801\" height=\"1002\" \/><\/a><figcaption class=\"wp-caption-text\">Uk\u00e1zka agendy IOM z jejich \u010desk\u00e9 verze webu<\/figcaption><\/figure>\n<h6><span style=\"font-size: 18pt;\">Reakce m\u00edstostarostky a obhajoba podpisu smlouvy s migra\u010dn\u00ed neziskovkou<\/span><\/h6>\n<p>Bu\u010f t\u0159eba N\u011bmecko objektivn\u011b nebude moci dal\u0161\u00ed migranty ji\u017e zvl\u00e1dnout, a t\u00edm dojde k aktivaci paragrafu 63 migra\u010dn\u00edho paktu, anebo to bude pl\u00e1n a koncept N\u011bmecka, jak p\u0159inutit k p\u0159ij\u00edm\u00e1n\u00ed migrant\u016f i ty zem\u011b, kter\u00e9 se zat\u00edm z t\u00e9to povinnosti jen vypl\u00e1celi pen\u011bzi. Jedna \u010di druh\u00e1 varianta nastane, o tom nen\u00ed pochyb.\u00a0<strong>A jestli tohle Tomio nev\u00ed, riskuje opravdu kolaps a rozvrat d\u016fv\u011bry voli\u010d\u016f alternativy v autentickou anti-migra\u010dn\u00ed politiku.<\/strong><\/p>\n<p>Nelze toti\u017e kritizovat a \u0159v\u00e1t na ministra Raku\u0161ana za podpis nebezpe\u010dn\u00e9ho a skand\u00e1ln\u00edho Migra\u010dn\u00edho paktu, a p\u0159itom na Znojm\u011b v tichosti a s kump\u00e1ny z ANO podepisovat smlouvu s nejprofl\u00e1knut\u011bj\u0161\u00ed globalistickou migra\u010dn\u00ed neziskovku na sv\u011bt\u011b. A neomlouv\u00e1 v\u00e1s to, \u017ee Ukrajinc\u016f je tam u v\u00e1s mnoho. Pro\u010d se neobr\u00e1t\u00edte na \u010desk\u00e9 neziskov\u00e9 organizace? Nebo jich je v \u010cesku m\u00e1lo? Nebo se neum\u00ed postarat o Ukrajince tak, jako to um\u00ed americko-\u0161v\u00fdcarsk\u00e1 NGO velryba pod kryt\u00edm OSN? Sorry, jako! M\u00edstostarostka Znojma za SPD Petra Sved\u00edkov\u00e1 V\u00e1vrov\u00e1 v reakci na novinov\u00fd \u010dl\u00e1nek Znojemsk\u00e9ho T\u00fddne napsala\u00a0<strong>[<a href=\"https:\/\/href.li\/?https:\/\/www.facebook.com\/permalink.php?story_fbid=pfbid02er7iwiQbciyy1hZVCAgsNe1CCRtxX9ch6rsadzvpiRUwkc2JTKsFQvpJ1zomskgjl&amp;id=100063807891679\" target=\"_blank\" rel=\"nofollow noopener\">6<\/a>]<\/strong>\u00a0na Facebooku toto:<\/p>\n<figure id=\"attachment_59348\" class=\"wp-caption aligncenter\" style=\"width: 696px;\"><a href=\"https:\/\/aeronet.news\/wp-content\/uploads\/PetraSvedikovaVavrovaStatement.jpg\"><img decoding=\"async\" loading=\"lazy\" class=\"wp-image-59348\" src=\"https:\/\/aeronet.news\/wp-content\/uploads\/PetraSvedikovaVavrovaStatement.jpg\" sizes=\"(max-width: 700px) 100vw, 700px\" srcset=\"https:\/\/aeronet.news\/wp-content\/uploads\/PetraSvedikovaVavrovaStatement.jpg 694w, https:\/\/aeronet.news\/wp-content\/uploads\/PetraSvedikovaVavrovaStatement-242x300.jpg 242w, https:\/\/aeronet.news\/wp-content\/uploads\/PetraSvedikovaVavrovaStatement-288x357.jpg 288w, https:\/\/aeronet.news\/wp-content\/uploads\/PetraSvedikovaVavrovaStatement-390x483.jpg 390w\" alt=\"\" width=\"696\" height=\"861\" \/><\/a><figcaption class=\"wp-caption-text\">Reakce m\u00edstostarostky na \u010dl\u00e1nek Znojemsk\u00e9ho T\u00fddne<\/figcaption><\/figure>\n<p>Vyj\u00e1d\u0159en\u00ed pan\u00ed m\u00edstostarostky nebudeme komentovat, pouze se omez\u00edme na konstatov\u00e1n\u00ed, \u017ee pokud SPD je proti Migra\u010dn\u00edmu paktu a povinn\u00e9mu p\u0159erozd\u011blov\u00e1n\u00ed migrant\u016f, ke kter\u00e9mu dojde v p\u0159\u00edpad\u011b \u201c<em>nevole velk\u00fdch zem\u00ed tolerovat men\u0161\u00edm zem\u00edm jejich placen\u00ed odpustk\u016f<\/em>\u201c, tak\u00a0<strong>podle paragrafu (\u010dl\u00e1nku) 63 odst. 3 pr\u00e1v\u011b schv\u00e1len\u00e9ho Migra\u010dn\u00edho paktu EU za\u010dnou do \u010desk\u00fdch m\u011bst, i do Znojma, proudit tis\u00edce migrant\u016f z Afriky, ze zem\u00ed Maghrebu a Sahelu<\/strong>, ale to u\u017e bude pozd\u011b n\u011bco \u0159e\u0161it, proto\u017ee smlouvy s neziskovkami p\u0159ece u\u017e jsou podepsan\u00e9, dotace od EU pro m\u011bsto a neziskovku jsou tak\u00e9 odeslan\u00e9\u2026 \u017ee, a tak d\u00e1le.<\/p>\n<p>Tak a\u0165 se o ty migranty postaraj\u00ed tady na m\u011bst\u011b za n\u00e1s ti, co t\u00e9 migraci rozum\u00ed\u2026 d\u011bv\u010data a ho\u0161i z migra\u010dn\u00ed neziskovky OSN! To je p\u0159esn\u011b ten \u0161\u00edlen\u00fd a naprosto nepochopiteln\u00fd vzkaz, kter\u00fd bohu\u017eel z argumentace v\u00fd\u0161e uveden\u00e9 reakce pan\u00ed m\u00edstostarostky vypl\u00fdv\u00e1, a tak je mi z toho smutno. Protimigra\u010dn\u00ed strana mus\u00ed migraci p\u0159ece odporovat, ne podporovat a ne podepisovat smlouvy s migra\u010dn\u00edmi neziskovkami!<\/p>\n<p>Disclaimer: Tento \u010dl\u00e1nek nevznikl s c\u00edlem pliv\u00e1n\u00ed na SPD p\u0159ed volbami, jak ur\u010dit\u011b na n\u00e1s za\u010dne n\u011bkdo op\u011bt k\u0159i\u010det, ale s c\u00edlem apelace voli\u010d\u016f SPD a ob\u010dan\u016f ve Znojm\u011b\u00a0<strong>[<a href=\"https:\/\/href.li\/?http:\/\/znoj-tyden.cz\/aktualne-zpravodajstvi\/zruste-promigracni-memorandum-zadaji-lide-vedeni-znojma\/\" target=\"_blank\" rel=\"nofollow noopener\">7<\/a>]<\/strong>\u00a0na veden\u00ed SPD, kterou pouze tlumo\u010d\u00edme, aby urychlen\u011b p\u0159ed volbami do EU parlamentu se veden\u00ed partaje zasadilo o zru\u0161en\u00ed smlouvy s IOM nejen ve Znojm\u011b, ale ve v\u0161ech m\u011bstech v \u010cR, kde se SPD pod\u00edl\u00ed \u010di podporuje nebo toleruje existenci koalic. Pr\u00e1v\u011b te\u010f, kdy\u017e do\u0161lo ke schv\u00e1len\u00ed Migra\u010dn\u00edho paktu EU v Bruselu, je nade v\u0161echno jasn\u00e9, \u017ee tyto smlouvy m\u011bst v \u010cR s migra\u010dn\u00ed organizac\u00ed pod k\u0159\u00eddly Vysok\u00e9ho komisa\u0159e OSN pro migraci dalece p\u0159esahuj\u00ed r\u00e1mec pouh\u00e9 starosti o Ukrajince. Je to agenda OSN a frontov\u00e1 p\u0159\u00edprava NGO sektoru na implementaci Migra\u010dn\u00edho paktu EU a p\u0159ij\u00edman\u00ed migrant\u016f z Afriky v jednotliv\u00fdch \u010dlensk\u00fdch zem\u00edch unie v dob\u011b, a\u017e bude Migra\u010dn\u00ed pakt EU implementov\u00e1n od legislativ n\u00e1rodn\u00edch st\u00e1t\u016f v EU.<\/p>\n<p style=\"text-align: left;\"><a href=\"https:\/\/aeronet.news\/migracni-neziskovka-osn-se-sidlem-ve-svycarsku-bude-ve-znojme-a-v-okoli-zaclenovat-uprchliky-z-ukrajiny-a-potencialne-v-budoucnu-i-z-jinych-zemi-do-regionu-na-radnici-to-schvalila-koalice\/\">-VK- \u0160\u00e9fredaktor AE News<\/a><\/p>\n<p>&nbsp;<\/p>\n<p>&nbsp;<\/p>\n","protected":false},"excerpt":{"rendered":"<p>Migra\u010dn\u00ed neziskovka OSN se s\u00eddlem ve \u0160v\u00fdcarsku bude ve Znojm\u011b a v okol\u00ed za\u010dle\u0148ovat uprchl\u00edky&#8230;<\/p>\n","protected":false},"author":2,"featured_media":52383,"comment_status":"closed","ping_status":"closed","sticky":false,"template":"","format":"standard","meta":[],"categories":[6],"tags":[1042,992,186,7192,7193],"_links":{"self":[{"href":"https:\/\/www.infokuryr.cz\/n\/wp-json\/wp\/v2\/posts\/52382"}],"collection":[{"href":"https:\/\/www.infokuryr.cz\/n\/wp-json\/wp\/v2\/posts"}],"about":[{"href":"https:\/\/www.infokuryr.cz\/n\/wp-json\/wp\/v2\/types\/post"}],"author":[{"embeddable":true,"href":"https:\/\/www.infokuryr.cz\/n\/wp-json\/wp\/v2\/users\/2"}],"replies":[{"embeddable":true,"href":"https:\/\/www.infokuryr.cz\/n\/wp-json\/wp\/v2\/comments?post=52382"}],"version-history":[{"count":0,"href":"https:\/\/www.infokuryr.cz\/n\/wp-json\/wp\/v2\/posts\/52382\/revisions"}],"wp:featuredmedia":[{"embeddable":true,"href":"https:\/\/www.infokuryr.cz\/n\/wp-json\/wp\/v2\/media\/52383"}],"wp:attachment":[{"href":"https:\/\/www.infokuryr.cz\/n\/wp-json\/wp\/v2\/media?parent=52382"}],"wp:term":[{"taxonomy":"category","embeddable":true,"href":"https:\/\/www.infokuryr.cz\/n\/wp-json\/wp\/v2\/categories?post=52382"},{"taxonomy":"post_tag","embeddable":true,"href":"https:\/\/www.infokuryr.cz\/n\/wp-json\/wp\/v2\/tags?post=52382"}],"curies":[{"name":"wp","href":"https:\/\/api.w.org\/{rel}","templated":true}]}}