{"id":52380,"date":"2024-04-25T00:45:18","date_gmt":"2024-04-24T22:45:18","guid":{"rendered":"https:\/\/www.infokuryr.cz\/n\/?p=52380"},"modified":"2024-04-25T06:21:25","modified_gmt":"2024-04-25T04:21:25","slug":"nedelnik-adama-b-bartose-161-jako-na-houpacce","status":"publish","type":"post","link":"https:\/\/www.infokuryr.cz\/n\/2024\/04\/25\/nedelnik-adama-b-bartose-161-jako-na-houpacce\/","title":{"rendered":"NED\u011aLN\u00cdK ADAMA B. BARTO\u0160E (161) JAKO NA HOUPA\u010cCE"},"content":{"rendered":"<div id=\"fb-root\"><\/div>\n<p>Po\u010das\u00ed je jako na houpa\u010dce \u2013 v\u0161ak je tak\u00e9 duben. Jen\u017ee jin\u00e9 dubny se apr\u00edlov\u00e9 po\u010das\u00ed vyzna\u010duje t\u00edm, \u017ee chv\u00edli pr\u0161\u00ed, chv\u00edli sv\u00edt\u00ed slun\u00ed\u010dko, chv\u00edli pr\u0161\u00ed, chv\u00edli sv\u00edt\u00ed slun\u00ed\u010dko, asi jako kdy\u017e pejsek s ko\u010di\u010dkou v\u011b\u0161eli pr\u00e1dlo. Letos je to jin\u00e9 \u2013 n\u011bkolik dn\u016f se op\u00e9k\u00e1me na slun\u00ed\u010dku v letn\u00edch teplot\u00e1ch, abychom pak zase n\u011bkolik dn\u016f mrzli, op\u011bt \u0161krabali \u010deln\u00ed skla sv\u00fdch plechov\u00fdch p\u0159ibli\u017eovadel a zap\u00ednali ji\u017e vypnut\u00e1 topen\u00ed. P\u0159ed \u010dtrn\u00e1cti dny jsem pracoval na zahrad\u011b pouze spo\u0159e od\u011bn, t\u00fdden pot\u00e9 padal sn\u00edh a teploty padaly jak preference TOP09 \u2013 na nulu. Od\u011bn jsem nyn\u00ed musel b\u00fdt naopak hojn\u011b \u2013 nesta\u010dily ani dva svetry.<span id=\"more-14183\"><\/span><\/p>\n<p>V politice tomu nen\u00ed jinak. I zde je to jako na houpa\u010dce. V jednu chv\u00edli to vypad\u00e1, \u017ee Ameri\u010dan\u00e9 v\u00e1lku na Ukrajin\u011b odp\u00edskali \u2013 n\u011bkolik m\u011bs\u00edc\u016f jsme sledovali jeden takov\u00fd sign\u00e1l za druh\u00fdm \u2013 aby nakonec zase schv\u00e1lili dal\u0161\u00ed bal\u00edk pomoci a v\u00e1lku tak alespo\u0148 o p\u00e1r m\u011bs\u00edc\u016f prodlou\u017eili. To, co je\u0161t\u011b p\u0159ed 14 dny vypadalo jako hotovka (USA se zam\u011b\u0159\u00ed na pomoc Izraeli, \u010c\u00ednu p\u0159estanou provokovat a ukrajinskou v\u00e1le\u010dnou ka\u0161i nech\u00e1 vyl\u00edzat dut\u00e9 Evrop\u011b), je dnes zase jinak a m\u016f\u017eeme se jen domn\u00edvat, co za t\u00edm n\u00e1hl\u00fdm obratem stoj\u00ed.<\/p>\n<p>A tak dut\u00e9 hlavy v\u00e1le\u010dn\u00fdch \u0161tv\u00e1\u010d\u016f v Evrop\u011b mohou bouchat \u0161ampa\u0148sk\u00e9, proto\u017ee hra na v\u00e1lku nekon\u010d\u00ed, politici mohou d\u00e1l stra\u0161it ob\u010dany Putinem, honit si p\u0159ed nimi triko, jak mu to nandaj\u00ed (Macron, Fiala), obvi\u0148ovat opozi\u010dn\u00ed strany z dezol\u00e1tstv\u00ed a nad\u00e1vat jejich p\u0159edstavitel\u016fm do rusk\u00fdch \u0161v\u00e1b\u016f, kter\u00e9 je t\u0159eba pat\u0159i\u010dn\u011b rozdrtit a zam\u00e1\u010dknout.<\/p>\n<p>Fialova stejn\u011b ne\u010dekan\u011b kvapn\u00e1 n\u00e1v\u0161t\u011bva v B\u00edl\u00e9m dom\u011b rovn\u011b\u017e nev\u011bst\u00ed nic dobr\u00e9ho. Zat\u00edmco \u010de\u0161t\u00ed politi\u010dt\u00ed koment\u00e1to\u0159i \u0159e\u0161\u00ed nesmysly typu, zda m\u011bl Fiala pravdu, kdy\u017e \u0159ekl, \u017ee jsou vztahy \u010cR a USA nejlep\u0161\u00ed za celou dobu (vad\u00ed jim, \u017ee si pr\u00fd p\u0159isvojuje ciz\u00ed z\u00e1sluhy, proto\u017ee lep\u0161\u00ed byly \u2013 jak jinak \u2013 za Havla, \u017ee, ehm, ehm?), m\u00edsto, aby se ptali, co se tam \u0159e\u0161ilo a s jak\u00fdmi notami premi\u00e9r odjel. Nev\u00edm, zda jsou vztahy nejlep\u0161\u00ed, ale ur\u010dit\u011b bych \u0159ekl, \u017ee za Fialy m\u00e1 \u010cR vztahy k USA nej\u00faslu\u017en\u011bj\u0161\u00ed \u2013 jsme opravdu dob\u0159e vycvi\u010den\u00fd ps\u00edk, kter\u00fd nejen poslouch\u00e1 na slovo (sedni!, lehni!), ale ob\u010das i s\u00e1m od sebe zapan\u00e1\u010dkuje, p\u0159inese dementn\u00edmu sta\u0159\u00edkovi papu\u010dku a \u010dek\u00e1 na n\u011bj i p\u0159ed dve\u0159mi na toaletu, jak je na n\u011bm citov\u011b z\u00e1visl\u00fd. Ale za tuto ps\u00ed v\u011brnost si jist\u011b Fiala nejel vyslechnout pod\u011bkov\u00e1n\u00ed. To, \u017ee s sebou vzal v\u0161echny \u0161\u00e9fy \u010desk\u00fdch tajn\u00fdch slu\u017eeb, kte\u0159\u00ed se se\u0161li v centr\u00e1le CIA, sv\u011bd\u010d\u00ed o tom, \u017ee \u010cR dostala nejsp\u00ed\u0161e n\u011bjakou \u0161pinavou pr\u00e1ci, kterou bude muset pro americk\u00e9ho p\u00e1n\u00ed\u010dka ud\u011blat, aby si ten neumazal ruce a neztratil tv\u00e1\u0159. V dne\u0161n\u00ed dob\u011b zjit\u0159en\u00e9 nen\u00e1vist\u00ed proti v\u0161emu rusk\u00e9mu se m\u016f\u017eeme celkem opr\u00e1vn\u011bn\u011b ob\u00e1vat, \u017ee to bude m\u00edt co do \u010din\u011bn\u00ed s Ruskem, proto\u017ee \u010desk\u00fd ps\u00edk ze v\u0161ech evropsk\u00fdch sk\u00e1\u010de na povel (trhej Putina!) nejv\u00fd\u0161e, a tak byl vybr\u00e1n, aby poslou\u017eil jako pov\u011bstn\u00fd mou\u0159en\u00edn.<\/p>\n<p>Je\u0161t\u011b m\u00e1me v \u017eiv\u00e9 pam\u011bti dosud nevy\u0159e\u0161enou, ale celkem \u010ditelnou a prvopl\u00e1nov\u011b trapnou provokaci ve Vrb\u011btic\u00edch, kde byl v\u00fdbuch muni\u010dn\u00edho skladu, zcela jist\u011b narafi\u010den\u00fd tak, aby zakryl skute\u010dnost, \u017ee ve skladu nic nen\u00ed, sveden na Putina rovn\u011b\u017e. Letos zase tajn\u00e9 slu\u017eby rozehr\u00e1ly dal\u0161\u00ed protiruskou provokaci s \u00fadajnou ruskou vlivovou s\u00edt\u00ed, kter\u00e1 m\u011bla upl\u00e1cet politiky, aby d\u00e1vali rozhovory nezn\u00e1m\u00e9mu internetov\u00e9mu serveru, ve kter\u00fdch se m\u011bli vyslovovat pro m\u00edr. Toto hanebn\u00e9 po\u010d\u00edn\u00e1n\u00ed bylo ihned zatepla nabonzov\u00e1no tajn\u00fdm slu\u017eb\u00e1m sp\u0159\u00e1telen\u00fdch zem\u00ed, kter\u00e9 \u2013 podobn\u011b hystericky, fanaticky a afektovan\u011b \u2013 za\u010dali pran\u00fd\u0159ovat svoji vlastn\u00ed protiv\u00e1le\u010dnou opozici a b\u00edt ji t\u00edmto \u201eCzech made\u201c klackem. Snaha ovlivnit evropsk\u00e9 volby a nasadit protisyst\u00e9mov\u00fdm, opozi\u010dn\u00edm a protiv\u00e1le\u010dn\u00fdm stran\u00e1m ps\u00ed hlavu zrady a kolaborace s nep\u0159\u00edtelem z toho \u010douh\u00e1 jako sl\u00e1ma z bot, proto\u017ee se mainstreamov\u00e9 strany nap\u0159\u00ed\u010d Evropou boj\u00ed, co by se stalo, kdyby v Evropsk\u00e9m parlamentu ztratily v\u011bt\u0161inu. Je mo\u017en\u00e9, \u017ee instrukce, kter\u00e9 si Fiala a jeho gener\u00e1lov\u00e9 odvezli z Washingtonu, se mohou t\u00fdkat t\u00e9to zpravodajsk\u00e9 operace, ale osobn\u011b se domn\u00edv\u00e1m, \u017ee jde o v\u00edc. Tohle nen\u00ed \u017e\u00e1dn\u00e1 \u2013 s prominut\u00edm \u2013 sranda. \u017de je Koudelka v s\u00eddle CIA pe\u010denej va\u0159enej, to u\u017e jsme si tak trochu zvykli, ale aby se tam nakvart\u00fdrovali hned v\u0161ichni \u0161\u00e9fov\u00e9 v\u0161ech t\u0159\u00ed \u010desk\u00fdch tajn\u00fdch slu\u017eeb, to zav\u00e1n\u00ed bu\u010f velk\u00fdm pr\u016fserem nebo p\u0159\u00edpravou velk\u00e9ho pr\u016fseru. A \u017ee byl jeden z nich jen p\u00e1r dn\u00ed na to po n\u00e1vratu do domoviny odvol\u00e1n, smrd\u00ed je\u0161t\u011b v\u00edce. Pro noty si nejedete s n\u011bk\u00fdm, koho chcete po v\u00edkendu odvolat, vezmete tam u\u017e nov\u00e9ho k\u00e1dra, aby byl \u0159\u00e1dn\u011b zasv\u011bcen p\u0159\u00edmo u zdroje \u2013 tady to vypad\u00e1, \u017ee gener\u00e1l s\u00e1m se n\u011b\u010deho nepl\u00e1novan\u011b zalekl a vzal do zaje\u010d\u00edch a \u0159e\u010di o odvol\u00e1n\u00ed to maj\u00ed jen zamaskovat. Panu Berounovi to m\u016f\u017ee b\u00fdt k dobru, jestli\u017ee se p\u0159ed p\u0159\u00edpadnou pras\u00e1rnou zamyslel a \u0159ekl si, zda mu to stoj\u00ed za to, aby se pak na sebe mohl d\u00edvat do zrcadla, ale pro n\u00e1s v\u0161echny to p\u0159\u00edli\u0161 dobr\u00e1 zpr\u00e1va nen\u00ed, proto\u017ee kdy\u017e u\u017e i \u0161\u00e9fov\u00e9 tajn\u00fdch slu\u017eeb dost\u00e1vaj\u00ed strach, bude to pras\u00e1rna asi v\u011bt\u0161\u00ed, ne\u017e si v\u016fbec dovedeme p\u0159edstavit, proto\u017ee na pras\u00e1rny jsme tu u\u017e zvykl\u00ed a kv\u016fli jen tak n\u011bjak\u00e9 pras\u00e1rn\u011b se p\u0159ece do civilu nezdrh\u00e1.<\/p>\n<p>Proto\u017ee jsou ale za m\u011bs\u00edc a p\u016fl evropsk\u00e9 volby, politici si daj\u00ed pozor, aby n\u00e1s nevystra\u0161ili p\u0159\u00edli\u0161. \u010cek\u00e1 n\u00e1s zase p\u0159edvolebn\u00ed selanka, v\u0161echno bude r\u016f\u017eov\u00e9, bude se sn\u00e1\u0161et fialov\u00e9 z nebes. Jestli Evropa p\u016fjde do v\u00e1lky s Ruskem (a nasunut\u00ed vojsk NATO na Ukrajinu, i kdy\u017e zat\u00edm jen k hl\u00edd\u00e1n\u00ed hranic \u010di objekt\u016f, takov\u00fdm za\u010d\u00e1tkem v\u00e1lky nesporn\u011b je), bude to a\u017e po \u010dervnov\u00fdch volb\u00e1ch.<\/p>\n<p>Proto je nutn\u00e9 ve volb\u00e1ch do Evropsk\u00e9ho parlamentu volit takov\u00e9 politiky, kte\u0159\u00ed \u0159\u00edkaj\u00ed v\u00e1lce jasn\u00e9 NE. Gener\u00e1lmajor Hynek Bla\u0161ko, europoslanec a l\u00eddr kandid\u00e1tky Aliance za nez\u00e1vislost \u010cR \u2013 nechceme euro, kde je i na\u0161e strana, N\u00e1rodn\u00ed demokracie, je takov\u00fdm politikem, kter\u00fd si nesmyslnost t\u00e9to v\u00e1lky uv\u011bdomuje. Dejte mu hlas (krou\u017eek) a \u2013 kdy\u017e u\u017e u toho budete \u2013 mn\u011b taky jeden nebo Honzovi Sedl\u00e1\u010dkovi nebo n\u011bjak\u00e9mu dal\u0161\u00edmu z kandid\u00e1t\u016f ND.<\/p>\n<p><span style=\"font-size: 10pt;\">Tituln\u00ed obr\u00e1zek: CD89.cz<\/span><\/p>\n<p><em>D\u011bkuji a \u2013 Vlasti zdar!<\/em><\/p>\n<p><em><a href=\"https:\/\/narodnidemokracie.cz\/nedelnik-adama-b-bartose-161-jako-na-houpacce\/\">Adam B. Barto\u0161<\/a><br \/>\n<\/em><em>\u00a0p\u0159edseda N\u00e1rodn\u00ed demokracie<br \/>\n<img decoding=\"async\" loading=\"lazy\" class=\"alignnone size-full wp-image-678\" src=\"http:\/\/www.infokuryr.cz\/n\/wp-content\/uploads\/2021\/04\/narodni_demokracie_logo.jpg\" alt=\"\" width=\"300\" height=\"85\" \/><br \/>\n<\/em><\/p>\n<p>____________________________<\/p>\n<p>&nbsp;<\/p>\n<p><a href=\"https:\/\/stranapro.cz\/\"><img decoding=\"async\" loading=\"lazy\" class=\"wp-image-40286 aligncenter\" src=\"http:\/\/www.infokuryr.cz\/n\/wp-content\/uploads\/2023\/11\/12pro-300x87.png\" alt=\"\" width=\"841\" height=\"244\" srcset=\"https:\/\/www.infokuryr.cz\/n\/wp-content\/uploads\/2023\/11\/12pro-300x87.png 300w, https:\/\/www.infokuryr.cz\/n\/wp-content\/uploads\/2023\/11\/12pro.png 366w\" sizes=\"(max-width: 841px) 100vw, 841px\" \/><\/a><\/p>\n<p>&nbsp;<\/p>\n<p>&nbsp;<\/p>\n<p>&nbsp;<\/p>\n","protected":false},"excerpt":{"rendered":"<p>Po\u010das\u00ed je jako na houpa\u010dce \u2013 v\u0161ak je tak\u00e9 duben. Jen\u017ee jin\u00e9 dubny se apr\u00edlov\u00e9&#8230;<\/p>\n","protected":false},"author":2,"featured_media":52381,"comment_status":"closed","ping_status":"closed","sticky":false,"template":"","format":"standard","meta":[],"categories":[6],"tags":[367,41,1503,27],"_links":{"self":[{"href":"https:\/\/www.infokuryr.cz\/n\/wp-json\/wp\/v2\/posts\/52380"}],"collection":[{"href":"https:\/\/www.infokuryr.cz\/n\/wp-json\/wp\/v2\/posts"}],"about":[{"href":"https:\/\/www.infokuryr.cz\/n\/wp-json\/wp\/v2\/types\/post"}],"author":[{"embeddable":true,"href":"https:\/\/www.infokuryr.cz\/n\/wp-json\/wp\/v2\/users\/2"}],"replies":[{"embeddable":true,"href":"https:\/\/www.infokuryr.cz\/n\/wp-json\/wp\/v2\/comments?post=52380"}],"version-history":[{"count":0,"href":"https:\/\/www.infokuryr.cz\/n\/wp-json\/wp\/v2\/posts\/52380\/revisions"}],"wp:featuredmedia":[{"embeddable":true,"href":"https:\/\/www.infokuryr.cz\/n\/wp-json\/wp\/v2\/media\/52381"}],"wp:attachment":[{"href":"https:\/\/www.infokuryr.cz\/n\/wp-json\/wp\/v2\/media?parent=52380"}],"wp:term":[{"taxonomy":"category","embeddable":true,"href":"https:\/\/www.infokuryr.cz\/n\/wp-json\/wp\/v2\/categories?post=52380"},{"taxonomy":"post_tag","embeddable":true,"href":"https:\/\/www.infokuryr.cz\/n\/wp-json\/wp\/v2\/tags?post=52380"}],"curies":[{"name":"wp","href":"https:\/\/api.w.org\/{rel}","templated":true}]}}