{"id":52378,"date":"2024-04-25T00:41:52","date_gmt":"2024-04-24T22:41:52","guid":{"rendered":"https:\/\/www.infokuryr.cz\/n\/?p=52378"},"modified":"2024-04-24T18:10:02","modified_gmt":"2024-04-24T16:10:02","slug":"jiri-pondelicek-bariera-se-droli","status":"publish","type":"post","link":"https:\/\/www.infokuryr.cz\/n\/2024\/04\/25\/jiri-pondelicek-bariera-se-droli\/","title":{"rendered":"Ji\u0159\u00ed Pond\u011bl\u00ed\u010dek: Bari\u00e9ra se drol\u00ed"},"content":{"rendered":"<div id=\"fb-root\"><\/div>\n<p><span style=\"font-size: 14pt;\"><strong>Tou bari\u00e9rou mysl\u00edm informa\u010dn\u00ed bari\u00e9ru, kterou praktikuj\u00ed prakticky v\u0161echna celospol\u0161n\u00e1 m\u00e9dia, snad jen s drobn\u00fdmi odchylkami. Nebylo mo\u017en\u00e9 si nepov\u0161imnout zatajov\u00e1n\u00ed mnoh\u00fdch ud\u00e1lost\u00ed, fale\u0161n\u00fdch v\u00fdklad\u016f, zav\u00e1d\u011bj\u00edc\u00ed terminologie a klamav\u00fdch titulk\u016f. Velk\u00e9 mno\u017estv\u00ed p\u0159em\u00fd\u0161liv\u00fdch lid\u00ed tak rychle ztr\u00e1celo d\u016fv\u011bru ve sd\u011blovac\u00ed prost\u0159edky a to v prvn\u00ed \u0159ad\u011b v televizn\u00ed zpravodajstv\u00ed.<\/strong><\/span><\/p>\n<p>Po vypuknut\u00ed ukrajinsk\u00e9ho konfliktu se vl\u00e1dnouc\u00ed neoliber\u00e1ln\u00ed pravicov\u00e1 klika dokonce pokusila o tvrd\u0161\u00ed zaveden\u00ed cenzury vypnut\u00edm nepohodln\u00fdch, \u00fadajn\u011b prorusk\u00fdch web\u016f. Nebylo jim to, bohud\u00edky, nic platn\u00e9. Nezabralo ani vyhro\u017eov\u00e1n\u00ed gener\u00e1ln\u00edho prokur\u00e1tora trest\u00e1n\u00edm za projeven\u00fd n\u00e1zor a ani prvn\u00ed politick\u00e9 procesy konan\u00e9 na z\u00e1klad\u011b vykonstruovan\u00fdch obvin\u011bn\u00ed nebo ban\u00e1ln\u00edch proh\u0159e\u0161k\u016f.<\/p>\n<p>Pr\u00e1v\u011b naopak.<\/p>\n<p>Do\u0161lo k rozvoji alternativn\u00edch m\u00e9di\u00ed\u00ed a ke zv\u00fd\u0161en\u00ed jejich sledov\u00e1n\u00ed a naopak k poklesu sledovanosti televizn\u00edch zpr\u00e1v. Prudce poklesla obliba um\u011blc\u016f, kte\u0159\u00ed halasn\u011b podporovali Fialovu vl\u00e1du a pon\u011bkud podivn\u011b a protin\u00e1rodn\u011b se projevuj\u00edc\u00edho prezidenta. \u0158ada skute\u010dnost\u00ed, kter\u00e9 d\u0159\u00edve byly pokl\u00e1d\u00e1ny za dezinformace se za\u010dala potvrzovat nebo objas\u0148ovat.<\/p>\n<p>U\u017e d\u0159\u00edve padly jako neudr\u017eiteln\u00e9, m\u00e9dii um\u011ble vytv\u00e1\u0159en\u00e9, fale\u0161n\u00e9 ikony typu posti\u017een\u00e9 \u017e\u00e1kyn\u011b Gr\u00e9ty, n\u00e1siln\u00edka Floyda nebo dobrodruha Navaln\u00e9ho. Pravda, jeho hv\u011bzda je\u0161t\u011b naposledy zaz\u00e1\u0159ila d\u00edky jeho \u00famrt\u00ed o n\u011bm\u017e n\u011bkter\u00e9 celebrity projevily znalost \u00fa\u017easn\u00fdch podrobnost\u00ed. Hned p\u0159i prvn\u00ed zpr\u00e1v\u011b o jeho smrti v n\u00e1pravn\u00e9m za\u0159\u00edzen\u00ed vyd\u00e1vali p\u0159edstavitel\u00e9 st\u00e1t\u016f prohl\u00e1\u0161en\u00ed o jeho umu\u010den\u00ed. Vz\u00e1cn\u00e9 jasnovidn\u00e9 schopnosti. Opravdu.<\/p>\n<p>U toho samoz\u0159ejm\u011b nez\u016fstalo.<\/p>\n<p>Postupn\u011b se za\u010daly objevovat solidn\u011b podlo\u017een\u00e9 pochybnosti o glob\u00e1ln\u00edm oteplov\u00e1n\u00ed a mnoz\u00ed odm\u00edtali nalet\u011bt na bajky o uhl\u00edkov\u00e9 stop\u011b. Je\u0161t\u011b ani neodezn\u011bla covidov\u00e1 pandemie a pros\u00e1kly informace o nestydat\u00fdch k\u0161eftech s vakc\u00ednami a jejich pochybn\u00fdch \u00fa\u010dinc\u00edch.\u00a0 A u n\u00e1s? Jen ti nejd\u016fv\u011b\u0159iv\u011bj\u0161\u00ed berou v\u00e1\u017en\u011b pov\u00edda\u010dku o dvou zbojn\u00edc\u00edch kte\u0159\u00ed vyhazuj\u00ed do pov\u011bt\u0159\u00ed vrb\u011btick\u00fd muni\u010d\u00e1k a to dvakr\u00e1t za sebou v del\u0161\u00edm \u010dasov\u00e9m intervalu.\u00a0 Stejn\u011b nev\u011brohodn\u011b p\u016fsob\u00ed chatrn\u00e9 konstrukce o ricinu a novi\u010doku.<\/p>\n<p><a href=\"https:\/\/stranapro.cz\/\"><img decoding=\"async\" loading=\"lazy\" class=\"wp-image-40285 aligncenter\" src=\"http:\/\/www.infokuryr.cz\/n\/wp-content\/uploads\/2023\/11\/11pro-300x79.png\" alt=\"\" width=\"668\" height=\"176\" srcset=\"https:\/\/www.infokuryr.cz\/n\/wp-content\/uploads\/2023\/11\/11pro-300x79.png 300w, https:\/\/www.infokuryr.cz\/n\/wp-content\/uploads\/2023\/11\/11pro.png 363w\" sizes=\"(max-width: 668px) 100vw, 668px\" \/><\/a><\/p>\n<p>V posledn\u00edch m\u011bs\u00edc\u00edch to graduje. Evropsk\u00e1 unie odhazuje masku demokracie a humanity a ukazuje svou uzurp\u00e1torskou a vyd\u011bra\u010dskou podstatu. Ov\u0161em\u017ee i nekompetentnost a hlup\u00e1ctv\u00ed sv\u00fdch p\u0159edstavitel\u016f. \u00dadajn\u00e9 konspira\u010dn\u00ed teorie o\u00a0 o pl\u00e1novan\u00e9m o\u017eebra\u010den\u00ed a zotro\u010den\u00ed obyvatelstva ve jm\u00e9nu tak zvan\u00e9 z\u00e1chrany planety se potvrdily v publikac\u00edch Klause Schwaba a jeho souputn\u00edk\u016f. Na ve\u0159ejnost pronikly stejn\u011b hroziv\u00e9 pl\u00e1ny prosazovan\u00e9 Sv\u011btov\u00fdm ekonomick\u00fdcm f\u00f3rem, reprezentuj\u00edc\u00edm z\u00e1jmy \u00fazk\u00e9 skupiny nadn\u00e1rodn\u00edch finan\u010dn\u00edch elit. Zd\u016fvod\u0148uje se to op\u011bt ekologick\u00fdmi argumenty, jejich\u017e povrchnost a nev\u011brohodnost jen st\u011b\u017e\u00ed zakr\u00fdv\u00e1 mocenskou a majetkovou motivaci.<\/p>\n<p>Ani v\u00e1le\u010dn\u00e1 propaganda u\u017e moc nezab\u00edr\u00e1. Velk\u00e9 mno\u017estv\u00ed zpr\u00e1v na\u0161ich m\u00e9di\u00ed z ukrajinsk\u00e9ho konfliktu se uk\u00e1zalo jako nepodlo\u017een\u00fdch a\u017e nesmysln\u00fdch, provalila se licom\u011brnost z\u00e1padn\u00edch st\u00e1tn\u00edk\u016f ve v\u011bci dohod Minsk I. a Minsk II. Nepoda\u0159ilo se utajit \u010dinnost problematick\u00fdch biologick\u00fdch laborato\u0159\u00ed na Ukrajin\u011b a jejich napojen\u00ed na rodinu americk\u00e9ho prezidenta. Nepoda\u0159ilo se sv\u00e9st na Rusy sabot\u00e1\u017e plynovodu v Baltsk\u00e9m mo\u0159i a jako pochybn\u00e9 se jev\u00ed mnoh\u00e9 dal\u0161\u00ed zpr\u00e1vy z ukrajinsk\u00e9ho boji\u0161t\u011b. U\u017e se i prozradilo \u017ee mohlo b\u00fdt d\u00e1vno po v\u00e1lce a \u017ee v tom Anglie sehr\u00e1la neblahou roli. A dal\u0161\u00ed a dal\u0161\u00ed. D\u016fsledek je logick\u00fd. St\u00e1le m\u00e9n\u011b lid\u00ed bere zpravodajsk\u00e9 po\u0159ady v\u00e1\u017en\u011b a \u010dasto je v\u016fbec nebere na v\u011bdom\u00ed. Zoufal\u00e1 politika sou\u010dasn\u00e9 vl\u00e1dy se pak jev\u00ed v pln\u00e9 nahot\u011b sv\u00e9 ubohosti a nesv\u00e9pr\u00e1vn\u00e9ho vazalstv\u00ed.<\/p>\n<p>Dnes u\u017e nelze utajit ani p\u0159\u00edpady n\u00e1siln\u00e9ho chov\u00e1n\u00ed migrant\u016f a arogance\u00a0 muslimsk\u00fdch sekt. Nahromad\u011bn\u00e9 probl\u00e9my s migranty a agresivn\u00edmi mohamed\u00e1ny v z\u00e1padoevropsk\u00fdch m\u011bstech u\u017e jsou v\u0161eobecn\u011b zn\u00e1my a nelze se divit \u017ee \u010d\u00edm d\u00e1l v\u00edce na\u0161ich ob\u010dan\u016f odm\u00edt\u00e1 n\u00e1tlak EU na jejich p\u0159ij\u00edm\u00e1n\u00ed a a s t\u00edm souvisej\u00edc\u00ed l\u017ei ministr\u016f dne\u0161n\u00ed vl\u00e1dy. U\u017e sotva n\u011bkdo soudn\u00fd bude prosazovat multikulturalismus jako cosi obohacuj\u00edc\u00edho. Padla nepodlo\u017een\u00e1 obvin\u011bn\u00ed A. Babi\u0161e stejn\u011b jako d\u0159\u00edve dehonesta\u010dn\u00ed drby o M. Zemanovi a J. Paroubkovi. U\u017e je zn\u00e1mo \u017ee chemtrails nen\u00ed \u017e\u00e1dn\u00e1 konspira\u010dn\u00ed teorie ale s\u00e9rie pokus\u016f s ovliv\u0148ov\u00e1n\u00edm po\u010das\u00ed. Jen ob\u010das \u0161patn\u011b pochopen\u00e1 d\u00edky nedostatku informac\u00ed.<\/p>\n<p>A lovci dezinformac\u00ed?<\/p>\n<p>Je p\u0159irozen\u00e9 \u017ee utajov\u00e1n\u00ed a zkreslov\u00e1n\u00ed informac\u00ed vede ke vznku f\u00e1m a to n\u011bkdy i dost divok\u00fdch. R\u016fzn\u00ed manipul\u00e1to\u0159i a elf\u00edci je pak s chut\u00ed odhaluj\u00ed jako dezinformace a konspira\u010dn\u00ed teorie, co\u017e docela dob\u0159e fungovalo jako sou\u010d\u00e1st propagandy. Chemtrails je toho z\u00e1\u0159n\u00fdm p\u0159\u00edkladem.<\/p>\n<p>Jak se zd\u00e1, tak u\u017e to ale tolik nefunguje.<\/p>\n<p>Kdy\u017e si to v\u0161echno shrneme tak je z\u0159ejm\u00e9 \u017ee globaliz\u00e1tor\u016fm se jejich propagandistick\u00e1 koncepce hrout\u00ed a hr\u00e1z zadr\u017euj\u00edc\u00ed zpr\u00e1vy a informace za\u010d\u00edn\u00e1 m\u00edt pov\u00e1\u017eliv\u00e9 trhliny. Zaj\u00edd\u00e1 se to i poctiv\u00fdm \u017eurnalist\u016fm, kte\u0159\u00ed si sv\u00e9 profese v\u00e1\u017e\u00ed a d\u00e1l se mocensk\u00fdm z\u00e1jm\u016fm necht\u011bj\u00ed pod\u0159izovat. Je evidentn\u00ed \u017ee se bl\u00ed\u017e\u00ed podstatn\u00e9 zm\u011bny a nadn\u00e1rodn\u00ed finan\u010dn\u00ed elity se maj\u00ed \u010deho ob\u00e1vat. Jsou st\u00e1le mocn\u00ed a st\u00e1le maj\u00ed vliv ale technologie jejich moci p\u0159est\u00e1v\u00e1 fungovat a jej\u00ed upev\u0148ov\u00e1n\u00ed se p\u0159est\u00e1v\u00e1 da\u0159it. Protesty s\u00edl\u00ed a volebn\u00ed preference globalistick\u00fdch stran sl\u00e1bnou. Zaslou\u017een\u011b.<\/p>\n<p>P\u0159ejme si, aby zm\u011bny, kter\u00e9 p\u0159ich\u00e1zej\u00ed prob\u011bhly v klidu a leg\u00e1ln\u00edmi prost\u0159edky. V Ma\u010farsku a na Slovensku se to u\u017e, jak se zd\u00e1, za\u010d\u00edn\u00e1 da\u0159it. Je na\u010dase, abychom se tak\u00e9 p\u0159ipravili a \u0161li k volb\u00e1m. A volili jako ob\u010dan\u00e9 a ne jako lokajov\u00e9.<\/p>\n<div class=\"autor\"><em><strong>Ji\u0159\u00ed Pond\u011bl\u00ed\u010dek<\/strong><\/em><\/div>\n<div class=\"motto\"><em>P\u0159edseda krajsk\u00e9 organizace Praha strany N\u00e1rodn\u00ed socialist\u00e9<\/em><\/div>\n<div><\/div>\n<div><\/div>\n<div><\/div>\n","protected":false},"excerpt":{"rendered":"<p>Tou bari\u00e9rou mysl\u00edm informa\u010dn\u00ed bari\u00e9ru, kterou praktikuj\u00ed prakticky v\u0161echna celospol\u0161n\u00e1 m\u00e9dia, snad jen s drobn\u00fdmi&#8230;<\/p>\n","protected":false},"author":2,"featured_media":31822,"comment_status":"closed","ping_status":"closed","sticky":false,"template":"","format":"standard","meta":[],"categories":[6],"tags":[28,1503,158,1698],"_links":{"self":[{"href":"https:\/\/www.infokuryr.cz\/n\/wp-json\/wp\/v2\/posts\/52378"}],"collection":[{"href":"https:\/\/www.infokuryr.cz\/n\/wp-json\/wp\/v2\/posts"}],"about":[{"href":"https:\/\/www.infokuryr.cz\/n\/wp-json\/wp\/v2\/types\/post"}],"author":[{"embeddable":true,"href":"https:\/\/www.infokuryr.cz\/n\/wp-json\/wp\/v2\/users\/2"}],"replies":[{"embeddable":true,"href":"https:\/\/www.infokuryr.cz\/n\/wp-json\/wp\/v2\/comments?post=52378"}],"version-history":[{"count":0,"href":"https:\/\/www.infokuryr.cz\/n\/wp-json\/wp\/v2\/posts\/52378\/revisions"}],"wp:featuredmedia":[{"embeddable":true,"href":"https:\/\/www.infokuryr.cz\/n\/wp-json\/wp\/v2\/media\/31822"}],"wp:attachment":[{"href":"https:\/\/www.infokuryr.cz\/n\/wp-json\/wp\/v2\/media?parent=52378"}],"wp:term":[{"taxonomy":"category","embeddable":true,"href":"https:\/\/www.infokuryr.cz\/n\/wp-json\/wp\/v2\/categories?post=52378"},{"taxonomy":"post_tag","embeddable":true,"href":"https:\/\/www.infokuryr.cz\/n\/wp-json\/wp\/v2\/tags?post=52378"}],"curies":[{"name":"wp","href":"https:\/\/api.w.org\/{rel}","templated":true}]}}