{"id":52375,"date":"2024-04-25T00:39:05","date_gmt":"2024-04-24T22:39:05","guid":{"rendered":"https:\/\/www.infokuryr.cz\/n\/?p=52375"},"modified":"2024-04-24T18:00:18","modified_gmt":"2024-04-24T16:00:18","slug":"jindrich-rajchl-o-migracnim-paktu","status":"publish","type":"post","link":"https:\/\/www.infokuryr.cz\/n\/2024\/04\/25\/jindrich-rajchl-o-migracnim-paktu\/","title":{"rendered":"Jind\u0159ich Rajchl o migra\u010dn\u00edm paktu"},"content":{"rendered":"<div id=\"fb-root\"><\/div>\n<p><span style=\"font-size: 14pt; color: #993366;\"><strong>Video, kter\u00e9 jednoduchou formou v\u00e1m objasn\u00ed o co jde v migra\u010dn\u00edm paktu a co n\u00e1m fialov\u00fd vlastizr\u00e1dci taj\u00ed. D\u00edky p\u0159edsedovi strany PRO Jind\u0159ichovi Rajchlovi to pochop\u00edte velice rychle.<\/strong><\/span><\/p>\n<div style=\"width: 576px;\" class=\"wp-video\"><!--[if lt IE 9]><script>document.createElement('video');<\/script><![endif]-->\n<video class=\"wp-video-shortcode\" id=\"video-52375-1\" width=\"576\" height=\"1024\" preload=\"metadata\" controls=\"controls\"><source type=\"video\/mp4\" src=\"http:\/\/www.infokuryr.cz\/n\/wp-content\/uploads\/2024\/04\/rajchl-rakusan.mp4?_=1\" \/><a href=\"http:\/\/www.infokuryr.cz\/n\/wp-content\/uploads\/2024\/04\/rajchl-rakusan.mp4\">http:\/\/www.infokuryr.cz\/n\/wp-content\/uploads\/2024\/04\/rajchl-rakusan.mp4<\/a><\/video><\/div>\n<p><a href=\"https:\/\/stranapro.cz\/\"><img decoding=\"async\" loading=\"lazy\" class=\"wp-image-40286 aligncenter\" src=\"http:\/\/www.infokuryr.cz\/n\/wp-content\/uploads\/2023\/11\/12pro-300x87.png\" alt=\"\" width=\"966\" height=\"280\" srcset=\"https:\/\/www.infokuryr.cz\/n\/wp-content\/uploads\/2023\/11\/12pro-300x87.png 300w, https:\/\/www.infokuryr.cz\/n\/wp-content\/uploads\/2023\/11\/12pro.png 366w\" sizes=\"(max-width: 966px) 100vw, 966px\" \/><\/a><\/p>\n<p>&nbsp;<\/p>\n<p>&nbsp;<\/p>\n","protected":false},"excerpt":{"rendered":"<p>Video, kter\u00e9 jednoduchou formou v\u00e1m objasn\u00ed o co jde v migra\u010dn\u00edm paktu a co n\u00e1m&#8230;<\/p>\n","protected":false},"author":2,"featured_media":18584,"comment_status":"closed","ping_status":"closed","sticky":false,"template":"","format":"standard","meta":[],"categories":[6],"tags":[2992,6306,2663,889],"_links":{"self":[{"href":"https:\/\/www.infokuryr.cz\/n\/wp-json\/wp\/v2\/posts\/52375"}],"collection":[{"href":"https:\/\/www.infokuryr.cz\/n\/wp-json\/wp\/v2\/posts"}],"about":[{"href":"https:\/\/www.infokuryr.cz\/n\/wp-json\/wp\/v2\/types\/post"}],"author":[{"embeddable":true,"href":"https:\/\/www.infokuryr.cz\/n\/wp-json\/wp\/v2\/users\/2"}],"replies":[{"embeddable":true,"href":"https:\/\/www.infokuryr.cz\/n\/wp-json\/wp\/v2\/comments?post=52375"}],"version-history":[{"count":1,"href":"https:\/\/www.infokuryr.cz\/n\/wp-json\/wp\/v2\/posts\/52375\/revisions"}],"predecessor-version":[{"id":52377,"href":"https:\/\/www.infokuryr.cz\/n\/wp-json\/wp\/v2\/posts\/52375\/revisions\/52377"}],"wp:featuredmedia":[{"embeddable":true,"href":"https:\/\/www.infokuryr.cz\/n\/wp-json\/wp\/v2\/media\/18584"}],"wp:attachment":[{"href":"https:\/\/www.infokuryr.cz\/n\/wp-json\/wp\/v2\/media?parent=52375"}],"wp:term":[{"taxonomy":"category","embeddable":true,"href":"https:\/\/www.infokuryr.cz\/n\/wp-json\/wp\/v2\/categories?post=52375"},{"taxonomy":"post_tag","embeddable":true,"href":"https:\/\/www.infokuryr.cz\/n\/wp-json\/wp\/v2\/tags?post=52375"}],"curies":[{"name":"wp","href":"https:\/\/api.w.org\/{rel}","templated":true}]}}